{"id":698,"date":"2019-09-10T14:53:15","date_gmt":"2019-09-10T13:53:15","guid":{"rendered":"http:\/\/vsf64.fr\/?p=698"},"modified":"2019-09-22T14:59:33","modified_gmt":"2019-09-22T13:59:33","slug":"faites-vous-du-bien-avec-la-reflexologie","status":"publish","type":"post","link":"https:\/\/vsf64.fr\/index.php\/2019\/09\/10\/faites-vous-du-bien-avec-la-reflexologie\/","title":{"rendered":"Faites (vous) du bien avec la r\u00e9flexologie"},"content":{"rendered":"<p>Sofia, r\u00e9flexologue professionnelle et membre de Villages Sans Fronti\u00e8res, propose des s\u00e9ances \u00e0 prix r\u00e9duit durant la semaine prochaine. Elle a choisit de faire b\u00e9n\u00e9ficier VSF du b\u00e9n\u00e9fices de ces s\u00e9ances. N&rsquo;h\u00e9sitez pas \u00e0 la contacter pour prendre un rendez-vous.<\/p>\n<p><a href=\"https:\/\/i0.wp.com\/vsf64.fr\/wp-content\/uploads\/2019\/09\/affiche-semaine-mondiale-2019-FFR-1-Copier.jpg\" data-rel=\"lightbox-image-0\" data-rl_title=\"\" data-rl_caption=\"\" title=\"\"><img data-recalc-dims=\"1\" fetchpriority=\"high\" decoding=\"async\" data-attachment-id=\"699\" data-permalink=\"https:\/\/vsf64.fr\/index.php\/2019\/09\/10\/faites-vous-du-bien-avec-la-reflexologie\/affiche-semaine-mondiale-2019-ffr-1-copier\/\" data-orig-file=\"https:\/\/i0.wp.com\/vsf64.fr\/wp-content\/uploads\/2019\/09\/affiche-semaine-mondiale-2019-FFR-1-Copier.jpg?fit=849%2C1200&amp;ssl=1\" data-orig-size=\"849,1200\" data-comments-opened=\"0\" data-image-meta=\"{&quot;aperture&quot;:&quot;0&quot;,&quot;credit&quot;:&quot;&quot;,&quot;camera&quot;:&quot;&quot;,&quot;caption&quot;:&quot;&quot;,&quot;created_timestamp&quot;:&quot;0&quot;,&quot;copyright&quot;:&quot;&quot;,&quot;focal_length&quot;:&quot;0&quot;,&quot;iso&quot;:&quot;0&quot;,&quot;shutter_speed&quot;:&quot;0&quot;,&quot;title&quot;:&quot;&quot;,&quot;orientation&quot;:&quot;1&quot;}\" data-image-title=\"affiche-semaine-mondiale-2019-FFR (1) (Copier)\" data-image-description=\"\" data-image-caption=\"\" data-large-file=\"https:\/\/i0.wp.com\/vsf64.fr\/wp-content\/uploads\/2019\/09\/affiche-semaine-mondiale-2019-FFR-1-Copier.jpg?fit=640%2C905&amp;ssl=1\" class=\"aligncenter size-full wp-image-699\" src=\"https:\/\/i0.wp.com\/vsf64.fr\/wp-content\/uploads\/2019\/09\/affiche-semaine-mondiale-2019-FFR-1-Copier.jpg?resize=640%2C905\" alt=\"Semaine mondiale r\u00e9flexologie 2019\" width=\"640\" height=\"905\" srcset=\"https:\/\/i0.wp.com\/vsf64.fr\/wp-content\/uploads\/2019\/09\/affiche-semaine-mondiale-2019-FFR-1-Copier.jpg?w=849&amp;ssl=1 849w, https:\/\/i0.wp.com\/vsf64.fr\/wp-content\/uploads\/2019\/09\/affiche-semaine-mondiale-2019-FFR-1-Copier.jpg?resize=212%2C300&amp;ssl=1 212w, https:\/\/i0.wp.com\/vsf64.fr\/wp-content\/uploads\/2019\/09\/affiche-semaine-mondiale-2019-FFR-1-Copier.jpg?resize=768%2C1086&amp;ssl=1 768w, https:\/\/i0.wp.com\/vsf64.fr\/wp-content\/uploads\/2019\/09\/affiche-semaine-mondiale-2019-FFR-1-Copier.jpg?resize=724%2C1024&amp;ssl=1 724w\" sizes=\"(max-width: 640px) 100vw, 640px\" \/><\/a><\/p>\n","protected":false},"excerpt":{"rendered":"<p>Sofia, r\u00e9flexologue professionnelle et membre de Villages Sans Fronti\u00e8res, propose des s\u00e9ances \u00e0 prix r\u00e9duit durant la semaine prochaine. Elle a choisit de faire b\u00e9n\u00e9ficier VSF du b\u00e9n\u00e9fices de ces s\u00e9ances. N&rsquo;h\u00e9sitez pas \u00e0 la contacter pour prendre un rendez-vous.<\/p>\n","protected":false},"author":1,"featured_media":0,"comment_status":"open","ping_status":"open","sticky":false,"template":"","format":"standard","meta":{"jetpack_post_was_ever_published":false,"_jetpack_newsletter_access":"","_jetpack_dont_email_post_to_subs":false,"_jetpack_newsletter_tier_id":0,"_jetpack_memberships_contains_paywalled_content":false,"_jetpack_memberships_contains_paid_content":false,"footnotes":"","jetpack_publicize_message":"","jetpack_publicize_feature_enabled":true,"jetpack_social_post_already_shared":true,"jetpack_social_options":{"image_generator_settings":{"template":"highway","default_image_id":0,"font":"","enabled":false},"version":2}},"categories":[6],"tags":[],"class_list":["post-698","post","type-post","status-publish","format-standard","hentry","category-actions"],"jetpack_publicize_connections":[],"jetpack_featured_media_url":"","jetpack_sharing_enabled":true,"jetpack_shortlink":"https:\/\/wp.me\/p8Gxst-bg","jetpack-related-posts":[{"id":583,"url":"https:\/\/vsf64.fr\/index.php\/2018\/09\/14\/reflexologie-et-solidarite\/","url_meta":{"origin":698,"position":0},"title":"R\u00e9flexologie et solidarit\u00e9","author":"maria64","date":"14 septembre 2018","format":false,"excerpt":"Sofia, r\u00e9flexologue professionnelle et membre de VSF, propose des s\u00e9ances de bien-\u00eatre et de soins gr\u00e2ce \u00e0 la r\u00e9flexologie. Prix exceptionnel pour d\u00e9couvrir les bienfaits de cette technique.","rel":"","context":"Dans &quot;Actions&quot;","block_context":{"text":"Actions","link":"https:\/\/vsf64.fr\/index.php\/category\/actions\/"},"img":{"alt_text":"Semaine mondiale r\u00e9flexologie 2018","src":"https:\/\/i0.wp.com\/vsf64.fr\/wp-content\/uploads\/2018\/09\/FB_IMG_1536606186261.jpg?resize=350%2C200","width":350,"height":200,"srcset":"https:\/\/i0.wp.com\/vsf64.fr\/wp-content\/uploads\/2018\/09\/FB_IMG_1536606186261.jpg?resize=350%2C200 1x, https:\/\/i0.wp.com\/vsf64.fr\/wp-content\/uploads\/2018\/09\/FB_IMG_1536606186261.jpg?resize=525%2C300 1.5x, https:\/\/i0.wp.com\/vsf64.fr\/wp-content\/uploads\/2018\/09\/FB_IMG_1536606186261.jpg?resize=700%2C400 2x"},"classes":[]},{"id":495,"url":"https:\/\/vsf64.fr\/index.php\/2018\/01\/16\/prochaine-mission\/","url_meta":{"origin":698,"position":1},"title":"Prochaine mission","author":"maria64","date":"16 janvier 2018","format":false,"excerpt":"2018 Il est encore temps de vous souhaiter une ann\u00e9e 2018 belle et lumineuse, riche en amiti\u00e9 et partage, pleine de joie et de paix. Nous commen\u00e7ons par cette information diffus\u00e9e par la BBC\u00a0: trois millions de filles indiennes \u00e2g\u00e9es de 10 \u00e0 14 ans ne seraient pas scolaris\u00e9es. Pour\u2026","rel":"","context":"Dans &quot;bulletin semestriel&quot;","block_context":{"text":"bulletin semestriel","link":"https:\/\/vsf64.fr\/index.php\/category\/bulletin-semestriel\/"},"img":{"alt_text":"Classe de sciences \u00e0 l'\u00e9cole Nai Talim","src":"https:\/\/i0.wp.com\/vsf64.fr\/wp-content\/uploads\/2018\/01\/20170411_102608-1600x1200-1024x576.jpg?resize=350%2C200","width":350,"height":200,"srcset":"https:\/\/i0.wp.com\/vsf64.fr\/wp-content\/uploads\/2018\/01\/20170411_102608-1600x1200-1024x576.jpg?resize=350%2C200 1x, https:\/\/i0.wp.com\/vsf64.fr\/wp-content\/uploads\/2018\/01\/20170411_102608-1600x1200-1024x576.jpg?resize=525%2C300 1.5x"},"classes":[]},{"id":489,"url":"https:\/\/vsf64.fr\/index.php\/2017\/11\/16\/faites-vous-du-bien-en-etant-solidaire\/","url_meta":{"origin":698,"position":2},"title":"Faites vous du bien en \u00e9tant solidaire&#8230;","author":"maria64","date":"16 novembre 2017","format":false,"excerpt":"Apr\u00e8s-midi YOGA Avant la p\u00e9riode des f\u00eates, une nouvelle apr\u00e8s-midi yoga est organis\u00e9e par Eva Pottier, professeure de yoga dipl\u00f4m\u00e9e, au b\u00e9n\u00e9fice de l\u2019Association Villages Sans Fronti\u00e8res. L\u2019atelier, se d\u00e9roulera au Centre Socioculturel d\u2019Orthez samedi 25 novembre de 14 \u00e0 17h et se destine aux d\u00e9butants comme aux confirm\u00e9s. Un\u2026","rel":"","context":"Dans &quot;Actions&quot;","block_context":{"text":"Actions","link":"https:\/\/vsf64.fr\/index.php\/category\/actions\/"},"img":{"alt_text":"Apr\u00e8s-midi Yoga CSC 2017","src":"https:\/\/i1.wp.com\/centre-socioculturel-orthez.fr\/wp-content\/uploads\/2017\/11\/Apr\u00e8s-midi-Yoga-CSC2017-2.jpg?resize=350%2C200","width":350,"height":200,"srcset":"https:\/\/i1.wp.com\/centre-socioculturel-orthez.fr\/wp-content\/uploads\/2017\/11\/Apr\u00e8s-midi-Yoga-CSC2017-2.jpg?resize=350%2C200 1x, https:\/\/i1.wp.com\/centre-socioculturel-orthez.fr\/wp-content\/uploads\/2017\/11\/Apr\u00e8s-midi-Yoga-CSC2017-2.jpg?resize=525%2C300 1.5x, https:\/\/i1.wp.com\/centre-socioculturel-orthez.fr\/wp-content\/uploads\/2017\/11\/Apr\u00e8s-midi-Yoga-CSC2017-2.jpg?resize=700%2C400 2x"},"classes":[]},{"id":1787,"url":"https:\/\/vsf64.fr\/index.php\/2025\/09\/16\/nous-etions-a-la-fete-du-sel\/","url_meta":{"origin":698,"position":3},"title":"Nous \u00e9tions \u00e0 la F\u00eate du Sel !","author":"maria64","date":"16 septembre 2025","format":false,"excerpt":"Une belle ambiance ! (Diaporama de notre stand sous le texte) Ce samedi 13 et dimanche 14 septembre 2025, les membres de Villages Sans Fronti\u00e8res se sont retrouv\u00e9s \u00e0 Salies-de-B\u00e9arn, charmante cit\u00e9 thermale, \u00e0 l\u2019occasion de la traditionnelle F\u00eate du Sel. Dans les ruelles pittoresques du centre-ville, une ambiance chaleureuse\u2026","rel":"","context":"Dans &quot;Actions&quot;","block_context":{"text":"Actions","link":"https:\/\/vsf64.fr\/index.php\/category\/actions\/"},"img":{"alt_text":"","src":"","width":0,"height":0},"classes":[]},{"id":1401,"url":"https:\/\/vsf64.fr\/index.php\/2023\/01\/08\/une-annee-pleine-de-projets\/","url_meta":{"origin":698,"position":4},"title":"Une ann\u00e9e pleine de projets !","author":"maria64","date":"8 janvier 2023","format":false,"excerpt":"Tous nos v\u0153ux pour une belle ann\u00e9e 2023 ! L'ann\u00e9e 2022 s'est termin\u00e9e pour Villages Sans Fronti\u00e8res avec des actions qui ont mobilis\u00e9 ses membres pour un stage de yoga au Centre Socioculturel d'Orthez suivi d'un petit march\u00e9 de No\u00ebl, puis d\u00e9but d\u00e9cembre un march\u00e9 de No\u00ebl \u00e0 Salies-de-B\u00e9arn. En\u2026","rel":"","context":"Dans &quot;Non class\u00e9&quot;","block_context":{"text":"Non class\u00e9","link":"https:\/\/vsf64.fr\/index.php\/category\/non-classe\/"},"img":{"alt_text":"","src":"https:\/\/i0.wp.com\/vsf64.fr\/wp-content\/uploads\/2023\/01\/1673200111411-Copier.png?resize=350%2C200","width":350,"height":200,"srcset":"https:\/\/i0.wp.com\/vsf64.fr\/wp-content\/uploads\/2023\/01\/1673200111411-Copier.png?resize=350%2C200 1x, https:\/\/i0.wp.com\/vsf64.fr\/wp-content\/uploads\/2023\/01\/1673200111411-Copier.png?resize=525%2C300 1.5x"},"classes":[]},{"id":1481,"url":"https:\/\/vsf64.fr\/index.php\/2023\/11\/12\/les-ateliers-creatifs-vsf\/","url_meta":{"origin":698,"position":5},"title":"Les ateliers cr\u00e9atifs VSF","author":"maria64","date":"12 novembre 2023","format":false,"excerpt":"Les petites mains en action Ce samedi 11 novembre, les 11 participants \u00e0 l'atelier VSF (Villages Sans Fronti\u00e8res) \u00e9taient pr\u00e9sents pour pr\u00e9parer diff\u00e9rents articles qui seront propos\u00e9s \u00e0 la vente dans les semaines \u00e0 venir. Les confitures ont \u00e9t\u00e9 \u00e9tiquet\u00e9es et d\u00e9cor\u00e9es. Les jeux en petits galets vernis. Les mini\u2026","rel":"","context":"Dans &quot;Non class\u00e9&quot;","block_context":{"text":"Non class\u00e9","link":"https:\/\/vsf64.fr\/index.php\/category\/non-classe\/"},"img":{"alt_text":"","src":"https:\/\/i0.wp.com\/vsf64.fr\/wp-content\/uploads\/2023\/11\/Apres-midi-Yoga-CSC-2023-all-759x1024.jpg?resize=350%2C200","width":350,"height":200,"srcset":"https:\/\/i0.wp.com\/vsf64.fr\/wp-content\/uploads\/2023\/11\/Apres-midi-Yoga-CSC-2023-all-759x1024.jpg?resize=350%2C200 1x, https:\/\/i0.wp.com\/vsf64.fr\/wp-content\/uploads\/2023\/11\/Apres-midi-Yoga-CSC-2023-all-759x1024.jpg?resize=525%2C300 1.5x"},"classes":[]}],"_links":{"self":[{"href":"https:\/\/vsf64.fr\/index.php\/wp-json\/wp\/v2\/posts\/698","targetHints":{"allow":["GET"]}}],"collection":[{"href":"https:\/\/vsf64.fr\/index.php\/wp-json\/wp\/v2\/posts"}],"about":[{"href":"https:\/\/vsf64.fr\/index.php\/wp-json\/wp\/v2\/types\/post"}],"author":[{"embeddable":true,"href":"https:\/\/vsf64.fr\/index.php\/wp-json\/wp\/v2\/users\/1"}],"replies":[{"embeddable":true,"href":"https:\/\/vsf64.fr\/index.php\/wp-json\/wp\/v2\/comments?post=698"}],"version-history":[{"count":1,"href":"https:\/\/vsf64.fr\/index.php\/wp-json\/wp\/v2\/posts\/698\/revisions"}],"predecessor-version":[{"id":700,"href":"https:\/\/vsf64.fr\/index.php\/wp-json\/wp\/v2\/posts\/698\/revisions\/700"}],"wp:attachment":[{"href":"https:\/\/vsf64.fr\/index.php\/wp-json\/wp\/v2\/media?parent=698"}],"wp:term":[{"taxonomy":"category","embeddable":true,"href":"https:\/\/vsf64.fr\/index.php\/wp-json\/wp\/v2\/categories?post=698"},{"taxonomy":"post_tag","embeddable":true,"href":"https:\/\/vsf64.fr\/index.php\/wp-json\/wp\/v2\/tags?post=698"}],"curies":[{"name":"wp","href":"https:\/\/api.w.org\/{rel}","templated":true}]}}