{"id":678,"date":"2019-09-15T21:14:17","date_gmt":"2019-09-15T20:14:17","guid":{"rendered":"http:\/\/vsf64.fr\/?p=678"},"modified":"2019-09-15T21:14:53","modified_gmt":"2019-09-15T20:14:53","slug":"une-belle-fete-du-sel-les-14-et-15-septembre-2019","status":"publish","type":"post","link":"https:\/\/vsf64.fr\/index.php\/2019\/09\/15\/une-belle-fete-du-sel-les-14-et-15-septembre-2019\/","title":{"rendered":"Une belle F\u00eate du Sel les 14 et 15 septembre 2019"},"content":{"rendered":"<h3 style=\"text-align: center;\"><span style=\"color: #ff6600;\"><strong><span style=\"text-decoration: underline;\">Une r\u00e9ussite<\/span><\/strong><\/span><\/h3>\n<p>De nombreux membres de Villages Sans Fronti\u00e8res se sont mobilis\u00e9s pour organiser cet \u00e9v\u00e8nement festif. D\u00e8s le samedi matin de bonne heure, certains \u00e9taient pr\u00eats \u00e0 monter la tonnelle, installer les tables, \u00e9taler les nappes, pr\u00e9senter les diff\u00e9rentes productions cr\u00e9\u00e9es par les membres de l&rsquo;association. Puis d&rsquo;autres sont arriv\u00e9s pour animer, vendre et m\u00eame tricoter&#8230; Un vrai travail d&rsquo;\u00e9quipe tout au long du week-end !<\/p>\n<p>Quel plaisir d&rsquo;avoir r\u00e9ussi \u00e0 rendre notre stand aussi attractif et accueillant. Nous sommes ravis du r\u00e9sultat, aussi bien dans les \u00e9changes que dans les ventes. Le r\u00e9sultat de ces ventes vont aider \u00e0 scolariser des enfants pauvres en Inde (dans l&rsquo;\u00e9tat du Maharashtra).<\/p>\n<div style=\"width: 640px;\" class=\"wp-video\"><video class=\"wp-video-shortcode\" id=\"video-678-1\" width=\"640\" height=\"359\" preload=\"metadata\" controls=\"controls\"><source type=\"video\/mp4\" src=\"http:\/\/vsf64.fr\/wp-content\/uploads\/2019\/09\/F\u00eate-du-Sel-20191.mp4?_=1\" \/><a href=\"http:\/\/vsf64.fr\/wp-content\/uploads\/2019\/09\/F\u00eate-du-Sel-20191.mp4\">http:\/\/vsf64.fr\/wp-content\/uploads\/2019\/09\/F\u00eate-du-Sel-20191.mp4<\/a><\/video><\/div>\n<p><a href=\"https:\/\/i0.wp.com\/vsf64.fr\/wp-content\/uploads\/2019\/09\/IMG_20190914_093516-640x480.jpg\" data-rel=\"lightbox-image-0\" data-rl_title=\"\" data-rl_caption=\"\" title=\"\"><img data-recalc-dims=\"1\" fetchpriority=\"high\" decoding=\"async\" data-attachment-id=\"682\" data-permalink=\"https:\/\/vsf64.fr\/index.php\/2019\/09\/15\/une-belle-fete-du-sel-les-14-et-15-septembre-2019\/dav-4\/\" data-orig-file=\"https:\/\/i0.wp.com\/vsf64.fr\/wp-content\/uploads\/2019\/09\/IMG_20190914_093516-640x480.jpg?fit=640%2C361&amp;ssl=1\" data-orig-size=\"640,361\" data-comments-opened=\"0\" data-image-meta=\"{&quot;aperture&quot;:&quot;2.2&quot;,&quot;credit&quot;:&quot;&quot;,&quot;camera&quot;:&quot;PRA-LX1&quot;,&quot;caption&quot;:&quot;dav&quot;,&quot;created_timestamp&quot;:&quot;1568453717&quot;,&quot;copyright&quot;:&quot;&quot;,&quot;focal_length&quot;:&quot;3.83&quot;,&quot;iso&quot;:&quot;50&quot;,&quot;shutter_speed&quot;:&quot;0.01&quot;,&quot;title&quot;:&quot;dav&quot;,&quot;orientation&quot;:&quot;0&quot;}\" data-image-title=\"dav\" data-image-description=\"\" data-image-caption=\"&lt;p&gt;dav&lt;\/p&gt;\n\" data-large-file=\"https:\/\/i0.wp.com\/vsf64.fr\/wp-content\/uploads\/2019\/09\/IMG_20190914_093516-640x480.jpg?fit=640%2C361&amp;ssl=1\" class=\"wp-image-682 aligncenter\" src=\"https:\/\/i0.wp.com\/vsf64.fr\/wp-content\/uploads\/2019\/09\/IMG_20190914_093516-640x480.jpg?resize=451%2C254\" alt=\"\" width=\"451\" height=\"254\" srcset=\"https:\/\/i0.wp.com\/vsf64.fr\/wp-content\/uploads\/2019\/09\/IMG_20190914_093516-640x480.jpg?resize=640%2C480&amp;ssl=1 640w, https:\/\/i0.wp.com\/vsf64.fr\/wp-content\/uploads\/2019\/09\/IMG_20190914_093516-640x480.jpg?resize=300%2C169&amp;ssl=1 300w\" sizes=\"(max-width: 451px) 100vw, 451px\" \/><\/a><\/p>\n<p><a href=\"https:\/\/i0.wp.com\/vsf64.fr\/wp-content\/uploads\/2019\/09\/IMG_20190914_102317-640x480.jpg\" data-rel=\"lightbox-image-1\" data-rl_title=\"\" data-rl_caption=\"\" title=\"\"><img data-recalc-dims=\"1\" decoding=\"async\" data-attachment-id=\"683\" data-permalink=\"https:\/\/vsf64.fr\/index.php\/2019\/09\/15\/une-belle-fete-du-sel-les-14-et-15-septembre-2019\/sdr-2\/\" data-orig-file=\"https:\/\/i0.wp.com\/vsf64.fr\/wp-content\/uploads\/2019\/09\/IMG_20190914_102317-640x480.jpg?fit=640%2C361&amp;ssl=1\" data-orig-size=\"640,361\" data-comments-opened=\"0\" data-image-meta=\"{&quot;aperture&quot;:&quot;2.2&quot;,&quot;credit&quot;:&quot;&quot;,&quot;camera&quot;:&quot;PRA-LX1&quot;,&quot;caption&quot;:&quot;sdr&quot;,&quot;created_timestamp&quot;:&quot;1568456599&quot;,&quot;copyright&quot;:&quot;&quot;,&quot;focal_length&quot;:&quot;3.83&quot;,&quot;iso&quot;:&quot;50&quot;,&quot;shutter_speed&quot;:&quot;0.004045&quot;,&quot;title&quot;:&quot;sdr&quot;,&quot;orientation&quot;:&quot;0&quot;}\" data-image-title=\"Stand F\u00eate du Sel 2019\" data-image-description=\"\" data-image-caption=\"&lt;p&gt;Stand F\u00eate du sel 2019&lt;\/p&gt;\n\" data-large-file=\"https:\/\/i0.wp.com\/vsf64.fr\/wp-content\/uploads\/2019\/09\/IMG_20190914_102317-640x480.jpg?fit=640%2C361&amp;ssl=1\" class=\"wp-image-683 aligncenter\" src=\"https:\/\/i0.wp.com\/vsf64.fr\/wp-content\/uploads\/2019\/09\/IMG_20190914_102317-640x480.jpg?resize=449%2C253\" alt=\"\" width=\"449\" height=\"253\" srcset=\"https:\/\/i0.wp.com\/vsf64.fr\/wp-content\/uploads\/2019\/09\/IMG_20190914_102317-640x480.jpg?resize=640%2C480&amp;ssl=1 640w, https:\/\/i0.wp.com\/vsf64.fr\/wp-content\/uploads\/2019\/09\/IMG_20190914_102317-640x480.jpg?resize=300%2C169&amp;ssl=1 300w\" sizes=\"(max-width: 449px) 100vw, 449px\" \/><\/a><\/p>\n<p><a href=\"https:\/\/i0.wp.com\/vsf64.fr\/wp-content\/uploads\/2019\/09\/IMG_20190914_102338-640x480.jpg\" data-rel=\"lightbox-image-2\" data-rl_title=\"\" data-rl_caption=\"\" title=\"\"><img data-recalc-dims=\"1\" decoding=\"async\" data-attachment-id=\"684\" data-permalink=\"https:\/\/vsf64.fr\/index.php\/2019\/09\/15\/une-belle-fete-du-sel-les-14-et-15-septembre-2019\/sdr-3\/\" data-orig-file=\"https:\/\/i0.wp.com\/vsf64.fr\/wp-content\/uploads\/2019\/09\/IMG_20190914_102338-640x480.jpg?fit=640%2C361&amp;ssl=1\" data-orig-size=\"640,361\" data-comments-opened=\"0\" data-image-meta=\"{&quot;aperture&quot;:&quot;2.2&quot;,&quot;credit&quot;:&quot;&quot;,&quot;camera&quot;:&quot;PRA-LX1&quot;,&quot;caption&quot;:&quot;sdr&quot;,&quot;created_timestamp&quot;:&quot;1568456619&quot;,&quot;copyright&quot;:&quot;&quot;,&quot;focal_length&quot;:&quot;3.83&quot;,&quot;iso&quot;:&quot;50&quot;,&quot;shutter_speed&quot;:&quot;0.005885&quot;,&quot;title&quot;:&quot;sdr&quot;,&quot;orientation&quot;:&quot;0&quot;}\" data-image-title=\"sdr\" data-image-description=\"\" data-image-caption=\"&lt;p&gt;sdr&lt;\/p&gt;\n\" data-large-file=\"https:\/\/i0.wp.com\/vsf64.fr\/wp-content\/uploads\/2019\/09\/IMG_20190914_102338-640x480.jpg?fit=640%2C361&amp;ssl=1\" class=\"wp-image-684 aligncenter\" src=\"https:\/\/i0.wp.com\/vsf64.fr\/wp-content\/uploads\/2019\/09\/IMG_20190914_102338-640x480.jpg?resize=449%2C253\" alt=\"\" width=\"449\" height=\"253\" srcset=\"https:\/\/i0.wp.com\/vsf64.fr\/wp-content\/uploads\/2019\/09\/IMG_20190914_102338-640x480.jpg?resize=640%2C480&amp;ssl=1 640w, https:\/\/i0.wp.com\/vsf64.fr\/wp-content\/uploads\/2019\/09\/IMG_20190914_102338-640x480.jpg?resize=300%2C169&amp;ssl=1 300w\" sizes=\"(max-width: 449px) 100vw, 449px\" \/><\/a><\/p>\n<p><a href=\"https:\/\/i0.wp.com\/vsf64.fr\/wp-content\/uploads\/2019\/09\/IMG_20190914_103501-640x480.jpg\" data-rel=\"lightbox-image-3\" data-rl_title=\"\" data-rl_caption=\"\" title=\"\"><img data-recalc-dims=\"1\" loading=\"lazy\" decoding=\"async\" data-attachment-id=\"685\" data-permalink=\"https:\/\/vsf64.fr\/index.php\/2019\/09\/15\/une-belle-fete-du-sel-les-14-et-15-septembre-2019\/sdr-4\/\" data-orig-file=\"https:\/\/i0.wp.com\/vsf64.fr\/wp-content\/uploads\/2019\/09\/IMG_20190914_103501-640x480.jpg?fit=640%2C361&amp;ssl=1\" data-orig-size=\"640,361\" data-comments-opened=\"0\" data-image-meta=\"{&quot;aperture&quot;:&quot;2.2&quot;,&quot;credit&quot;:&quot;&quot;,&quot;camera&quot;:&quot;PRA-LX1&quot;,&quot;caption&quot;:&quot;sdr&quot;,&quot;created_timestamp&quot;:&quot;1568457302&quot;,&quot;copyright&quot;:&quot;&quot;,&quot;focal_length&quot;:&quot;3.83&quot;,&quot;iso&quot;:&quot;50&quot;,&quot;shutter_speed&quot;:&quot;0.004241&quot;,&quot;title&quot;:&quot;sdr&quot;,&quot;orientation&quot;:&quot;0&quot;}\" data-image-title=\"sdr\" data-image-description=\"\" data-image-caption=\"&lt;p&gt;sdr&lt;\/p&gt;\n\" data-large-file=\"https:\/\/i0.wp.com\/vsf64.fr\/wp-content\/uploads\/2019\/09\/IMG_20190914_103501-640x480.jpg?fit=640%2C361&amp;ssl=1\" class=\"wp-image-685 aligncenter\" src=\"https:\/\/i0.wp.com\/vsf64.fr\/wp-content\/uploads\/2019\/09\/IMG_20190914_103501-640x480.jpg?resize=451%2C254\" alt=\"\" width=\"451\" height=\"254\" srcset=\"https:\/\/i0.wp.com\/vsf64.fr\/wp-content\/uploads\/2019\/09\/IMG_20190914_103501-640x480.jpg?resize=640%2C480&amp;ssl=1 640w, https:\/\/i0.wp.com\/vsf64.fr\/wp-content\/uploads\/2019\/09\/IMG_20190914_103501-640x480.jpg?resize=300%2C169&amp;ssl=1 300w\" sizes=\"(max-width: 451px) 100vw, 451px\" \/><\/a><\/p>\n<p><a href=\"https:\/\/i0.wp.com\/vsf64.fr\/wp-content\/uploads\/2019\/09\/IMG_20190914_134327-640x480.jpg\" data-rel=\"lightbox-image-4\" data-rl_title=\"\" data-rl_caption=\"\" title=\"\"><img data-recalc-dims=\"1\" loading=\"lazy\" decoding=\"async\" data-attachment-id=\"686\" data-permalink=\"https:\/\/vsf64.fr\/index.php\/2019\/09\/15\/une-belle-fete-du-sel-les-14-et-15-septembre-2019\/dav-5\/\" data-orig-file=\"https:\/\/i0.wp.com\/vsf64.fr\/wp-content\/uploads\/2019\/09\/IMG_20190914_134327-640x480.jpg?fit=640%2C361&amp;ssl=1\" data-orig-size=\"640,361\" data-comments-opened=\"0\" data-image-meta=\"{&quot;aperture&quot;:&quot;2.2&quot;,&quot;credit&quot;:&quot;&quot;,&quot;camera&quot;:&quot;PRA-LX1&quot;,&quot;caption&quot;:&quot;dav&quot;,&quot;created_timestamp&quot;:&quot;1568468608&quot;,&quot;copyright&quot;:&quot;&quot;,&quot;focal_length&quot;:&quot;3.83&quot;,&quot;iso&quot;:&quot;50&quot;,&quot;shutter_speed&quot;:&quot;0.003625&quot;,&quot;title&quot;:&quot;dav&quot;,&quot;orientation&quot;:&quot;0&quot;}\" data-image-title=\"dav\" data-image-description=\"\" data-image-caption=\"&lt;p&gt;dav&lt;\/p&gt;\n\" data-large-file=\"https:\/\/i0.wp.com\/vsf64.fr\/wp-content\/uploads\/2019\/09\/IMG_20190914_134327-640x480.jpg?fit=640%2C361&amp;ssl=1\" class=\"wp-image-686 aligncenter\" src=\"https:\/\/i0.wp.com\/vsf64.fr\/wp-content\/uploads\/2019\/09\/IMG_20190914_134327-640x480.jpg?resize=453%2C255\" alt=\"\" width=\"453\" height=\"255\" srcset=\"https:\/\/i0.wp.com\/vsf64.fr\/wp-content\/uploads\/2019\/09\/IMG_20190914_134327-640x480.jpg?resize=640%2C480&amp;ssl=1 640w, https:\/\/i0.wp.com\/vsf64.fr\/wp-content\/uploads\/2019\/09\/IMG_20190914_134327-640x480.jpg?resize=300%2C169&amp;ssl=1 300w\" sizes=\"(max-width: 453px) 100vw, 453px\" \/><\/a><\/p>\n<p><a href=\"https:\/\/i0.wp.com\/vsf64.fr\/wp-content\/uploads\/2019\/09\/IMG_20190914_173716-640x480.jpg\" data-rel=\"lightbox-image-5\" data-rl_title=\"\" data-rl_caption=\"\" title=\"\"><img data-recalc-dims=\"1\" loading=\"lazy\" decoding=\"async\" data-attachment-id=\"687\" data-permalink=\"https:\/\/vsf64.fr\/index.php\/2019\/09\/15\/une-belle-fete-du-sel-les-14-et-15-septembre-2019\/sdr-5\/\" data-orig-file=\"https:\/\/i0.wp.com\/vsf64.fr\/wp-content\/uploads\/2019\/09\/IMG_20190914_173716-640x480.jpg?fit=271%2C480&amp;ssl=1\" data-orig-size=\"271,480\" data-comments-opened=\"0\" data-image-meta=\"{&quot;aperture&quot;:&quot;2.2&quot;,&quot;credit&quot;:&quot;&quot;,&quot;camera&quot;:&quot;PRA-LX1&quot;,&quot;caption&quot;:&quot;sdr&quot;,&quot;created_timestamp&quot;:&quot;1568482637&quot;,&quot;copyright&quot;:&quot;&quot;,&quot;focal_length&quot;:&quot;3.83&quot;,&quot;iso&quot;:&quot;50&quot;,&quot;shutter_speed&quot;:&quot;0.01&quot;,&quot;title&quot;:&quot;sdr&quot;,&quot;orientation&quot;:&quot;0&quot;}\" data-image-title=\"sdr\" data-image-description=\"\" data-image-caption=\"&lt;p&gt;sdr&lt;\/p&gt;\n\" data-large-file=\"https:\/\/i0.wp.com\/vsf64.fr\/wp-content\/uploads\/2019\/09\/IMG_20190914_173716-640x480.jpg?fit=271%2C480&amp;ssl=1\" class=\"size-large wp-image-687 alignleft\" src=\"https:\/\/i0.wp.com\/vsf64.fr\/wp-content\/uploads\/2019\/09\/IMG_20190914_173716-640x480.jpg?resize=271%2C480\" alt=\"\" width=\"271\" height=\"480\" srcset=\"https:\/\/i0.wp.com\/vsf64.fr\/wp-content\/uploads\/2019\/09\/IMG_20190914_173716-640x480.jpg?w=271&amp;ssl=1 271w, https:\/\/i0.wp.com\/vsf64.fr\/wp-content\/uploads\/2019\/09\/IMG_20190914_173716-640x480.jpg?resize=169%2C300&amp;ssl=1 169w\" sizes=\"(max-width: 271px) 100vw, 271px\" \/><\/a><a href=\"https:\/\/i0.wp.com\/vsf64.fr\/wp-content\/uploads\/2019\/09\/IMG_20190915_141043-640x480.jpg\" data-rel=\"lightbox-image-6\" data-rl_title=\"\" data-rl_caption=\"\" title=\"\"><img data-recalc-dims=\"1\" loading=\"lazy\" decoding=\"async\" data-attachment-id=\"688\" data-permalink=\"https:\/\/vsf64.fr\/index.php\/2019\/09\/15\/une-belle-fete-du-sel-les-14-et-15-septembre-2019\/dav-6\/\" data-orig-file=\"https:\/\/i0.wp.com\/vsf64.fr\/wp-content\/uploads\/2019\/09\/IMG_20190915_141043-640x480.jpg?fit=271%2C480&amp;ssl=1\" data-orig-size=\"271,480\" data-comments-opened=\"0\" data-image-meta=\"{&quot;aperture&quot;:&quot;2.2&quot;,&quot;credit&quot;:&quot;&quot;,&quot;camera&quot;:&quot;PRA-LX1&quot;,&quot;caption&quot;:&quot;dav&quot;,&quot;created_timestamp&quot;:&quot;1568556643&quot;,&quot;copyright&quot;:&quot;&quot;,&quot;focal_length&quot;:&quot;3.83&quot;,&quot;iso&quot;:&quot;50&quot;,&quot;shutter_speed&quot;:&quot;0.003263&quot;,&quot;title&quot;:&quot;dav&quot;,&quot;orientation&quot;:&quot;0&quot;}\" data-image-title=\"dav\" data-image-description=\"\" data-image-caption=\"&lt;p&gt;dav&lt;\/p&gt;\n\" data-large-file=\"https:\/\/i0.wp.com\/vsf64.fr\/wp-content\/uploads\/2019\/09\/IMG_20190915_141043-640x480.jpg?fit=271%2C480&amp;ssl=1\" class=\"size-full wp-image-688 alignnone\" src=\"https:\/\/i0.wp.com\/vsf64.fr\/wp-content\/uploads\/2019\/09\/IMG_20190915_141043-640x480.jpg?resize=271%2C480\" alt=\"\" width=\"271\" height=\"480\" srcset=\"https:\/\/i0.wp.com\/vsf64.fr\/wp-content\/uploads\/2019\/09\/IMG_20190915_141043-640x480.jpg?w=271&amp;ssl=1 271w, https:\/\/i0.wp.com\/vsf64.fr\/wp-content\/uploads\/2019\/09\/IMG_20190915_141043-640x480.jpg?resize=169%2C300&amp;ssl=1 169w\" sizes=\"(max-width: 271px) 100vw, 271px\" \/><\/a><\/p>\n","protected":false},"excerpt":{"rendered":"<p>Une r\u00e9ussite De nombreux membres de Villages Sans Fronti\u00e8res se sont mobilis\u00e9s pour organiser cet \u00e9v\u00e8nement festif. D\u00e8s le samedi matin de bonne heure, certains \u00e9taient pr\u00eats \u00e0 monter la tonnelle, installer les tables, \u00e9taler les nappes, pr\u00e9senter les diff\u00e9rentes &hellip; <a href=\"https:\/\/vsf64.fr\/index.php\/2019\/09\/15\/une-belle-fete-du-sel-les-14-et-15-septembre-2019\/\">Continuer la lecture <span class=\"meta-nav\">&rarr;<\/span><\/a><\/p>\n","protected":false},"author":1,"featured_media":683,"comment_status":"open","ping_status":"open","sticky":false,"template":"","format":"standard","meta":{"jetpack_post_was_ever_published":false,"_jetpack_newsletter_access":"","_jetpack_dont_email_post_to_subs":false,"_jetpack_newsletter_tier_id":0,"_jetpack_memberships_contains_paywalled_content":false,"_jetpack_memberships_contains_paid_content":false,"footnotes":"","jetpack_publicize_message":"","jetpack_publicize_feature_enabled":true,"jetpack_social_post_already_shared":true,"jetpack_social_options":{"image_generator_settings":{"template":"highway","default_image_id":0,"font":"","enabled":false},"version":2}},"categories":[6,4],"tags":[45,44],"class_list":["post-678","post","type-post","status-publish","format-standard","has-post-thumbnail","hentry","category-actions","category-manifestation","tag-45","tag-fete-du-sel"],"jetpack_publicize_connections":[],"jetpack_featured_media_url":"https:\/\/i0.wp.com\/vsf64.fr\/wp-content\/uploads\/2019\/09\/IMG_20190914_102317-640x480.jpg?fit=640%2C361&ssl=1","jetpack_sharing_enabled":true,"jetpack_shortlink":"https:\/\/wp.me\/p8Gxst-aW","jetpack-related-posts":[{"id":1787,"url":"https:\/\/vsf64.fr\/index.php\/2025\/09\/16\/nous-etions-a-la-fete-du-sel\/","url_meta":{"origin":678,"position":0},"title":"Nous \u00e9tions \u00e0 la F\u00eate du Sel !","author":"maria64","date":"16 septembre 2025","format":false,"excerpt":"Une belle ambiance ! (Diaporama de notre stand sous le texte) Ce samedi 13 et dimanche 14 septembre 2025, les membres de Villages Sans Fronti\u00e8res se sont retrouv\u00e9s \u00e0 Salies-de-B\u00e9arn, charmante cit\u00e9 thermale, \u00e0 l\u2019occasion de la traditionnelle F\u00eate du Sel. Dans les ruelles pittoresques du centre-ville, une ambiance chaleureuse\u2026","rel":"","context":"Dans &quot;Actions&quot;","block_context":{"text":"Actions","link":"https:\/\/vsf64.fr\/index.php\/category\/actions\/"},"img":{"alt_text":"","src":"","width":0,"height":0},"classes":[]},{"id":1458,"url":"https:\/\/vsf64.fr\/index.php\/2023\/09\/17\/la-fete-du-sel\/","url_meta":{"origin":678,"position":1},"title":"La f\u00eate du Sel","author":"maria64","date":"17 septembre 2023","format":false,"excerpt":"\u00a0 \u00a0Une nouvelle action men\u00e9e \u00e0 bien Les 9 et 10 septembre 2023, la F\u00eate du Sel \u00e0 Salies de B\u00e9arn nous a permis de tenir un stand, anim\u00e9 par les membres de l'association. De bon matin, la toute nouvelle tonnelle (barnum) de l'association a \u00e9t\u00e9 inaugur\u00e9e et mont\u00e9e par\u2026","rel":"","context":"Dans &quot;Non class\u00e9&quot;","block_context":{"text":"Non class\u00e9","link":"https:\/\/vsf64.fr\/index.php\/category\/non-classe\/"},"img":{"alt_text":"","src":"https:\/\/i0.wp.com\/vsf64.fr\/wp-content\/uploads\/2023\/09\/IMG_20230910_160921-Copier.jpg?resize=350%2C200&ssl=1","width":350,"height":200,"srcset":"https:\/\/i0.wp.com\/vsf64.fr\/wp-content\/uploads\/2023\/09\/IMG_20230910_160921-Copier.jpg?resize=350%2C200&ssl=1 1x, https:\/\/i0.wp.com\/vsf64.fr\/wp-content\/uploads\/2023\/09\/IMG_20230910_160921-Copier.jpg?resize=525%2C300&ssl=1 1.5x, https:\/\/i0.wp.com\/vsf64.fr\/wp-content\/uploads\/2023\/09\/IMG_20230910_160921-Copier.jpg?resize=700%2C400&ssl=1 2x"},"classes":[]},{"id":673,"url":"https:\/\/vsf64.fr\/index.php\/2019\/09\/08\/preparation-de-la-fete-du-sel-des-14-et-15-septembre-2019\/","url_meta":{"origin":678,"position":2},"title":"Pr\u00e9paration de la F\u00eate du Sel des 14 et 15 septembre 2019","author":"maria64","date":"8 septembre 2019","format":false,"excerpt":"Apr\u00e8s deux ateliers cr\u00e9atifs qui ont r\u00e9uni une partie des membres de l'association, nous nous pr\u00e9parons maintenant pour la F\u00eate du Sel qui aura lieu le week-end prochain \u00e0 Salies-de-B\u00e9arn. Nous y tiendrons un stand (comme l'ann\u00e9e derni\u00e8re) pour y vendre les diff\u00e9rentes fabrications \"fait main\" ou \"fait maison\" (confitures,\u2026","rel":"","context":"Dans &quot;Non class\u00e9&quot;","block_context":{"text":"Non class\u00e9","link":"https:\/\/vsf64.fr\/index.php\/category\/non-classe\/"},"img":{"alt_text":"","src":"https:\/\/i0.wp.com\/vsf64.fr\/wp-content\/uploads\/2019\/09\/R%C3%A9publique-septembre-2019-1024x668.jpg?resize=350%2C200","width":350,"height":200,"srcset":"https:\/\/i0.wp.com\/vsf64.fr\/wp-content\/uploads\/2019\/09\/R%C3%A9publique-septembre-2019-1024x668.jpg?resize=350%2C200 1x, https:\/\/i0.wp.com\/vsf64.fr\/wp-content\/uploads\/2019\/09\/R%C3%A9publique-septembre-2019-1024x668.jpg?resize=525%2C300 1.5x"},"classes":[]},{"id":1679,"url":"https:\/\/vsf64.fr\/index.php\/2024\/09\/19\/bilan-de-la-participation-a-la-fete-du-sel\/","url_meta":{"origin":678,"position":3},"title":"Bilan de la participation \u00e0 la F\u00eate du Sel","author":"maria64","date":"19 septembre 2024","format":false,"excerpt":"Un grand succ\u00e8s ! Cette ann\u00e9e encore, notre association a particip\u00e9 \u00e0 la traditionnelle F\u00eate du Sel de Salies-de-B\u00e9arn (organis\u00e9e par la Jurade du Sel), et notre stand a \u00e9t\u00e9 anim\u00e9 par une belle \u00e9quipe de b\u00e9n\u00e9voles motiv\u00e9s. Leur \u00e9nergie communicative et leurs sourires ont permis d'accueillir de nombreux clients\u2026","rel":"","context":"Dans &quot;Actions&quot;","block_context":{"text":"Actions","link":"https:\/\/vsf64.fr\/index.php\/category\/actions\/"},"img":{"alt_text":"","src":"https:\/\/i0.wp.com\/vsf64.fr\/wp-content\/uploads\/2024\/09\/Fete-du-Sel-2024-2.jpg?fit=800%2C599&ssl=1&resize=350%2C200","width":350,"height":200,"srcset":"https:\/\/i0.wp.com\/vsf64.fr\/wp-content\/uploads\/2024\/09\/Fete-du-Sel-2024-2.jpg?fit=800%2C599&ssl=1&resize=350%2C200 1x, https:\/\/i0.wp.com\/vsf64.fr\/wp-content\/uploads\/2024\/09\/Fete-du-Sel-2024-2.jpg?fit=800%2C599&ssl=1&resize=525%2C300 1.5x, https:\/\/i0.wp.com\/vsf64.fr\/wp-content\/uploads\/2024\/09\/Fete-du-Sel-2024-2.jpg?fit=800%2C599&ssl=1&resize=700%2C400 2x"},"classes":[]},{"id":576,"url":"https:\/\/vsf64.fr\/index.php\/2018\/09\/15\/manifestation-reussie\/","url_meta":{"origin":678,"position":4},"title":"Manifestation r\u00e9ussie !","author":"maria64","date":"15 septembre 2018","format":false,"excerpt":"Le week-end du 8 et 9 septembre 2018 une partie des membres de \"Villages Sans Fronti\u00e8res\" s'\u00e9tait mobilis\u00e9e pour tenir le stand durant la F\u00eate du Sel de Salies-de-B\u00e9arn. Nous proposions \u00e0 la vente des Soli'Sacs, des bijoux cr\u00e9\u00e9s ou recycl\u00e9s, des biscuits et g\u00e2teaux, des stylos rigolos (fabriqu\u00e9s en\u2026","rel":"","context":"Dans &quot;Actions&quot;","block_context":{"text":"Actions","link":"https:\/\/vsf64.fr\/index.php\/category\/actions\/"},"img":{"alt_text":"Stand VSF F\u00eate du Sel 2018","src":"https:\/\/i0.wp.com\/vsf64.fr\/wp-content\/uploads\/2018\/09\/FETE-DU-SEL-2018.jpg?fit=1200%2C899&ssl=1&resize=350%2C200","width":350,"height":200,"srcset":"https:\/\/i0.wp.com\/vsf64.fr\/wp-content\/uploads\/2018\/09\/FETE-DU-SEL-2018.jpg?fit=1200%2C899&ssl=1&resize=350%2C200 1x, https:\/\/i0.wp.com\/vsf64.fr\/wp-content\/uploads\/2018\/09\/FETE-DU-SEL-2018.jpg?fit=1200%2C899&ssl=1&resize=525%2C300 1.5x, https:\/\/i0.wp.com\/vsf64.fr\/wp-content\/uploads\/2018\/09\/FETE-DU-SEL-2018.jpg?fit=1200%2C899&ssl=1&resize=700%2C400 2x, https:\/\/i0.wp.com\/vsf64.fr\/wp-content\/uploads\/2018\/09\/FETE-DU-SEL-2018.jpg?fit=1200%2C899&ssl=1&resize=1050%2C600 3x"},"classes":[]},{"id":558,"url":"https:\/\/vsf64.fr\/index.php\/2018\/08\/14\/prochain-atelier\/","url_meta":{"origin":678,"position":5},"title":"Prochain atelier","author":"maria64","date":"14 ao\u00fbt 2018","format":false,"excerpt":"Nouvelle rencontre des membres de VSF C'est samedi prochain 18 ao\u00fbt 2018 que se tiendra l'atelier de pr\u00e9paration (de 14 h \u00e0 17 h ou 18 h) au si\u00e8ge social (16 quartier Lasbordes \u00e0 Salies-de-B\u00e9arn) pour la F\u00eate du Sel A cette occasion plusieurs activit\u00e9s sont pr\u00e9vues : un atelier\u2026","rel":"","context":"Dans &quot;Ateliers&quot;","block_context":{"text":"Ateliers","link":"https:\/\/vsf64.fr\/index.php\/category\/ateliers\/"},"img":{"alt_text":"","src":"https:\/\/i0.wp.com\/vsf64.fr\/wp-content\/uploads\/2018\/08\/P1120207-Copier.jpg?fit=1200%2C900&ssl=1&resize=350%2C200","width":350,"height":200,"srcset":"https:\/\/i0.wp.com\/vsf64.fr\/wp-content\/uploads\/2018\/08\/P1120207-Copier.jpg?fit=1200%2C900&ssl=1&resize=350%2C200 1x, https:\/\/i0.wp.com\/vsf64.fr\/wp-content\/uploads\/2018\/08\/P1120207-Copier.jpg?fit=1200%2C900&ssl=1&resize=525%2C300 1.5x, https:\/\/i0.wp.com\/vsf64.fr\/wp-content\/uploads\/2018\/08\/P1120207-Copier.jpg?fit=1200%2C900&ssl=1&resize=700%2C400 2x, https:\/\/i0.wp.com\/vsf64.fr\/wp-content\/uploads\/2018\/08\/P1120207-Copier.jpg?fit=1200%2C900&ssl=1&resize=1050%2C600 3x"},"classes":[]}],"_links":{"self":[{"href":"https:\/\/vsf64.fr\/index.php\/wp-json\/wp\/v2\/posts\/678","targetHints":{"allow":["GET"]}}],"collection":[{"href":"https:\/\/vsf64.fr\/index.php\/wp-json\/wp\/v2\/posts"}],"about":[{"href":"https:\/\/vsf64.fr\/index.php\/wp-json\/wp\/v2\/types\/post"}],"author":[{"embeddable":true,"href":"https:\/\/vsf64.fr\/index.php\/wp-json\/wp\/v2\/users\/1"}],"replies":[{"embeddable":true,"href":"https:\/\/vsf64.fr\/index.php\/wp-json\/wp\/v2\/comments?post=678"}],"version-history":[{"count":6,"href":"https:\/\/vsf64.fr\/index.php\/wp-json\/wp\/v2\/posts\/678\/revisions"}],"predecessor-version":[{"id":695,"href":"https:\/\/vsf64.fr\/index.php\/wp-json\/wp\/v2\/posts\/678\/revisions\/695"}],"wp:featuredmedia":[{"embeddable":true,"href":"https:\/\/vsf64.fr\/index.php\/wp-json\/wp\/v2\/media\/683"}],"wp:attachment":[{"href":"https:\/\/vsf64.fr\/index.php\/wp-json\/wp\/v2\/media?parent=678"}],"wp:term":[{"taxonomy":"category","embeddable":true,"href":"https:\/\/vsf64.fr\/index.php\/wp-json\/wp\/v2\/categories?post=678"},{"taxonomy":"post_tag","embeddable":true,"href":"https:\/\/vsf64.fr\/index.php\/wp-json\/wp\/v2\/tags?post=678"}],"curies":[{"name":"wp","href":"https:\/\/api.w.org\/{rel}","templated":true}]}}