{"id":646,"date":"2019-04-01T21:49:36","date_gmt":"2019-04-01T20:49:36","guid":{"rendered":"http:\/\/vsf64.fr\/?p=646"},"modified":"2019-04-01T21:49:36","modified_gmt":"2019-04-01T20:49:36","slug":"lassemblee-generale-a-eu-lieu","status":"publish","type":"post","link":"https:\/\/vsf64.fr\/index.php\/2019\/04\/01\/lassemblee-generale-a-eu-lieu\/","title":{"rendered":"L&rsquo;Assembl\u00e9e G\u00e9n\u00e9rale a eu lieu"},"content":{"rendered":"<p>Merci \u00e0 notre correspondant pr\u00e9f\u00e9r\u00e9 d&rsquo;avoir si bien r\u00e9sum\u00e9 le contenu de l&rsquo;Assembl\u00e9e G\u00e9n\u00e9rale de Villages Sans Fronti\u00e8res dans \u00ab\u00a0La R\u00e9publique des Pyr\u00e9n\u00e9es\u00a0\u00bb.<\/p>\n<p><a href=\"https:\/\/i0.wp.com\/vsf64.fr\/wp-content\/uploads\/2019\/03\/001-Copier.jpg\" data-rel=\"lightbox-image-0\" data-rl_title=\"\" data-rl_caption=\"\" title=\"\"><img data-recalc-dims=\"1\" fetchpriority=\"high\" decoding=\"async\" data-attachment-id=\"648\" data-permalink=\"https:\/\/vsf64.fr\/index.php\/2019\/04\/01\/lassemblee-generale-a-eu-lieu\/001-copier\/\" data-orig-file=\"https:\/\/i0.wp.com\/vsf64.fr\/wp-content\/uploads\/2019\/03\/001-Copier.jpg?fit=802%2C1200&amp;ssl=1\" data-orig-size=\"802,1200\" data-comments-opened=\"0\" data-image-meta=\"{&quot;aperture&quot;:&quot;0&quot;,&quot;credit&quot;:&quot;&quot;,&quot;camera&quot;:&quot;&quot;,&quot;caption&quot;:&quot;&quot;,&quot;created_timestamp&quot;:&quot;0&quot;,&quot;copyright&quot;:&quot;&quot;,&quot;focal_length&quot;:&quot;0&quot;,&quot;iso&quot;:&quot;0&quot;,&quot;shutter_speed&quot;:&quot;0&quot;,&quot;title&quot;:&quot;&quot;,&quot;orientation&quot;:&quot;0&quot;}\" data-image-title=\"La R\u00e9publique 2019\" data-image-description=\"\" data-image-caption=\"\" data-large-file=\"https:\/\/i0.wp.com\/vsf64.fr\/wp-content\/uploads\/2019\/03\/001-Copier.jpg?fit=640%2C958&amp;ssl=1\" class=\"aligncenter size-large wp-image-648\" src=\"https:\/\/i0.wp.com\/vsf64.fr\/wp-content\/uploads\/2019\/03\/001-Copier-684x1024.jpg?resize=640%2C958\" alt=\"\" width=\"640\" height=\"958\" srcset=\"https:\/\/i0.wp.com\/vsf64.fr\/wp-content\/uploads\/2019\/03\/001-Copier.jpg?resize=684%2C1024&amp;ssl=1 684w, https:\/\/i0.wp.com\/vsf64.fr\/wp-content\/uploads\/2019\/03\/001-Copier.jpg?resize=201%2C300&amp;ssl=1 201w, https:\/\/i0.wp.com\/vsf64.fr\/wp-content\/uploads\/2019\/03\/001-Copier.jpg?resize=768%2C1149&amp;ssl=1 768w, https:\/\/i0.wp.com\/vsf64.fr\/wp-content\/uploads\/2019\/03\/001-Copier.jpg?w=802&amp;ssl=1 802w\" sizes=\"(max-width: 640px) 100vw, 640px\" \/><\/a><a href=\"https:\/\/i0.wp.com\/vsf64.fr\/wp-content\/uploads\/2019\/03\/23-mars-2019-Copier.jpg\" data-rel=\"lightbox-image-1\" data-rl_title=\"\" data-rl_caption=\"\" title=\"\"><img data-recalc-dims=\"1\" decoding=\"async\" data-attachment-id=\"649\" data-permalink=\"https:\/\/vsf64.fr\/index.php\/2019\/04\/01\/lassemblee-generale-a-eu-lieu\/23-mars-2019-copier\/\" data-orig-file=\"https:\/\/i0.wp.com\/vsf64.fr\/wp-content\/uploads\/2019\/03\/23-mars-2019-Copier.jpg?fit=1600%2C1131&amp;ssl=1\" data-orig-size=\"1600,1131\" data-comments-opened=\"0\" data-image-meta=\"{&quot;aperture&quot;:&quot;2.8&quot;,&quot;credit&quot;:&quot;&quot;,&quot;camera&quot;:&quot;DMC-FZ200&quot;,&quot;caption&quot;:&quot;&quot;,&quot;created_timestamp&quot;:&quot;1553381986&quot;,&quot;copyright&quot;:&quot;&quot;,&quot;focal_length&quot;:&quot;4.5&quot;,&quot;iso&quot;:&quot;100&quot;,&quot;shutter_speed&quot;:&quot;0.00625&quot;,&quot;title&quot;:&quot;&quot;,&quot;orientation&quot;:&quot;1&quot;}\" data-image-title=\"23 mars 2019 (Copier)\" data-image-description=\"\" data-image-caption=\"&lt;p&gt;Une bonne \u00e9quipe rassembl\u00e9e pour l&amp;rsquo;Assembl\u00e9e G\u00e9n\u00e9rale 2019&lt;\/p&gt;\n\" data-large-file=\"https:\/\/i0.wp.com\/vsf64.fr\/wp-content\/uploads\/2019\/03\/23-mars-2019-Copier.jpg?fit=640%2C453&amp;ssl=1\" class=\"aligncenter size-large wp-image-649\" src=\"https:\/\/i0.wp.com\/vsf64.fr\/wp-content\/uploads\/2019\/03\/23-mars-2019-Copier-1024x724.jpg?resize=640%2C453\" alt=\"\" width=\"640\" height=\"453\" srcset=\"https:\/\/i0.wp.com\/vsf64.fr\/wp-content\/uploads\/2019\/03\/23-mars-2019-Copier.jpg?resize=1024%2C724&amp;ssl=1 1024w, https:\/\/i0.wp.com\/vsf64.fr\/wp-content\/uploads\/2019\/03\/23-mars-2019-Copier.jpg?resize=300%2C212&amp;ssl=1 300w, https:\/\/i0.wp.com\/vsf64.fr\/wp-content\/uploads\/2019\/03\/23-mars-2019-Copier.jpg?resize=768%2C543&amp;ssl=1 768w, https:\/\/i0.wp.com\/vsf64.fr\/wp-content\/uploads\/2019\/03\/23-mars-2019-Copier.jpg?w=1600&amp;ssl=1 1600w, https:\/\/i0.wp.com\/vsf64.fr\/wp-content\/uploads\/2019\/03\/23-mars-2019-Copier.jpg?w=1280&amp;ssl=1 1280w\" sizes=\"(max-width: 640px) 100vw, 640px\" \/><\/a><\/p>\n","protected":false},"excerpt":{"rendered":"<p>Merci \u00e0 notre correspondant pr\u00e9f\u00e9r\u00e9 d&rsquo;avoir si bien r\u00e9sum\u00e9 le contenu de l&rsquo;Assembl\u00e9e G\u00e9n\u00e9rale de Villages Sans Fronti\u00e8res dans \u00ab\u00a0La R\u00e9publique des Pyr\u00e9n\u00e9es\u00a0\u00bb.<\/p>\n","protected":false},"author":1,"featured_media":0,"comment_status":"open","ping_status":"open","sticky":false,"template":"","format":"standard","meta":{"jetpack_post_was_ever_published":false,"_jetpack_newsletter_access":"","_jetpack_dont_email_post_to_subs":false,"_jetpack_newsletter_tier_id":0,"_jetpack_memberships_contains_paywalled_content":false,"_jetpack_memberships_contains_paid_content":false,"footnotes":"","jetpack_publicize_message":"","jetpack_publicize_feature_enabled":true,"jetpack_social_post_already_shared":true,"jetpack_social_options":{"image_generator_settings":{"template":"highway","default_image_id":0,"font":"","enabled":false},"version":2}},"categories":[22],"tags":[33],"class_list":["post-646","post","type-post","status-publish","format-standard","hentry","category-officiel","tag-assemblee-generale"],"jetpack_publicize_connections":[],"jetpack_featured_media_url":"","jetpack_sharing_enabled":true,"jetpack_shortlink":"https:\/\/wp.me\/p8Gxst-aq","jetpack-related-posts":[{"id":507,"url":"https:\/\/vsf64.fr\/index.php\/2018\/04\/10\/assemblee-generale-2018\/","url_meta":{"origin":646,"position":0},"title":"Assembl\u00e9e G\u00e9n\u00e9rale 2018","author":"maria64","date":"10 avril 2018","format":false,"excerpt":"Bilan de l'ann\u00e9e 2017 L'Assembl\u00e9e G\u00e9n\u00e9rale de notre association aura lieu samedi 21 avril 2018 au si\u00e8ge social. Nous pourrons faire le bilan de l'ann\u00e9e \u00e9coul\u00e9e, voir des photos de la derni\u00e8re mission en Inde et envisager les prochaines actions pour 2018. Merci de confirmer votre pr\u00e9sence (afin de pr\u00e9voir\u2026","rel":"","context":"Dans &quot;Officiel&quot;","block_context":{"text":"Officiel","link":"https:\/\/vsf64.fr\/index.php\/category\/officiel\/"},"img":{"alt_text":"AG2018 copie","src":"https:\/\/i0.wp.com\/vsf64.fr\/wp-content\/uploads\/2018\/04\/AG2018-copie.jpg?resize=350%2C200","width":350,"height":200,"srcset":"https:\/\/i0.wp.com\/vsf64.fr\/wp-content\/uploads\/2018\/04\/AG2018-copie.jpg?resize=350%2C200 1x, https:\/\/i0.wp.com\/vsf64.fr\/wp-content\/uploads\/2018\/04\/AG2018-copie.jpg?resize=525%2C300 1.5x, https:\/\/i0.wp.com\/vsf64.fr\/wp-content\/uploads\/2018\/04\/AG2018-copie.jpg?resize=700%2C400 2x"},"classes":[]},{"id":431,"url":"https:\/\/vsf64.fr\/index.php\/2017\/03\/19\/assemblee-generale-de-vsf\/","url_meta":{"origin":646,"position":1},"title":"Assembl\u00e9e G\u00e9n\u00e9rale de VSF","author":"maria64","date":"19 mars 2017","format":false,"excerpt":"Les adh\u00e9rents de Villages Sans Fronti\u00e8res sont invit\u00e9s pour l'Assembl\u00e9e G\u00e9n\u00e9rale qui aura lieu samedi 25 mars \u00e0 15 h au si\u00e8ge social. Ce sera l'occasion de faire le bilan de l'ann\u00e9e 2016 et de pr\u00e9parer les actions et projets de 2017.","rel":"","context":"Dans &quot;Officiel&quot;","block_context":{"text":"Officiel","link":"https:\/\/vsf64.fr\/index.php\/category\/officiel\/"},"img":{"alt_text":"AG 2017","src":"https:\/\/i0.wp.com\/vsf64.fr\/wp-content\/uploads\/2017\/03\/AG2017.jpg?fit=960%2C260&ssl=1&resize=350%2C200","width":350,"height":200,"srcset":"https:\/\/i0.wp.com\/vsf64.fr\/wp-content\/uploads\/2017\/03\/AG2017.jpg?fit=960%2C260&ssl=1&resize=350%2C200 1x, https:\/\/i0.wp.com\/vsf64.fr\/wp-content\/uploads\/2017\/03\/AG2017.jpg?fit=960%2C260&ssl=1&resize=525%2C300 1.5x, https:\/\/i0.wp.com\/vsf64.fr\/wp-content\/uploads\/2017\/03\/AG2017.jpg?fit=960%2C260&ssl=1&resize=700%2C400 2x"},"classes":[]},{"id":1768,"url":"https:\/\/vsf64.fr\/index.php\/2025\/07\/28\/que-sest-il-passe-recemment\/","url_meta":{"origin":646,"position":2},"title":"Que s&rsquo;est-il pass\u00e9 r\u00e9cemment ?","author":"maria64","date":"28 juillet 2025","format":false,"excerpt":"Premier semestre 2025 Les membres de VSF ont continu\u00e9 \u00e0 \u0153uvrer activement depuis le march\u00e9 de No\u00ebl en d\u00e9cembre 2024 \u00e0 Salies. Au d\u00e9but de l'ann\u00e9e, une mission en Inde a permis de faire le point sur les diff\u00e9rents projets en cours, offrant ainsi une vision claire des avanc\u00e9es sur\u2026","rel":"","context":"Dans &quot;Officiel&quot;","block_context":{"text":"Officiel","link":"https:\/\/vsf64.fr\/index.php\/category\/officiel\/"},"img":{"alt_text":"","src":"https:\/\/i0.wp.com\/vsf64.fr\/wp-content\/uploads\/2025\/07\/1753706868268-scaled-e1753709343942.jpg?resize=350%2C200&ssl=1","width":350,"height":200,"srcset":"https:\/\/i0.wp.com\/vsf64.fr\/wp-content\/uploads\/2025\/07\/1753706868268-scaled-e1753709343942.jpg?resize=350%2C200&ssl=1 1x, https:\/\/i0.wp.com\/vsf64.fr\/wp-content\/uploads\/2025\/07\/1753706868268-scaled-e1753709343942.jpg?resize=525%2C300&ssl=1 1.5x, https:\/\/i0.wp.com\/vsf64.fr\/wp-content\/uploads\/2025\/07\/1753706868268-scaled-e1753709343942.jpg?resize=700%2C400&ssl=1 2x, https:\/\/i0.wp.com\/vsf64.fr\/wp-content\/uploads\/2025\/07\/1753706868268-scaled-e1753709343942.jpg?resize=1050%2C600&ssl=1 3x"},"classes":[]},{"id":524,"url":"https:\/\/vsf64.fr\/index.php\/2018\/04\/25\/les-membres-de-villages-sans-frontieres-se-sont-reunis\/","url_meta":{"origin":646,"position":3},"title":"Les membres de Villages sans fronti\u00e8res se sont r\u00e9unis","author":"maria64","date":"25 avril 2018","format":false,"excerpt":"\u00a0 L\u2019assembl\u00e9e g\u00e9n\u00e9rale de Villages\u00a0Sans Fronti\u00e8res a eu lieu samedi 21 avril au si\u00e8ge de l\u2019association. Une vingtaine de membres de Salies et des alentours est venue \u00e9couter la pr\u00e9sentation de Maria, pr\u00e9sidente, de Pascal, tr\u00e9sorier et d\u2019Irina, secr\u00e9taire. Irina a d\u2019abord pr\u00e9sent\u00e9 les actions 2017 de l\u2019association, qui ont\u2026","rel":"","context":"Dans &quot;Officiel&quot;","block_context":{"text":"Officiel","link":"https:\/\/vsf64.fr\/index.php\/category\/officiel\/"},"img":{"alt_text":"AG","src":"https:\/\/i0.wp.com\/vsf64.fr\/wp-content\/uploads\/2018\/04\/P1110176-Copier.jpg?fit=1200%2C900&ssl=1&resize=350%2C200","width":350,"height":200,"srcset":"https:\/\/i0.wp.com\/vsf64.fr\/wp-content\/uploads\/2018\/04\/P1110176-Copier.jpg?fit=1200%2C900&ssl=1&resize=350%2C200 1x, https:\/\/i0.wp.com\/vsf64.fr\/wp-content\/uploads\/2018\/04\/P1110176-Copier.jpg?fit=1200%2C900&ssl=1&resize=525%2C300 1.5x, https:\/\/i0.wp.com\/vsf64.fr\/wp-content\/uploads\/2018\/04\/P1110176-Copier.jpg?fit=1200%2C900&ssl=1&resize=700%2C400 2x, https:\/\/i0.wp.com\/vsf64.fr\/wp-content\/uploads\/2018\/04\/P1110176-Copier.jpg?fit=1200%2C900&ssl=1&resize=1050%2C600 3x"},"classes":[]},{"id":1284,"url":"https:\/\/vsf64.fr\/index.php\/2022\/03\/20\/assemblee-generale-de-lannee-2021\/","url_meta":{"origin":646,"position":4},"title":"Assembl\u00e9e G\u00e9n\u00e9rale de l&rsquo;ann\u00e9e 2021","author":"maria64","date":"20 mars 2022","format":false,"excerpt":"","rel":"","context":"Dans &quot;Non class\u00e9&quot;","block_context":{"text":"Non class\u00e9","link":"https:\/\/vsf64.fr\/index.php\/category\/non-classe\/"},"img":{"alt_text":"","src":"https:\/\/i0.wp.com\/vsf64.fr\/wp-content\/uploads\/2022\/03\/AG2022-copie.jpg?resize=350%2C200","width":350,"height":200,"srcset":"https:\/\/i0.wp.com\/vsf64.fr\/wp-content\/uploads\/2022\/03\/AG2022-copie.jpg?resize=350%2C200 1x, https:\/\/i0.wp.com\/vsf64.fr\/wp-content\/uploads\/2022\/03\/AG2022-copie.jpg?resize=525%2C300 1.5x, https:\/\/i0.wp.com\/vsf64.fr\/wp-content\/uploads\/2022\/03\/AG2022-copie.jpg?resize=700%2C400 2x"},"classes":[]},{"id":642,"url":"https:\/\/vsf64.fr\/index.php\/2019\/03\/19\/assemblee-generale-ordinaire-et-extraordinaire\/","url_meta":{"origin":646,"position":5},"title":"Assembl\u00e9e G\u00e9n\u00e9rale ordinaire et extraordinaire&#8230;","author":"maria64","date":"19 mars 2019","format":false,"excerpt":"C'est samedi prochain 23 mars \u00e0 15 h \u00e0 Salies-de-B\u00e9arn \u00a0","rel":"","context":"Dans &quot;Officiel&quot;","block_context":{"text":"Officiel","link":"https:\/\/vsf64.fr\/index.php\/category\/officiel\/"},"img":{"alt_text":"","src":"https:\/\/i0.wp.com\/vsf64.fr\/wp-content\/uploads\/2019\/03\/AG2019.jpg?resize=350%2C200","width":350,"height":200,"srcset":"https:\/\/i0.wp.com\/vsf64.fr\/wp-content\/uploads\/2019\/03\/AG2019.jpg?resize=350%2C200 1x, https:\/\/i0.wp.com\/vsf64.fr\/wp-content\/uploads\/2019\/03\/AG2019.jpg?resize=525%2C300 1.5x, https:\/\/i0.wp.com\/vsf64.fr\/wp-content\/uploads\/2019\/03\/AG2019.jpg?resize=700%2C400 2x"},"classes":[]}],"_links":{"self":[{"href":"https:\/\/vsf64.fr\/index.php\/wp-json\/wp\/v2\/posts\/646","targetHints":{"allow":["GET"]}}],"collection":[{"href":"https:\/\/vsf64.fr\/index.php\/wp-json\/wp\/v2\/posts"}],"about":[{"href":"https:\/\/vsf64.fr\/index.php\/wp-json\/wp\/v2\/types\/post"}],"author":[{"embeddable":true,"href":"https:\/\/vsf64.fr\/index.php\/wp-json\/wp\/v2\/users\/1"}],"replies":[{"embeddable":true,"href":"https:\/\/vsf64.fr\/index.php\/wp-json\/wp\/v2\/comments?post=646"}],"version-history":[{"count":2,"href":"https:\/\/vsf64.fr\/index.php\/wp-json\/wp\/v2\/posts\/646\/revisions"}],"predecessor-version":[{"id":651,"href":"https:\/\/vsf64.fr\/index.php\/wp-json\/wp\/v2\/posts\/646\/revisions\/651"}],"wp:attachment":[{"href":"https:\/\/vsf64.fr\/index.php\/wp-json\/wp\/v2\/media?parent=646"}],"wp:term":[{"taxonomy":"category","embeddable":true,"href":"https:\/\/vsf64.fr\/index.php\/wp-json\/wp\/v2\/categories?post=646"},{"taxonomy":"post_tag","embeddable":true,"href":"https:\/\/vsf64.fr\/index.php\/wp-json\/wp\/v2\/tags?post=646"}],"curies":[{"name":"wp","href":"https:\/\/api.w.org\/{rel}","templated":true}]}}