{"id":642,"date":"2019-03-19T13:33:02","date_gmt":"2019-03-19T12:33:02","guid":{"rendered":"http:\/\/vsf64.fr\/?p=642"},"modified":"2019-03-19T13:33:02","modified_gmt":"2019-03-19T12:33:02","slug":"assemblee-generale-ordinaire-et-extraordinaire","status":"publish","type":"post","link":"https:\/\/vsf64.fr\/index.php\/2019\/03\/19\/assemblee-generale-ordinaire-et-extraordinaire\/","title":{"rendered":"Assembl\u00e9e G\u00e9n\u00e9rale ordinaire et extraordinaire&#8230;"},"content":{"rendered":"<h3 style=\"text-align: center;\">C&rsquo;est samedi prochain 23 mars \u00e0 15 h \u00e0 Salies-de-B\u00e9arn<\/h3>\n<p>&nbsp;<\/p>\n<p><a href=\"https:\/\/i0.wp.com\/vsf64.fr\/wp-content\/uploads\/2019\/03\/AG2019.jpg\" data-rel=\"lightbox-image-0\" data-rl_title=\"\" data-rl_caption=\"\" title=\"\"><img data-recalc-dims=\"1\" fetchpriority=\"high\" decoding=\"async\" data-attachment-id=\"643\" data-permalink=\"https:\/\/vsf64.fr\/index.php\/2019\/03\/19\/assemblee-generale-ordinaire-et-extraordinaire\/ag2019\/\" data-orig-file=\"https:\/\/i0.wp.com\/vsf64.fr\/wp-content\/uploads\/2019\/03\/AG2019.jpg?fit=960%2C260&amp;ssl=1\" data-orig-size=\"960,260\" data-comments-opened=\"0\" data-image-meta=\"{&quot;aperture&quot;:&quot;0&quot;,&quot;credit&quot;:&quot;&quot;,&quot;camera&quot;:&quot;&quot;,&quot;caption&quot;:&quot;&quot;,&quot;created_timestamp&quot;:&quot;0&quot;,&quot;copyright&quot;:&quot;&quot;,&quot;focal_length&quot;:&quot;0&quot;,&quot;iso&quot;:&quot;0&quot;,&quot;shutter_speed&quot;:&quot;0&quot;,&quot;title&quot;:&quot;&quot;,&quot;orientation&quot;:&quot;1&quot;}\" data-image-title=\"AG2022\" data-image-description=\"\" data-image-caption=\"\" data-large-file=\"https:\/\/i0.wp.com\/vsf64.fr\/wp-content\/uploads\/2019\/03\/AG2019.jpg?fit=640%2C173&amp;ssl=1\" class=\"aligncenter size-full wp-image-643\" src=\"https:\/\/i0.wp.com\/vsf64.fr\/wp-content\/uploads\/2019\/03\/AG2019.jpg?resize=640%2C173\" alt=\"\" width=\"640\" height=\"173\" srcset=\"https:\/\/i0.wp.com\/vsf64.fr\/wp-content\/uploads\/2019\/03\/AG2019.jpg?w=960&amp;ssl=1 960w, https:\/\/i0.wp.com\/vsf64.fr\/wp-content\/uploads\/2019\/03\/AG2019.jpg?resize=300%2C81&amp;ssl=1 300w, https:\/\/i0.wp.com\/vsf64.fr\/wp-content\/uploads\/2019\/03\/AG2019.jpg?resize=768%2C208&amp;ssl=1 768w\" sizes=\"(max-width: 640px) 100vw, 640px\" \/><\/a><\/p>\n","protected":false},"excerpt":{"rendered":"<p>C&rsquo;est samedi prochain 23 mars \u00e0 15 h \u00e0 Salies-de-B\u00e9arn &nbsp;<\/p>\n","protected":false},"author":1,"featured_media":0,"comment_status":"open","ping_status":"open","sticky":false,"template":"","format":"standard","meta":{"jetpack_post_was_ever_published":false,"_jetpack_newsletter_access":"","_jetpack_dont_email_post_to_subs":false,"_jetpack_newsletter_tier_id":0,"_jetpack_memberships_contains_paywalled_content":false,"_jetpack_memberships_contains_paid_content":false,"footnotes":"","jetpack_publicize_message":"","jetpack_publicize_feature_enabled":true,"jetpack_social_post_already_shared":true,"jetpack_social_options":{"image_generator_settings":{"template":"highway","default_image_id":0,"font":"","enabled":false},"version":2}},"categories":[22],"tags":[],"class_list":["post-642","post","type-post","status-publish","format-standard","hentry","category-officiel"],"jetpack_publicize_connections":[],"jetpack_featured_media_url":"","jetpack_sharing_enabled":true,"jetpack_shortlink":"https:\/\/wp.me\/p8Gxst-am","jetpack-related-posts":[{"id":558,"url":"https:\/\/vsf64.fr\/index.php\/2018\/08\/14\/prochain-atelier\/","url_meta":{"origin":642,"position":0},"title":"Prochain atelier","author":"maria64","date":"14 ao\u00fbt 2018","format":false,"excerpt":"Nouvelle rencontre des membres de VSF C'est samedi prochain 18 ao\u00fbt 2018 que se tiendra l'atelier de pr\u00e9paration (de 14 h \u00e0 17 h ou 18 h) au si\u00e8ge social (16 quartier Lasbordes \u00e0 Salies-de-B\u00e9arn) pour la F\u00eate du Sel A cette occasion plusieurs activit\u00e9s sont pr\u00e9vues : un atelier\u2026","rel":"","context":"Dans &quot;Ateliers&quot;","block_context":{"text":"Ateliers","link":"https:\/\/vsf64.fr\/index.php\/category\/ateliers\/"},"img":{"alt_text":"","src":"https:\/\/i0.wp.com\/vsf64.fr\/wp-content\/uploads\/2018\/08\/P1120207-Copier.jpg?fit=1200%2C900&ssl=1&resize=350%2C200","width":350,"height":200,"srcset":"https:\/\/i0.wp.com\/vsf64.fr\/wp-content\/uploads\/2018\/08\/P1120207-Copier.jpg?fit=1200%2C900&ssl=1&resize=350%2C200 1x, https:\/\/i0.wp.com\/vsf64.fr\/wp-content\/uploads\/2018\/08\/P1120207-Copier.jpg?fit=1200%2C900&ssl=1&resize=525%2C300 1.5x, https:\/\/i0.wp.com\/vsf64.fr\/wp-content\/uploads\/2018\/08\/P1120207-Copier.jpg?fit=1200%2C900&ssl=1&resize=700%2C400 2x, https:\/\/i0.wp.com\/vsf64.fr\/wp-content\/uploads\/2018\/08\/P1120207-Copier.jpg?fit=1200%2C900&ssl=1&resize=1050%2C600 3x"},"classes":[]},{"id":431,"url":"https:\/\/vsf64.fr\/index.php\/2017\/03\/19\/assemblee-generale-de-vsf\/","url_meta":{"origin":642,"position":1},"title":"Assembl\u00e9e G\u00e9n\u00e9rale de VSF","author":"maria64","date":"19 mars 2017","format":false,"excerpt":"Les adh\u00e9rents de Villages Sans Fronti\u00e8res sont invit\u00e9s pour l'Assembl\u00e9e G\u00e9n\u00e9rale qui aura lieu samedi 25 mars \u00e0 15 h au si\u00e8ge social. Ce sera l'occasion de faire le bilan de l'ann\u00e9e 2016 et de pr\u00e9parer les actions et projets de 2017.","rel":"","context":"Dans &quot;Officiel&quot;","block_context":{"text":"Officiel","link":"https:\/\/vsf64.fr\/index.php\/category\/officiel\/"},"img":{"alt_text":"AG 2017","src":"https:\/\/i0.wp.com\/vsf64.fr\/wp-content\/uploads\/2017\/03\/AG2017.jpg?fit=960%2C260&ssl=1&resize=350%2C200","width":350,"height":200,"srcset":"https:\/\/i0.wp.com\/vsf64.fr\/wp-content\/uploads\/2017\/03\/AG2017.jpg?fit=960%2C260&ssl=1&resize=350%2C200 1x, https:\/\/i0.wp.com\/vsf64.fr\/wp-content\/uploads\/2017\/03\/AG2017.jpg?fit=960%2C260&ssl=1&resize=525%2C300 1.5x, https:\/\/i0.wp.com\/vsf64.fr\/wp-content\/uploads\/2017\/03\/AG2017.jpg?fit=960%2C260&ssl=1&resize=700%2C400 2x"},"classes":[]},{"id":507,"url":"https:\/\/vsf64.fr\/index.php\/2018\/04\/10\/assemblee-generale-2018\/","url_meta":{"origin":642,"position":2},"title":"Assembl\u00e9e G\u00e9n\u00e9rale 2018","author":"maria64","date":"10 avril 2018","format":false,"excerpt":"Bilan de l'ann\u00e9e 2017 L'Assembl\u00e9e G\u00e9n\u00e9rale de notre association aura lieu samedi 21 avril 2018 au si\u00e8ge social. Nous pourrons faire le bilan de l'ann\u00e9e \u00e9coul\u00e9e, voir des photos de la derni\u00e8re mission en Inde et envisager les prochaines actions pour 2018. Merci de confirmer votre pr\u00e9sence (afin de pr\u00e9voir\u2026","rel":"","context":"Dans &quot;Officiel&quot;","block_context":{"text":"Officiel","link":"https:\/\/vsf64.fr\/index.php\/category\/officiel\/"},"img":{"alt_text":"AG2018 copie","src":"https:\/\/i0.wp.com\/vsf64.fr\/wp-content\/uploads\/2018\/04\/AG2018-copie.jpg?resize=350%2C200","width":350,"height":200,"srcset":"https:\/\/i0.wp.com\/vsf64.fr\/wp-content\/uploads\/2018\/04\/AG2018-copie.jpg?resize=350%2C200 1x, https:\/\/i0.wp.com\/vsf64.fr\/wp-content\/uploads\/2018\/04\/AG2018-copie.jpg?resize=525%2C300 1.5x, https:\/\/i0.wp.com\/vsf64.fr\/wp-content\/uploads\/2018\/04\/AG2018-copie.jpg?resize=700%2C400 2x"},"classes":[]},{"id":524,"url":"https:\/\/vsf64.fr\/index.php\/2018\/04\/25\/les-membres-de-villages-sans-frontieres-se-sont-reunis\/","url_meta":{"origin":642,"position":3},"title":"Les membres de Villages sans fronti\u00e8res se sont r\u00e9unis","author":"maria64","date":"25 avril 2018","format":false,"excerpt":"\u00a0 L\u2019assembl\u00e9e g\u00e9n\u00e9rale de Villages\u00a0Sans Fronti\u00e8res a eu lieu samedi 21 avril au si\u00e8ge de l\u2019association. Une vingtaine de membres de Salies et des alentours est venue \u00e9couter la pr\u00e9sentation de Maria, pr\u00e9sidente, de Pascal, tr\u00e9sorier et d\u2019Irina, secr\u00e9taire. Irina a d\u2019abord pr\u00e9sent\u00e9 les actions 2017 de l\u2019association, qui ont\u2026","rel":"","context":"Dans &quot;Officiel&quot;","block_context":{"text":"Officiel","link":"https:\/\/vsf64.fr\/index.php\/category\/officiel\/"},"img":{"alt_text":"AG","src":"https:\/\/i0.wp.com\/vsf64.fr\/wp-content\/uploads\/2018\/04\/P1110176-Copier.jpg?fit=1200%2C900&ssl=1&resize=350%2C200","width":350,"height":200,"srcset":"https:\/\/i0.wp.com\/vsf64.fr\/wp-content\/uploads\/2018\/04\/P1110176-Copier.jpg?fit=1200%2C900&ssl=1&resize=350%2C200 1x, https:\/\/i0.wp.com\/vsf64.fr\/wp-content\/uploads\/2018\/04\/P1110176-Copier.jpg?fit=1200%2C900&ssl=1&resize=525%2C300 1.5x, https:\/\/i0.wp.com\/vsf64.fr\/wp-content\/uploads\/2018\/04\/P1110176-Copier.jpg?fit=1200%2C900&ssl=1&resize=700%2C400 2x, https:\/\/i0.wp.com\/vsf64.fr\/wp-content\/uploads\/2018\/04\/P1110176-Copier.jpg?fit=1200%2C900&ssl=1&resize=1050%2C600 3x"},"classes":[]},{"id":1768,"url":"https:\/\/vsf64.fr\/index.php\/2025\/07\/28\/que-sest-il-passe-recemment\/","url_meta":{"origin":642,"position":4},"title":"Que s&rsquo;est-il pass\u00e9 r\u00e9cemment ?","author":"maria64","date":"28 juillet 2025","format":false,"excerpt":"Premier semestre 2025 Les membres de VSF ont continu\u00e9 \u00e0 \u0153uvrer activement depuis le march\u00e9 de No\u00ebl en d\u00e9cembre 2024 \u00e0 Salies. Au d\u00e9but de l'ann\u00e9e, une mission en Inde a permis de faire le point sur les diff\u00e9rents projets en cours, offrant ainsi une vision claire des avanc\u00e9es sur\u2026","rel":"","context":"Dans &quot;Officiel&quot;","block_context":{"text":"Officiel","link":"https:\/\/vsf64.fr\/index.php\/category\/officiel\/"},"img":{"alt_text":"","src":"https:\/\/i0.wp.com\/vsf64.fr\/wp-content\/uploads\/2025\/07\/1753706868268-scaled-e1753709343942.jpg?resize=350%2C200&ssl=1","width":350,"height":200,"srcset":"https:\/\/i0.wp.com\/vsf64.fr\/wp-content\/uploads\/2025\/07\/1753706868268-scaled-e1753709343942.jpg?resize=350%2C200&ssl=1 1x, https:\/\/i0.wp.com\/vsf64.fr\/wp-content\/uploads\/2025\/07\/1753706868268-scaled-e1753709343942.jpg?resize=525%2C300&ssl=1 1.5x, https:\/\/i0.wp.com\/vsf64.fr\/wp-content\/uploads\/2025\/07\/1753706868268-scaled-e1753709343942.jpg?resize=700%2C400&ssl=1 2x, https:\/\/i0.wp.com\/vsf64.fr\/wp-content\/uploads\/2025\/07\/1753706868268-scaled-e1753709343942.jpg?resize=1050%2C600&ssl=1 3x"},"classes":[]},{"id":1495,"url":"https:\/\/vsf64.fr\/index.php\/2023\/12\/09\/ho-ho-ho-vsf-au-marche-de-noel-de-salies-de-bearn\/","url_meta":{"origin":642,"position":5},"title":"Ho ho ho ! VSF au march\u00e9 de No\u00ebl de Salies-de-B\u00e9arn","author":"maria64","date":"9 d\u00e9cembre 2023","format":false,"excerpt":"Ce samedi 9 d\u00e9cembre, plusieurs membres de Villages Sans Fronti\u00e8res ont particip\u00e9 \u00e0 la tenue d'un stand au march\u00e9 de No\u00ebl de Salies organis\u00e9 par \"Les M\u00e9tiers d'Antan\". De 8h15 \u00e0 17h30, une vari\u00e9t\u00e9 de produits cr\u00e9\u00e9s par nos membres a \u00e9t\u00e9 vendue au profit de l'association. Nous avons m\u00eame\u2026","rel":"","context":"Dans &quot;Non class\u00e9&quot;","block_context":{"text":"Non class\u00e9","link":"https:\/\/vsf64.fr\/index.php\/category\/non-classe\/"},"img":{"alt_text":"","src":"https:\/\/i0.wp.com\/vsf64.fr\/wp-content\/uploads\/2023\/12\/signal-2023-12-09-181104_003-768x1024.jpeg?resize=350%2C200","width":350,"height":200,"srcset":"https:\/\/i0.wp.com\/vsf64.fr\/wp-content\/uploads\/2023\/12\/signal-2023-12-09-181104_003-768x1024.jpeg?resize=350%2C200 1x, https:\/\/i0.wp.com\/vsf64.fr\/wp-content\/uploads\/2023\/12\/signal-2023-12-09-181104_003-768x1024.jpeg?resize=525%2C300 1.5x"},"classes":[]}],"_links":{"self":[{"href":"https:\/\/vsf64.fr\/index.php\/wp-json\/wp\/v2\/posts\/642","targetHints":{"allow":["GET"]}}],"collection":[{"href":"https:\/\/vsf64.fr\/index.php\/wp-json\/wp\/v2\/posts"}],"about":[{"href":"https:\/\/vsf64.fr\/index.php\/wp-json\/wp\/v2\/types\/post"}],"author":[{"embeddable":true,"href":"https:\/\/vsf64.fr\/index.php\/wp-json\/wp\/v2\/users\/1"}],"replies":[{"embeddable":true,"href":"https:\/\/vsf64.fr\/index.php\/wp-json\/wp\/v2\/comments?post=642"}],"version-history":[{"count":1,"href":"https:\/\/vsf64.fr\/index.php\/wp-json\/wp\/v2\/posts\/642\/revisions"}],"predecessor-version":[{"id":644,"href":"https:\/\/vsf64.fr\/index.php\/wp-json\/wp\/v2\/posts\/642\/revisions\/644"}],"wp:attachment":[{"href":"https:\/\/vsf64.fr\/index.php\/wp-json\/wp\/v2\/media?parent=642"}],"wp:term":[{"taxonomy":"category","embeddable":true,"href":"https:\/\/vsf64.fr\/index.php\/wp-json\/wp\/v2\/categories?post=642"},{"taxonomy":"post_tag","embeddable":true,"href":"https:\/\/vsf64.fr\/index.php\/wp-json\/wp\/v2\/tags?post=642"}],"curies":[{"name":"wp","href":"https:\/\/api.w.org\/{rel}","templated":true}]}}