{"id":591,"date":"2018-09-30T18:30:56","date_gmt":"2018-09-30T17:30:56","guid":{"rendered":"http:\/\/vsf64.fr\/?p=591"},"modified":"2018-09-30T18:30:56","modified_gmt":"2018-09-30T17:30:56","slug":"week-end-yoga-de-lenergie","status":"publish","type":"post","link":"https:\/\/vsf64.fr\/index.php\/2018\/09\/30\/week-end-yoga-de-lenergie\/","title":{"rendered":"Week-end Yoga de l&rsquo;\u00c9nergie"},"content":{"rendered":"<h3 style=\"text-align: center;\"><span style=\"text-decoration: underline; color: #ff6600;\"><strong>Ensemble pour Villages Sans Fronti\u00e8res<\/strong><\/span><\/h3>\n<p><span style=\"font-family: Times New Roman, Times, serif;\">Ce week-end a \u00e9t\u00e9 riche, rempli de bien-\u00eatre et d&rsquo;\u00e9changes autour du stage de yoga organis\u00e9 par Eva. La pr\u00e9sence exceptionnelle de Eliane-Claire Thiercelin nous a beaucoup apport\u00e9 et nous sommes ravis de temps de partage du coeur. Tous les participants, y compris le soleil, ont fait de ce week-end un moment pr\u00e9cieux.<br \/>\n<\/span><\/p>\n<div id=\"attachment_594\" style=\"width: 650px\" class=\"wp-caption aligncenter\"><a href=\"https:\/\/i0.wp.com\/vsf64.fr\/wp-content\/uploads\/2018\/09\/DSC00983.bis-Copier.jpg\" data-rel=\"lightbox-image-0\" data-rl_title=\"\" data-rl_caption=\"\" title=\"\"><img data-recalc-dims=\"1\" fetchpriority=\"high\" decoding=\"async\" aria-describedby=\"caption-attachment-594\" data-attachment-id=\"594\" data-permalink=\"https:\/\/vsf64.fr\/index.php\/2018\/09\/30\/week-end-yoga-de-lenergie\/dsc00983-bis-copier\/\" data-orig-file=\"https:\/\/i0.wp.com\/vsf64.fr\/wp-content\/uploads\/2018\/09\/DSC00983.bis-Copier.jpg?fit=1600%2C1200&amp;ssl=1\" data-orig-size=\"1600,1200\" data-comments-opened=\"0\" data-image-meta=\"{&quot;aperture&quot;:&quot;3.3&quot;,&quot;credit&quot;:&quot;Picasa&quot;,&quot;camera&quot;:&quot;DSC-HX9V&quot;,&quot;caption&quot;:&quot;&quot;,&quot;created_timestamp&quot;:&quot;1538239619&quot;,&quot;copyright&quot;:&quot;&quot;,&quot;focal_length&quot;:&quot;4.28&quot;,&quot;iso&quot;:&quot;100&quot;,&quot;shutter_speed&quot;:&quot;0.016666666666667&quot;,&quot;title&quot;:&quot;&quot;,&quot;orientation&quot;:&quot;0&quot;}\" data-image-title=\"Stage yoga E. C. Thiercelin\" data-image-description=\"\" data-image-caption=\"\" data-large-file=\"https:\/\/i0.wp.com\/vsf64.fr\/wp-content\/uploads\/2018\/09\/DSC00983.bis-Copier.jpg?fit=640%2C480&amp;ssl=1\" class=\"wp-image-594 size-large\" src=\"https:\/\/i0.wp.com\/vsf64.fr\/wp-content\/uploads\/2018\/09\/DSC00983.bis-Copier-1024x768.jpg?resize=640%2C480\" alt=\"\" width=\"640\" height=\"480\" srcset=\"https:\/\/i0.wp.com\/vsf64.fr\/wp-content\/uploads\/2018\/09\/DSC00983.bis-Copier.jpg?resize=1024%2C768&amp;ssl=1 1024w, https:\/\/i0.wp.com\/vsf64.fr\/wp-content\/uploads\/2018\/09\/DSC00983.bis-Copier.jpg?resize=300%2C225&amp;ssl=1 300w, https:\/\/i0.wp.com\/vsf64.fr\/wp-content\/uploads\/2018\/09\/DSC00983.bis-Copier.jpg?resize=768%2C576&amp;ssl=1 768w, https:\/\/i0.wp.com\/vsf64.fr\/wp-content\/uploads\/2018\/09\/DSC00983.bis-Copier.jpg?w=1600&amp;ssl=1 1600w, https:\/\/i0.wp.com\/vsf64.fr\/wp-content\/uploads\/2018\/09\/DSC00983.bis-Copier.jpg?w=1280&amp;ssl=1 1280w\" sizes=\"(max-width: 640px) 100vw, 640px\" \/><\/a><p id=\"caption-attachment-594\" class=\"wp-caption-text\">Les participants du stage de yoga du 29 septembre 2018<\/p><\/div>\n<p>Pour pr\u00e9parer les prochains \u00e9v\u00e8nements de fin d&rsquo;ann\u00e9e (stage de yoga au Centre Socioculturel et march\u00e9 de No\u00ebl le samedi 1er d\u00e9cembre 2018) nous organisons un atelier cr\u00e9atif le samedi 27 octobre au si\u00e8ge social. Il s&rsquo;agira de confectionner des objets \u00e0 vendre lors de ces manifestations. Des bijoux seront \u00e0 cr\u00e9er, des Soli&rsquo;Sapins \u00e0 d\u00e9corer, des pots de confiture \u00e0 d\u00e9corer, etc. D&rsquo;autres id\u00e9es sont les bienvenues&#8230;<\/p>\n","protected":false},"excerpt":{"rendered":"<p>Ensemble pour Villages Sans Fronti\u00e8res Ce week-end a \u00e9t\u00e9 riche, rempli de bien-\u00eatre et d&rsquo;\u00e9changes autour du stage de yoga organis\u00e9 par Eva. La pr\u00e9sence exceptionnelle de Eliane-Claire Thiercelin nous a beaucoup apport\u00e9 et nous sommes ravis de temps de &hellip; <a href=\"https:\/\/vsf64.fr\/index.php\/2018\/09\/30\/week-end-yoga-de-lenergie\/\">Continuer la lecture <span class=\"meta-nav\">&rarr;<\/span><\/a><\/p>\n","protected":false},"author":1,"featured_media":594,"comment_status":"open","ping_status":"open","sticky":false,"template":"","format":"standard","meta":{"jetpack_post_was_ever_published":false,"_jetpack_newsletter_access":"","_jetpack_dont_email_post_to_subs":false,"_jetpack_newsletter_tier_id":0,"_jetpack_memberships_contains_paywalled_content":false,"_jetpack_memberships_contains_paid_content":false,"footnotes":"","jetpack_publicize_message":"","jetpack_publicize_feature_enabled":true,"jetpack_social_post_already_shared":true,"jetpack_social_options":{"image_generator_settings":{"template":"highway","default_image_id":0,"font":"","enabled":false},"version":2}},"categories":[6,31,4],"tags":[],"class_list":["post-591","post","type-post","status-publish","format-standard","has-post-thumbnail","hentry","category-actions","category-ateliers","category-manifestation"],"jetpack_publicize_connections":[],"jetpack_featured_media_url":"https:\/\/i0.wp.com\/vsf64.fr\/wp-content\/uploads\/2018\/09\/DSC00983.bis-Copier.jpg?fit=1600%2C1200&ssl=1","jetpack_sharing_enabled":true,"jetpack_shortlink":"https:\/\/wp.me\/p8Gxst-9x","jetpack-related-posts":[{"id":1679,"url":"https:\/\/vsf64.fr\/index.php\/2024\/09\/19\/bilan-de-la-participation-a-la-fete-du-sel\/","url_meta":{"origin":591,"position":0},"title":"Bilan de la participation \u00e0 la F\u00eate du Sel","author":"maria64","date":"19 septembre 2024","format":false,"excerpt":"Un grand succ\u00e8s ! Cette ann\u00e9e encore, notre association a particip\u00e9 \u00e0 la traditionnelle F\u00eate du Sel de Salies-de-B\u00e9arn (organis\u00e9e par la Jurade du Sel), et notre stand a \u00e9t\u00e9 anim\u00e9 par une belle \u00e9quipe de b\u00e9n\u00e9voles motiv\u00e9s. Leur \u00e9nergie communicative et leurs sourires ont permis d'accueillir de nombreux clients\u2026","rel":"","context":"Dans &quot;Actions&quot;","block_context":{"text":"Actions","link":"https:\/\/vsf64.fr\/index.php\/category\/actions\/"},"img":{"alt_text":"","src":"https:\/\/i0.wp.com\/vsf64.fr\/wp-content\/uploads\/2024\/09\/Fete-du-Sel-2024-2.jpg?fit=800%2C599&ssl=1&resize=350%2C200","width":350,"height":200,"srcset":"https:\/\/i0.wp.com\/vsf64.fr\/wp-content\/uploads\/2024\/09\/Fete-du-Sel-2024-2.jpg?fit=800%2C599&ssl=1&resize=350%2C200 1x, https:\/\/i0.wp.com\/vsf64.fr\/wp-content\/uploads\/2024\/09\/Fete-du-Sel-2024-2.jpg?fit=800%2C599&ssl=1&resize=525%2C300 1.5x, https:\/\/i0.wp.com\/vsf64.fr\/wp-content\/uploads\/2024\/09\/Fete-du-Sel-2024-2.jpg?fit=800%2C599&ssl=1&resize=700%2C400 2x"},"classes":[]},{"id":1481,"url":"https:\/\/vsf64.fr\/index.php\/2023\/11\/12\/les-ateliers-creatifs-vsf\/","url_meta":{"origin":591,"position":1},"title":"Les ateliers cr\u00e9atifs VSF","author":"maria64","date":"12 novembre 2023","format":false,"excerpt":"Les petites mains en action Ce samedi 11 novembre, les 11 participants \u00e0 l'atelier VSF (Villages Sans Fronti\u00e8res) \u00e9taient pr\u00e9sents pour pr\u00e9parer diff\u00e9rents articles qui seront propos\u00e9s \u00e0 la vente dans les semaines \u00e0 venir. Les confitures ont \u00e9t\u00e9 \u00e9tiquet\u00e9es et d\u00e9cor\u00e9es. Les jeux en petits galets vernis. Les mini\u2026","rel":"","context":"Dans &quot;Non class\u00e9&quot;","block_context":{"text":"Non class\u00e9","link":"https:\/\/vsf64.fr\/index.php\/category\/non-classe\/"},"img":{"alt_text":"","src":"https:\/\/i0.wp.com\/vsf64.fr\/wp-content\/uploads\/2023\/11\/Apres-midi-Yoga-CSC-2023-all-759x1024.jpg?resize=350%2C200","width":350,"height":200,"srcset":"https:\/\/i0.wp.com\/vsf64.fr\/wp-content\/uploads\/2023\/11\/Apres-midi-Yoga-CSC-2023-all-759x1024.jpg?resize=350%2C200 1x, https:\/\/i0.wp.com\/vsf64.fr\/wp-content\/uploads\/2023\/11\/Apres-midi-Yoga-CSC-2023-all-759x1024.jpg?resize=525%2C300 1.5x"},"classes":[]},{"id":495,"url":"https:\/\/vsf64.fr\/index.php\/2018\/01\/16\/prochaine-mission\/","url_meta":{"origin":591,"position":2},"title":"Prochaine mission","author":"maria64","date":"16 janvier 2018","format":false,"excerpt":"2018 Il est encore temps de vous souhaiter une ann\u00e9e 2018 belle et lumineuse, riche en amiti\u00e9 et partage, pleine de joie et de paix. Nous commen\u00e7ons par cette information diffus\u00e9e par la BBC\u00a0: trois millions de filles indiennes \u00e2g\u00e9es de 10 \u00e0 14 ans ne seraient pas scolaris\u00e9es. Pour\u2026","rel":"","context":"Dans &quot;bulletin semestriel&quot;","block_context":{"text":"bulletin semestriel","link":"https:\/\/vsf64.fr\/index.php\/category\/bulletin-semestriel\/"},"img":{"alt_text":"Classe de sciences \u00e0 l'\u00e9cole Nai Talim","src":"https:\/\/i0.wp.com\/vsf64.fr\/wp-content\/uploads\/2018\/01\/20170411_102608-1600x1200-1024x576.jpg?resize=350%2C200","width":350,"height":200,"srcset":"https:\/\/i0.wp.com\/vsf64.fr\/wp-content\/uploads\/2018\/01\/20170411_102608-1600x1200-1024x576.jpg?resize=350%2C200 1x, https:\/\/i0.wp.com\/vsf64.fr\/wp-content\/uploads\/2018\/01\/20170411_102608-1600x1200-1024x576.jpg?resize=525%2C300 1.5x"},"classes":[]},{"id":603,"url":"https:\/\/vsf64.fr\/index.php\/2018\/11\/04\/les-mains-creatives-de-vsf\/","url_meta":{"origin":591,"position":3},"title":"Les mains cr\u00e9atives de VSF","author":"maria64","date":"4 novembre 2018","format":false,"excerpt":"Ensemble et solidaires Ce samedi 27 octobre de nombreuses petites mains ont d\u00e9coup\u00e9,\u00a0 coll\u00e9, ficel\u00e9, emball\u00e9, cousu et d\u00e9cor\u00e9 des pots de confiture, des Soli'Sapins en tissu et en bois ainsi que des bijoux. Chacun a pu fabriquer des objets qui seront vendus pour les f\u00eates de fin d'ann\u00e9e au\u2026","rel":"","context":"Dans &quot;Actions&quot;","block_context":{"text":"Actions","link":"https:\/\/vsf64.fr\/index.php\/category\/actions\/"},"img":{"alt_text":"","src":"https:\/\/i0.wp.com\/vsf64.fr\/wp-content\/uploads\/2018\/11\/P1120352-Copier.jpg?fit=1200%2C462&ssl=1&resize=350%2C200","width":350,"height":200,"srcset":"https:\/\/i0.wp.com\/vsf64.fr\/wp-content\/uploads\/2018\/11\/P1120352-Copier.jpg?fit=1200%2C462&ssl=1&resize=350%2C200 1x, https:\/\/i0.wp.com\/vsf64.fr\/wp-content\/uploads\/2018\/11\/P1120352-Copier.jpg?fit=1200%2C462&ssl=1&resize=525%2C300 1.5x, https:\/\/i0.wp.com\/vsf64.fr\/wp-content\/uploads\/2018\/11\/P1120352-Copier.jpg?fit=1200%2C462&ssl=1&resize=700%2C400 2x, https:\/\/i0.wp.com\/vsf64.fr\/wp-content\/uploads\/2018\/11\/P1120352-Copier.jpg?fit=1200%2C462&ssl=1&resize=1050%2C600 3x"},"classes":[]},{"id":1036,"url":"https:\/\/vsf64.fr\/index.php\/2021\/01\/04\/les-dernieres-nouvelles\/","url_meta":{"origin":591,"position":4},"title":"Les derni\u00e8res nouvelles","author":"maria64","date":"4 janvier 2021","format":false,"excerpt":"Chers amis, chers membres de Villages Sans Fronti\u00e8res, C\u2019est une p\u00e9riode compliqu\u00e9e que nous avons v\u00e9cu en 2020. Cette situation sanitaire nous oblige \u00e0 faire preuve de beaucoup d\u2019adaptabilit\u00e9 et accro\u00eet la compassion que nous portons aux plus fragiles. Nous avions pens\u00e9 pouvoir organiser cette ann\u00e9e encore plusieurs ateliers cr\u00e9atifs\u2026","rel":"","context":"Dans &quot;Non class\u00e9&quot;","block_context":{"text":"Non class\u00e9","link":"https:\/\/vsf64.fr\/index.php\/category\/non-classe\/"},"img":{"alt_text":"","src":"https:\/\/i0.wp.com\/vsf64.fr\/wp-content\/uploads\/2021\/01\/Mandala.jpg?fit=380%2C380&ssl=1&resize=350%2C200","width":350,"height":200},"classes":[]},{"id":1401,"url":"https:\/\/vsf64.fr\/index.php\/2023\/01\/08\/une-annee-pleine-de-projets\/","url_meta":{"origin":591,"position":5},"title":"Une ann\u00e9e pleine de projets !","author":"maria64","date":"8 janvier 2023","format":false,"excerpt":"Tous nos v\u0153ux pour une belle ann\u00e9e 2023 ! L'ann\u00e9e 2022 s'est termin\u00e9e pour Villages Sans Fronti\u00e8res avec des actions qui ont mobilis\u00e9 ses membres pour un stage de yoga au Centre Socioculturel d'Orthez suivi d'un petit march\u00e9 de No\u00ebl, puis d\u00e9but d\u00e9cembre un march\u00e9 de No\u00ebl \u00e0 Salies-de-B\u00e9arn. En\u2026","rel":"","context":"Dans &quot;Non class\u00e9&quot;","block_context":{"text":"Non class\u00e9","link":"https:\/\/vsf64.fr\/index.php\/category\/non-classe\/"},"img":{"alt_text":"","src":"https:\/\/i0.wp.com\/vsf64.fr\/wp-content\/uploads\/2023\/01\/1673200111411-Copier.png?resize=350%2C200","width":350,"height":200,"srcset":"https:\/\/i0.wp.com\/vsf64.fr\/wp-content\/uploads\/2023\/01\/1673200111411-Copier.png?resize=350%2C200 1x, https:\/\/i0.wp.com\/vsf64.fr\/wp-content\/uploads\/2023\/01\/1673200111411-Copier.png?resize=525%2C300 1.5x"},"classes":[]}],"_links":{"self":[{"href":"https:\/\/vsf64.fr\/index.php\/wp-json\/wp\/v2\/posts\/591","targetHints":{"allow":["GET"]}}],"collection":[{"href":"https:\/\/vsf64.fr\/index.php\/wp-json\/wp\/v2\/posts"}],"about":[{"href":"https:\/\/vsf64.fr\/index.php\/wp-json\/wp\/v2\/types\/post"}],"author":[{"embeddable":true,"href":"https:\/\/vsf64.fr\/index.php\/wp-json\/wp\/v2\/users\/1"}],"replies":[{"embeddable":true,"href":"https:\/\/vsf64.fr\/index.php\/wp-json\/wp\/v2\/comments?post=591"}],"version-history":[{"count":3,"href":"https:\/\/vsf64.fr\/index.php\/wp-json\/wp\/v2\/posts\/591\/revisions"}],"predecessor-version":[{"id":597,"href":"https:\/\/vsf64.fr\/index.php\/wp-json\/wp\/v2\/posts\/591\/revisions\/597"}],"wp:featuredmedia":[{"embeddable":true,"href":"https:\/\/vsf64.fr\/index.php\/wp-json\/wp\/v2\/media\/594"}],"wp:attachment":[{"href":"https:\/\/vsf64.fr\/index.php\/wp-json\/wp\/v2\/media?parent=591"}],"wp:term":[{"taxonomy":"category","embeddable":true,"href":"https:\/\/vsf64.fr\/index.php\/wp-json\/wp\/v2\/categories?post=591"},{"taxonomy":"post_tag","embeddable":true,"href":"https:\/\/vsf64.fr\/index.php\/wp-json\/wp\/v2\/tags?post=591"}],"curies":[{"name":"wp","href":"https:\/\/api.w.org\/{rel}","templated":true}]}}