{"id":576,"date":"2018-09-15T14:36:54","date_gmt":"2018-09-15T13:36:54","guid":{"rendered":"http:\/\/vsf64.fr\/?p=576"},"modified":"2018-09-15T14:36:54","modified_gmt":"2018-09-15T13:36:54","slug":"manifestation-reussie","status":"publish","type":"post","link":"https:\/\/vsf64.fr\/index.php\/2018\/09\/15\/manifestation-reussie\/","title":{"rendered":"Manifestation r\u00e9ussie !"},"content":{"rendered":"<p>Le week-end du 8 et 9 septembre 2018 une partie des membres de \u00ab\u00a0Villages Sans Fronti\u00e8res\u00a0\u00bb s&rsquo;\u00e9tait mobilis\u00e9e pour tenir le stand durant la F\u00eate du Sel de Salies-de-B\u00e9arn.<\/p>\n<p>Nous proposions \u00e0 la vente des Soli&rsquo;Sacs, des bijoux cr\u00e9\u00e9s ou recycl\u00e9s, des biscuits et g\u00e2teaux, des stylos rigolos (fabriqu\u00e9s en Inde par des coop\u00e9ratives f\u00e9minines que nous soutenons), de la confiture (fabriqu\u00e9e par les membres de VSF) et du miel des ruches VSF de Salies.<\/p>\n<div id=\"attachment_578\" style=\"width: 650px\" class=\"wp-caption aligncenter\"><a href=\"https:\/\/i0.wp.com\/vsf64.fr\/wp-content\/uploads\/2018\/09\/FETE-DU-SEL-2018.jpg\" data-rel=\"lightbox-image-0\" data-rl_title=\"\" data-rl_caption=\"\" title=\"\"><img data-recalc-dims=\"1\" fetchpriority=\"high\" decoding=\"async\" aria-describedby=\"caption-attachment-578\" data-attachment-id=\"578\" data-permalink=\"https:\/\/vsf64.fr\/index.php\/2018\/09\/15\/manifestation-reussie\/btrhdr\/\" data-orig-file=\"https:\/\/i0.wp.com\/vsf64.fr\/wp-content\/uploads\/2018\/09\/FETE-DU-SEL-2018.jpg?fit=1600%2C1198&amp;ssl=1\" data-orig-size=\"1600,1198\" data-comments-opened=\"0\" data-image-meta=\"{&quot;aperture&quot;:&quot;2.2&quot;,&quot;credit&quot;:&quot;Picasa&quot;,&quot;camera&quot;:&quot;PRA-LX1&quot;,&quot;caption&quot;:&quot;btrhdr&quot;,&quot;created_timestamp&quot;:&quot;1536405819&quot;,&quot;copyright&quot;:&quot;&quot;,&quot;focal_length&quot;:&quot;3.83&quot;,&quot;iso&quot;:&quot;50&quot;,&quot;shutter_speed&quot;:&quot;0.003436&quot;,&quot;title&quot;:&quot;btrhdr&quot;,&quot;orientation&quot;:&quot;0&quot;}\" data-image-title=\"F\u00eate du Sel 2018\" data-image-description=\"\" data-image-caption=\"&lt;p&gt;Stand VSF F\u00eate du Sel 2018&lt;\/p&gt;\n\" data-large-file=\"https:\/\/i0.wp.com\/vsf64.fr\/wp-content\/uploads\/2018\/09\/FETE-DU-SEL-2018.jpg?fit=640%2C479&amp;ssl=1\" class=\"size-large wp-image-578\" src=\"https:\/\/i0.wp.com\/vsf64.fr\/wp-content\/uploads\/2018\/09\/FETE-DU-SEL-2018-1024x767.jpg?resize=640%2C479\" alt=\"Stand VSF F\u00eate du Sel 2018\" width=\"640\" height=\"479\" srcset=\"https:\/\/i0.wp.com\/vsf64.fr\/wp-content\/uploads\/2018\/09\/FETE-DU-SEL-2018.jpg?resize=1024%2C767&amp;ssl=1 1024w, https:\/\/i0.wp.com\/vsf64.fr\/wp-content\/uploads\/2018\/09\/FETE-DU-SEL-2018.jpg?resize=300%2C225&amp;ssl=1 300w, https:\/\/i0.wp.com\/vsf64.fr\/wp-content\/uploads\/2018\/09\/FETE-DU-SEL-2018.jpg?resize=768%2C575&amp;ssl=1 768w, https:\/\/i0.wp.com\/vsf64.fr\/wp-content\/uploads\/2018\/09\/FETE-DU-SEL-2018.jpg?w=1600&amp;ssl=1 1600w, https:\/\/i0.wp.com\/vsf64.fr\/wp-content\/uploads\/2018\/09\/FETE-DU-SEL-2018.jpg?w=1280&amp;ssl=1 1280w\" sizes=\"(max-width: 640px) 100vw, 640px\" \/><\/a><p id=\"caption-attachment-578\" class=\"wp-caption-text\">Stand VSF F\u00eate du Sel 2018<\/p><\/div>\n<div id=\"attachment_581\" style=\"width: 650px\" class=\"wp-caption alignnone\"><a href=\"https:\/\/i0.wp.com\/vsf64.fr\/wp-content\/uploads\/2018\/09\/Mannequin-VSF-Copier.jpg\" data-rel=\"lightbox-image-1\" data-rl_title=\"\" data-rl_caption=\"\" title=\"\"><img data-recalc-dims=\"1\" decoding=\"async\" aria-describedby=\"caption-attachment-581\" data-attachment-id=\"581\" data-permalink=\"https:\/\/vsf64.fr\/index.php\/2018\/09\/15\/manifestation-reussie\/mannequin-vsf-copier\/\" data-orig-file=\"https:\/\/i0.wp.com\/vsf64.fr\/wp-content\/uploads\/2018\/09\/Mannequin-VSF-Copier.jpg?fit=1402%2C1200&amp;ssl=1\" data-orig-size=\"1402,1200\" data-comments-opened=\"0\" data-image-meta=\"{&quot;aperture&quot;:&quot;0&quot;,&quot;credit&quot;:&quot;&quot;,&quot;camera&quot;:&quot;&quot;,&quot;caption&quot;:&quot;&quot;,&quot;created_timestamp&quot;:&quot;0&quot;,&quot;copyright&quot;:&quot;&quot;,&quot;focal_length&quot;:&quot;0&quot;,&quot;iso&quot;:&quot;0&quot;,&quot;shutter_speed&quot;:&quot;0&quot;,&quot;title&quot;:&quot;&quot;,&quot;orientation&quot;:&quot;1&quot;}\" data-image-title=\"Mannequin VSF (Copier)\" data-image-description=\"\" data-image-caption=\"\" data-large-file=\"https:\/\/i0.wp.com\/vsf64.fr\/wp-content\/uploads\/2018\/09\/Mannequin-VSF-Copier.jpg?fit=640%2C548&amp;ssl=1\" class=\"wp-image-581 size-large\" src=\"https:\/\/i0.wp.com\/vsf64.fr\/wp-content\/uploads\/2018\/09\/Mannequin-VSF-Copier-1024x876.jpg?resize=640%2C548\" alt=\"\" width=\"640\" height=\"548\" srcset=\"https:\/\/i0.wp.com\/vsf64.fr\/wp-content\/uploads\/2018\/09\/Mannequin-VSF-Copier.jpg?resize=1024%2C876&amp;ssl=1 1024w, https:\/\/i0.wp.com\/vsf64.fr\/wp-content\/uploads\/2018\/09\/Mannequin-VSF-Copier.jpg?resize=300%2C257&amp;ssl=1 300w, https:\/\/i0.wp.com\/vsf64.fr\/wp-content\/uploads\/2018\/09\/Mannequin-VSF-Copier.jpg?resize=768%2C657&amp;ssl=1 768w, https:\/\/i0.wp.com\/vsf64.fr\/wp-content\/uploads\/2018\/09\/Mannequin-VSF-Copier.jpg?w=1402&amp;ssl=1 1402w, https:\/\/i0.wp.com\/vsf64.fr\/wp-content\/uploads\/2018\/09\/Mannequin-VSF-Copier.jpg?w=1280&amp;ssl=1 1280w\" sizes=\"(max-width: 640px) 100vw, 640px\" \/><\/a><p id=\"caption-attachment-581\" class=\"wp-caption-text\">Notre mannequin VSF s&rsquo;appelait Shakuntala (pour l&rsquo;occasion)<\/p><\/div>\n<div id=\"attachment_579\" style=\"width: 650px\" class=\"wp-caption aligncenter\"><a href=\"https:\/\/i0.wp.com\/vsf64.fr\/wp-content\/uploads\/2018\/09\/IMG_1659-Copier.jpg\" data-rel=\"lightbox-image-2\" data-rl_title=\"\" data-rl_caption=\"\" title=\"\"><img data-recalc-dims=\"1\" decoding=\"async\" aria-describedby=\"caption-attachment-579\" data-attachment-id=\"579\" data-permalink=\"https:\/\/vsf64.fr\/index.php\/2018\/09\/15\/manifestation-reussie\/img_1659-copier\/\" data-orig-file=\"https:\/\/i0.wp.com\/vsf64.fr\/wp-content\/uploads\/2018\/09\/IMG_1659-Copier.jpg?fit=1600%2C1200&amp;ssl=1\" data-orig-size=\"1600,1200\" data-comments-opened=\"0\" data-image-meta=\"{&quot;aperture&quot;:&quot;0&quot;,&quot;credit&quot;:&quot;&quot;,&quot;camera&quot;:&quot;&quot;,&quot;caption&quot;:&quot;&quot;,&quot;created_timestamp&quot;:&quot;0&quot;,&quot;copyright&quot;:&quot;&quot;,&quot;focal_length&quot;:&quot;0&quot;,&quot;iso&quot;:&quot;0&quot;,&quot;shutter_speed&quot;:&quot;0&quot;,&quot;title&quot;:&quot;&quot;,&quot;orientation&quot;:&quot;0&quot;}\" data-image-title=\"IMG_1659 (Copier)\" data-image-description=\"\" data-image-caption=\"\" data-large-file=\"https:\/\/i0.wp.com\/vsf64.fr\/wp-content\/uploads\/2018\/09\/IMG_1659-Copier.jpg?fit=640%2C480&amp;ssl=1\" class=\"wp-image-579 size-large\" src=\"https:\/\/i0.wp.com\/vsf64.fr\/wp-content\/uploads\/2018\/09\/IMG_1659-Copier-1024x768.jpg?resize=640%2C480\" alt=\"\" width=\"640\" height=\"480\" srcset=\"https:\/\/i0.wp.com\/vsf64.fr\/wp-content\/uploads\/2018\/09\/IMG_1659-Copier.jpg?resize=1024%2C768&amp;ssl=1 1024w, https:\/\/i0.wp.com\/vsf64.fr\/wp-content\/uploads\/2018\/09\/IMG_1659-Copier.jpg?resize=300%2C225&amp;ssl=1 300w, https:\/\/i0.wp.com\/vsf64.fr\/wp-content\/uploads\/2018\/09\/IMG_1659-Copier.jpg?resize=768%2C576&amp;ssl=1 768w, https:\/\/i0.wp.com\/vsf64.fr\/wp-content\/uploads\/2018\/09\/IMG_1659-Copier.jpg?w=1600&amp;ssl=1 1600w, https:\/\/i0.wp.com\/vsf64.fr\/wp-content\/uploads\/2018\/09\/IMG_1659-Copier.jpg?w=1280&amp;ssl=1 1280w\" sizes=\"(max-width: 640px) 100vw, 640px\" \/><\/a><p id=\"caption-attachment-579\" class=\"wp-caption-text\">Notre mannequin VSF tient Villages Sans Fronti\u00e8res \u00ab\u00a0en main\u00a0\u00bb&#8230;<\/p><\/div>\n<div id=\"attachment_580\" style=\"width: 650px\" class=\"wp-caption aligncenter\"><a href=\"https:\/\/i0.wp.com\/vsf64.fr\/wp-content\/uploads\/2018\/09\/IMG_1665-Copier.jpg\" data-rel=\"lightbox-image-3\" data-rl_title=\"\" data-rl_caption=\"\" title=\"\"><img data-recalc-dims=\"1\" loading=\"lazy\" decoding=\"async\" aria-describedby=\"caption-attachment-580\" data-attachment-id=\"580\" data-permalink=\"https:\/\/vsf64.fr\/index.php\/2018\/09\/15\/manifestation-reussie\/img_1665-copier\/\" data-orig-file=\"https:\/\/i0.wp.com\/vsf64.fr\/wp-content\/uploads\/2018\/09\/IMG_1665-Copier.jpg?fit=1600%2C1041&amp;ssl=1\" data-orig-size=\"1600,1041\" data-comments-opened=\"0\" data-image-meta=\"{&quot;aperture&quot;:&quot;0&quot;,&quot;credit&quot;:&quot;&quot;,&quot;camera&quot;:&quot;&quot;,&quot;caption&quot;:&quot;&quot;,&quot;created_timestamp&quot;:&quot;0&quot;,&quot;copyright&quot;:&quot;&quot;,&quot;focal_length&quot;:&quot;0&quot;,&quot;iso&quot;:&quot;0&quot;,&quot;shutter_speed&quot;:&quot;0&quot;,&quot;title&quot;:&quot;&quot;,&quot;orientation&quot;:&quot;0&quot;}\" data-image-title=\"IMG_1665 (Copier)\" data-image-description=\"\" data-image-caption=\"\" data-large-file=\"https:\/\/i0.wp.com\/vsf64.fr\/wp-content\/uploads\/2018\/09\/IMG_1665-Copier.jpg?fit=640%2C416&amp;ssl=1\" class=\"wp-image-580 size-large\" src=\"https:\/\/i0.wp.com\/vsf64.fr\/wp-content\/uploads\/2018\/09\/IMG_1665-Copier-1024x666.jpg?resize=640%2C416\" alt=\"\" width=\"640\" height=\"416\" srcset=\"https:\/\/i0.wp.com\/vsf64.fr\/wp-content\/uploads\/2018\/09\/IMG_1665-Copier.jpg?resize=1024%2C666&amp;ssl=1 1024w, https:\/\/i0.wp.com\/vsf64.fr\/wp-content\/uploads\/2018\/09\/IMG_1665-Copier.jpg?resize=300%2C195&amp;ssl=1 300w, https:\/\/i0.wp.com\/vsf64.fr\/wp-content\/uploads\/2018\/09\/IMG_1665-Copier.jpg?resize=768%2C500&amp;ssl=1 768w, https:\/\/i0.wp.com\/vsf64.fr\/wp-content\/uploads\/2018\/09\/IMG_1665-Copier.jpg?w=1600&amp;ssl=1 1600w, https:\/\/i0.wp.com\/vsf64.fr\/wp-content\/uploads\/2018\/09\/IMG_1665-Copier.jpg?w=1280&amp;ssl=1 1280w\" sizes=\"(max-width: 640px) 100vw, 640px\" \/><\/a><p id=\"caption-attachment-580\" class=\"wp-caption-text\">Le but \u00e9tait aussi de d&rsquo;int\u00e9resser de nouveaux parrains&#8230;<\/p><\/div>\n","protected":false},"excerpt":{"rendered":"<p>Le week-end du 8 et 9 septembre 2018 une partie des membres de \u00ab\u00a0Villages Sans Fronti\u00e8res\u00a0\u00bb s&rsquo;\u00e9tait mobilis\u00e9e pour tenir le stand durant la F\u00eate du Sel de Salies-de-B\u00e9arn. Nous proposions \u00e0 la vente des Soli&rsquo;Sacs, des bijoux cr\u00e9\u00e9s ou &hellip; <a href=\"https:\/\/vsf64.fr\/index.php\/2018\/09\/15\/manifestation-reussie\/\">Continuer la lecture <span class=\"meta-nav\">&rarr;<\/span><\/a><\/p>\n","protected":false},"author":1,"featured_media":578,"comment_status":"open","ping_status":"open","sticky":false,"template":"","format":"standard","meta":{"jetpack_post_was_ever_published":false,"_jetpack_newsletter_access":"","_jetpack_dont_email_post_to_subs":false,"_jetpack_newsletter_tier_id":0,"_jetpack_memberships_contains_paywalled_content":false,"_jetpack_memberships_contains_paid_content":false,"footnotes":"","jetpack_publicize_message":"","jetpack_publicize_feature_enabled":true,"jetpack_social_post_already_shared":true,"jetpack_social_options":{"image_generator_settings":{"template":"highway","default_image_id":0,"font":"","enabled":false},"version":2}},"categories":[6,4],"tags":[],"class_list":["post-576","post","type-post","status-publish","format-standard","has-post-thumbnail","hentry","category-actions","category-manifestation"],"jetpack_publicize_connections":[],"jetpack_featured_media_url":"https:\/\/i0.wp.com\/vsf64.fr\/wp-content\/uploads\/2018\/09\/FETE-DU-SEL-2018.jpg?fit=1600%2C1198&ssl=1","jetpack_sharing_enabled":true,"jetpack_shortlink":"https:\/\/wp.me\/p8Gxst-9i","jetpack-related-posts":[{"id":673,"url":"https:\/\/vsf64.fr\/index.php\/2019\/09\/08\/preparation-de-la-fete-du-sel-des-14-et-15-septembre-2019\/","url_meta":{"origin":576,"position":0},"title":"Pr\u00e9paration de la F\u00eate du Sel des 14 et 15 septembre 2019","author":"maria64","date":"8 septembre 2019","format":false,"excerpt":"Apr\u00e8s deux ateliers cr\u00e9atifs qui ont r\u00e9uni une partie des membres de l'association, nous nous pr\u00e9parons maintenant pour la F\u00eate du Sel qui aura lieu le week-end prochain \u00e0 Salies-de-B\u00e9arn. Nous y tiendrons un stand (comme l'ann\u00e9e derni\u00e8re) pour y vendre les diff\u00e9rentes fabrications \"fait main\" ou \"fait maison\" (confitures,\u2026","rel":"","context":"Dans &quot;Non class\u00e9&quot;","block_context":{"text":"Non class\u00e9","link":"https:\/\/vsf64.fr\/index.php\/category\/non-classe\/"},"img":{"alt_text":"","src":"https:\/\/i0.wp.com\/vsf64.fr\/wp-content\/uploads\/2019\/09\/R%C3%A9publique-septembre-2019-1024x668.jpg?resize=350%2C200","width":350,"height":200,"srcset":"https:\/\/i0.wp.com\/vsf64.fr\/wp-content\/uploads\/2019\/09\/R%C3%A9publique-septembre-2019-1024x668.jpg?resize=350%2C200 1x, https:\/\/i0.wp.com\/vsf64.fr\/wp-content\/uploads\/2019\/09\/R%C3%A9publique-septembre-2019-1024x668.jpg?resize=525%2C300 1.5x"},"classes":[]},{"id":1458,"url":"https:\/\/vsf64.fr\/index.php\/2023\/09\/17\/la-fete-du-sel\/","url_meta":{"origin":576,"position":1},"title":"La f\u00eate du Sel","author":"maria64","date":"17 septembre 2023","format":false,"excerpt":"\u00a0 \u00a0Une nouvelle action men\u00e9e \u00e0 bien Les 9 et 10 septembre 2023, la F\u00eate du Sel \u00e0 Salies de B\u00e9arn nous a permis de tenir un stand, anim\u00e9 par les membres de l'association. De bon matin, la toute nouvelle tonnelle (barnum) de l'association a \u00e9t\u00e9 inaugur\u00e9e et mont\u00e9e par\u2026","rel":"","context":"Dans &quot;Non class\u00e9&quot;","block_context":{"text":"Non class\u00e9","link":"https:\/\/vsf64.fr\/index.php\/category\/non-classe\/"},"img":{"alt_text":"","src":"https:\/\/i0.wp.com\/vsf64.fr\/wp-content\/uploads\/2023\/09\/IMG_20230910_160921-Copier.jpg?resize=350%2C200&ssl=1","width":350,"height":200,"srcset":"https:\/\/i0.wp.com\/vsf64.fr\/wp-content\/uploads\/2023\/09\/IMG_20230910_160921-Copier.jpg?resize=350%2C200&ssl=1 1x, https:\/\/i0.wp.com\/vsf64.fr\/wp-content\/uploads\/2023\/09\/IMG_20230910_160921-Copier.jpg?resize=525%2C300&ssl=1 1.5x, https:\/\/i0.wp.com\/vsf64.fr\/wp-content\/uploads\/2023\/09\/IMG_20230910_160921-Copier.jpg?resize=700%2C400&ssl=1 2x"},"classes":[]},{"id":1664,"url":"https:\/\/vsf64.fr\/index.php\/2024\/09\/04\/vsf-fete-ses-40-ans\/","url_meta":{"origin":576,"position":2},"title":"VSF f\u00eate ses 40 ans !","author":"maria64","date":"4 septembre 2024","format":false,"excerpt":"Un bel anniversaire Nous f\u00eatons cette ann\u00e9e les 40 ans d'existence de notre association qui a \u00e9t\u00e9 donc cr\u00e9\u00e9e en 1984 par ses fondateurs Guy et Greet Barth\u00e9lemy. Les \"petites mains\" de Villages Sans Fronti\u00e8res se sont d\u00e9j\u00e0 r\u00e9unies plusieurs fois pour d\u00e9corer et \u00e9tiqueter les tr\u00e8s nombreux pots de\u2026","rel":"","context":"Dans &quot;Non class\u00e9&quot;","block_context":{"text":"Non class\u00e9","link":"https:\/\/vsf64.fr\/index.php\/category\/non-classe\/"},"img":{"alt_text":"","src":"https:\/\/i0.wp.com\/vsf64.fr\/wp-content\/uploads\/2024\/09\/pub-FB-pour-artisans-.jpg?resize=350%2C200&ssl=1","width":350,"height":200,"srcset":"https:\/\/i0.wp.com\/vsf64.fr\/wp-content\/uploads\/2024\/09\/pub-FB-pour-artisans-.jpg?resize=350%2C200&ssl=1 1x, https:\/\/i0.wp.com\/vsf64.fr\/wp-content\/uploads\/2024\/09\/pub-FB-pour-artisans-.jpg?resize=525%2C300&ssl=1 1.5x"},"classes":[]},{"id":1679,"url":"https:\/\/vsf64.fr\/index.php\/2024\/09\/19\/bilan-de-la-participation-a-la-fete-du-sel\/","url_meta":{"origin":576,"position":3},"title":"Bilan de la participation \u00e0 la F\u00eate du Sel","author":"maria64","date":"19 septembre 2024","format":false,"excerpt":"Un grand succ\u00e8s ! Cette ann\u00e9e encore, notre association a particip\u00e9 \u00e0 la traditionnelle F\u00eate du Sel de Salies-de-B\u00e9arn (organis\u00e9e par la Jurade du Sel), et notre stand a \u00e9t\u00e9 anim\u00e9 par une belle \u00e9quipe de b\u00e9n\u00e9voles motiv\u00e9s. Leur \u00e9nergie communicative et leurs sourires ont permis d'accueillir de nombreux clients\u2026","rel":"","context":"Dans &quot;Actions&quot;","block_context":{"text":"Actions","link":"https:\/\/vsf64.fr\/index.php\/category\/actions\/"},"img":{"alt_text":"","src":"https:\/\/i0.wp.com\/vsf64.fr\/wp-content\/uploads\/2024\/09\/Fete-du-Sel-2024-2.jpg?fit=800%2C599&ssl=1&resize=350%2C200","width":350,"height":200,"srcset":"https:\/\/i0.wp.com\/vsf64.fr\/wp-content\/uploads\/2024\/09\/Fete-du-Sel-2024-2.jpg?fit=800%2C599&ssl=1&resize=350%2C200 1x, https:\/\/i0.wp.com\/vsf64.fr\/wp-content\/uploads\/2024\/09\/Fete-du-Sel-2024-2.jpg?fit=800%2C599&ssl=1&resize=525%2C300 1.5x, https:\/\/i0.wp.com\/vsf64.fr\/wp-content\/uploads\/2024\/09\/Fete-du-Sel-2024-2.jpg?fit=800%2C599&ssl=1&resize=700%2C400 2x"},"classes":[]},{"id":558,"url":"https:\/\/vsf64.fr\/index.php\/2018\/08\/14\/prochain-atelier\/","url_meta":{"origin":576,"position":4},"title":"Prochain atelier","author":"maria64","date":"14 ao\u00fbt 2018","format":false,"excerpt":"Nouvelle rencontre des membres de VSF C'est samedi prochain 18 ao\u00fbt 2018 que se tiendra l'atelier de pr\u00e9paration (de 14 h \u00e0 17 h ou 18 h) au si\u00e8ge social (16 quartier Lasbordes \u00e0 Salies-de-B\u00e9arn) pour la F\u00eate du Sel A cette occasion plusieurs activit\u00e9s sont pr\u00e9vues : un atelier\u2026","rel":"","context":"Dans &quot;Ateliers&quot;","block_context":{"text":"Ateliers","link":"https:\/\/vsf64.fr\/index.php\/category\/ateliers\/"},"img":{"alt_text":"","src":"https:\/\/i0.wp.com\/vsf64.fr\/wp-content\/uploads\/2018\/08\/P1120207-Copier.jpg?fit=1200%2C900&ssl=1&resize=350%2C200","width":350,"height":200,"srcset":"https:\/\/i0.wp.com\/vsf64.fr\/wp-content\/uploads\/2018\/08\/P1120207-Copier.jpg?fit=1200%2C900&ssl=1&resize=350%2C200 1x, https:\/\/i0.wp.com\/vsf64.fr\/wp-content\/uploads\/2018\/08\/P1120207-Copier.jpg?fit=1200%2C900&ssl=1&resize=525%2C300 1.5x, https:\/\/i0.wp.com\/vsf64.fr\/wp-content\/uploads\/2018\/08\/P1120207-Copier.jpg?fit=1200%2C900&ssl=1&resize=700%2C400 2x, https:\/\/i0.wp.com\/vsf64.fr\/wp-content\/uploads\/2018\/08\/P1120207-Copier.jpg?fit=1200%2C900&ssl=1&resize=1050%2C600 3x"},"classes":[]},{"id":564,"url":"https:\/\/vsf64.fr\/index.php\/2018\/08\/20\/apres-midi-creation\/","url_meta":{"origin":576,"position":5},"title":"Apr\u00e8s-midi cr\u00e9ation","author":"maria64","date":"20 ao\u00fbt 2018","format":false,"excerpt":"Ce samedi les petites \"mains cr\u00e9atives\" du B\u00e9arn ont \u00e9t\u00e9 bien occup\u00e9es \u00e0 pr\u00e9parer le stand qui se tiendra \u00e0 la F\u00eate du Sel de Salies-de-B\u00e9arn (8 et 9 septembre). Des bijoux ont \u00e9t\u00e9 r\u00e9alis\u00e9s, des \u00e9tiquettes coll\u00e9es, des pots de miel d\u00e9cor\u00e9s, et des cr\u00e9ations en tissus rembourr\u00e9es. Merci\u2026","rel":"","context":"Dans &quot;Actions&quot;","block_context":{"text":"Actions","link":"https:\/\/vsf64.fr\/index.php\/category\/actions\/"},"img":{"alt_text":"","src":"https:\/\/i0.wp.com\/vsf64.fr\/wp-content\/uploads\/2018\/08\/P1120242-Copier.jpg?fit=1200%2C900&ssl=1&resize=350%2C200","width":350,"height":200,"srcset":"https:\/\/i0.wp.com\/vsf64.fr\/wp-content\/uploads\/2018\/08\/P1120242-Copier.jpg?fit=1200%2C900&ssl=1&resize=350%2C200 1x, https:\/\/i0.wp.com\/vsf64.fr\/wp-content\/uploads\/2018\/08\/P1120242-Copier.jpg?fit=1200%2C900&ssl=1&resize=525%2C300 1.5x, https:\/\/i0.wp.com\/vsf64.fr\/wp-content\/uploads\/2018\/08\/P1120242-Copier.jpg?fit=1200%2C900&ssl=1&resize=700%2C400 2x, https:\/\/i0.wp.com\/vsf64.fr\/wp-content\/uploads\/2018\/08\/P1120242-Copier.jpg?fit=1200%2C900&ssl=1&resize=1050%2C600 3x"},"classes":[]}],"_links":{"self":[{"href":"https:\/\/vsf64.fr\/index.php\/wp-json\/wp\/v2\/posts\/576","targetHints":{"allow":["GET"]}}],"collection":[{"href":"https:\/\/vsf64.fr\/index.php\/wp-json\/wp\/v2\/posts"}],"about":[{"href":"https:\/\/vsf64.fr\/index.php\/wp-json\/wp\/v2\/types\/post"}],"author":[{"embeddable":true,"href":"https:\/\/vsf64.fr\/index.php\/wp-json\/wp\/v2\/users\/1"}],"replies":[{"embeddable":true,"href":"https:\/\/vsf64.fr\/index.php\/wp-json\/wp\/v2\/comments?post=576"}],"version-history":[{"count":1,"href":"https:\/\/vsf64.fr\/index.php\/wp-json\/wp\/v2\/posts\/576\/revisions"}],"predecessor-version":[{"id":582,"href":"https:\/\/vsf64.fr\/index.php\/wp-json\/wp\/v2\/posts\/576\/revisions\/582"}],"wp:featuredmedia":[{"embeddable":true,"href":"https:\/\/vsf64.fr\/index.php\/wp-json\/wp\/v2\/media\/578"}],"wp:attachment":[{"href":"https:\/\/vsf64.fr\/index.php\/wp-json\/wp\/v2\/media?parent=576"}],"wp:term":[{"taxonomy":"category","embeddable":true,"href":"https:\/\/vsf64.fr\/index.php\/wp-json\/wp\/v2\/categories?post=576"},{"taxonomy":"post_tag","embeddable":true,"href":"https:\/\/vsf64.fr\/index.php\/wp-json\/wp\/v2\/tags?post=576"}],"curies":[{"name":"wp","href":"https:\/\/api.w.org\/{rel}","templated":true}]}}