{"id":539,"date":"2018-04-28T10:19:15","date_gmt":"2018-04-28T09:19:15","guid":{"rendered":"http:\/\/vsf64.fr\/?p=539"},"modified":"2018-04-28T10:27:44","modified_gmt":"2018-04-28T09:27:44","slug":"dans-la-presse-la-republique-des-pyrenees","status":"publish","type":"post","link":"https:\/\/vsf64.fr\/index.php\/2018\/04\/28\/dans-la-presse-la-republique-des-pyrenees\/","title":{"rendered":"Dans la presse &#8211; La R\u00e9publique des Pyr\u00e9n\u00e9es"},"content":{"rendered":"<p>Merci Jean-Fran\u00e7ois !<\/p>\n<div id=\"attachment_540\" style=\"width: 650px\" class=\"wp-caption alignnone\"><a href=\"https:\/\/i0.wp.com\/vsf64.fr\/wp-content\/uploads\/2018\/04\/La-Rep-28-04-18bis-Copier.jpg\" data-rel=\"lightbox-image-0\" data-rl_title=\"\" data-rl_caption=\"\" title=\"\"><img data-recalc-dims=\"1\" fetchpriority=\"high\" decoding=\"async\" aria-describedby=\"caption-attachment-540\" data-attachment-id=\"540\" data-permalink=\"https:\/\/vsf64.fr\/index.php\/2018\/04\/28\/dans-la-presse-la-republique-des-pyrenees\/la-rep-28-04-18bis-copier\/\" data-orig-file=\"https:\/\/i0.wp.com\/vsf64.fr\/wp-content\/uploads\/2018\/04\/La-Rep-28-04-18bis-Copier.jpg?fit=1390%2C1200&amp;ssl=1\" data-orig-size=\"1390,1200\" data-comments-opened=\"0\" data-image-meta=\"{&quot;aperture&quot;:&quot;0&quot;,&quot;credit&quot;:&quot;&quot;,&quot;camera&quot;:&quot;&quot;,&quot;caption&quot;:&quot;&quot;,&quot;created_timestamp&quot;:&quot;0&quot;,&quot;copyright&quot;:&quot;&quot;,&quot;focal_length&quot;:&quot;0&quot;,&quot;iso&quot;:&quot;0&quot;,&quot;shutter_speed&quot;:&quot;0&quot;,&quot;title&quot;:&quot;&quot;,&quot;orientation&quot;:&quot;0&quot;}\" data-image-title=\"La Rep 28-04-18bis (Copier)\" data-image-description=\"\" data-image-caption=\"&lt;p&gt;La R\u00e9publique des Pyr\u00e9n\u00e9es 28-04-18&lt;\/p&gt;\n\" data-large-file=\"https:\/\/i0.wp.com\/vsf64.fr\/wp-content\/uploads\/2018\/04\/La-Rep-28-04-18bis-Copier.jpg?fit=640%2C553&amp;ssl=1\" class=\"size-large wp-image-540\" src=\"https:\/\/i0.wp.com\/vsf64.fr\/wp-content\/uploads\/2018\/04\/La-Rep-28-04-18bis-Copier-1024x884.jpg?resize=640%2C553\" alt=\"Presse\" width=\"640\" height=\"553\" srcset=\"https:\/\/i0.wp.com\/vsf64.fr\/wp-content\/uploads\/2018\/04\/La-Rep-28-04-18bis-Copier.jpg?resize=1024%2C884&amp;ssl=1 1024w, https:\/\/i0.wp.com\/vsf64.fr\/wp-content\/uploads\/2018\/04\/La-Rep-28-04-18bis-Copier.jpg?resize=300%2C259&amp;ssl=1 300w, https:\/\/i0.wp.com\/vsf64.fr\/wp-content\/uploads\/2018\/04\/La-Rep-28-04-18bis-Copier.jpg?resize=768%2C663&amp;ssl=1 768w, https:\/\/i0.wp.com\/vsf64.fr\/wp-content\/uploads\/2018\/04\/La-Rep-28-04-18bis-Copier.jpg?resize=600%2C518&amp;ssl=1 600w, https:\/\/i0.wp.com\/vsf64.fr\/wp-content\/uploads\/2018\/04\/La-Rep-28-04-18bis-Copier.jpg?w=1390&amp;ssl=1 1390w, https:\/\/i0.wp.com\/vsf64.fr\/wp-content\/uploads\/2018\/04\/La-Rep-28-04-18bis-Copier.jpg?w=1280&amp;ssl=1 1280w\" sizes=\"(max-width: 640px) 100vw, 640px\" \/><\/a><p id=\"caption-attachment-540\" class=\"wp-caption-text\">La R\u00e9publique des Pyr\u00e9n\u00e9es 28-04-18<\/p><\/div>\n","protected":false},"excerpt":{"rendered":"<p>Merci Jean-Fran\u00e7ois !<\/p>\n","protected":false},"author":1,"featured_media":540,"comment_status":"open","ping_status":"open","sticky":false,"template":"","format":"standard","meta":{"jetpack_post_was_ever_published":false,"_jetpack_newsletter_access":"","_jetpack_dont_email_post_to_subs":false,"_jetpack_newsletter_tier_id":0,"_jetpack_memberships_contains_paywalled_content":false,"_jetpack_memberships_contains_paid_content":false,"footnotes":"","jetpack_publicize_message":"","jetpack_publicize_feature_enabled":true,"jetpack_social_post_already_shared":true,"jetpack_social_options":{"image_generator_settings":{"template":"highway","default_image_id":0,"font":"","enabled":false},"version":2}},"categories":[1],"tags":[41,40,36],"class_list":["post-539","post","type-post","status-publish","format-standard","has-post-thumbnail","hentry","category-non-classe","tag-article","tag-la-republique","tag-presse"],"jetpack_publicize_connections":[],"jetpack_featured_media_url":"https:\/\/i0.wp.com\/vsf64.fr\/wp-content\/uploads\/2018\/04\/La-Rep-28-04-18bis-Copier.jpg?fit=1390%2C1200&ssl=1","jetpack_sharing_enabled":true,"jetpack_shortlink":"https:\/\/wp.me\/p8Gxst-8H","jetpack-related-posts":[{"id":1768,"url":"https:\/\/vsf64.fr\/index.php\/2025\/07\/28\/que-sest-il-passe-recemment\/","url_meta":{"origin":539,"position":0},"title":"Que s&rsquo;est-il pass\u00e9 r\u00e9cemment ?","author":"maria64","date":"28 juillet 2025","format":false,"excerpt":"Premier semestre 2025 Les membres de VSF ont continu\u00e9 \u00e0 \u0153uvrer activement depuis le march\u00e9 de No\u00ebl en d\u00e9cembre 2024 \u00e0 Salies. Au d\u00e9but de l'ann\u00e9e, une mission en Inde a permis de faire le point sur les diff\u00e9rents projets en cours, offrant ainsi une vision claire des avanc\u00e9es sur\u2026","rel":"","context":"Dans &quot;Officiel&quot;","block_context":{"text":"Officiel","link":"https:\/\/vsf64.fr\/index.php\/category\/officiel\/"},"img":{"alt_text":"","src":"https:\/\/i0.wp.com\/vsf64.fr\/wp-content\/uploads\/2025\/07\/1753706868268-scaled-e1753709343942.jpg?resize=350%2C200&ssl=1","width":350,"height":200,"srcset":"https:\/\/i0.wp.com\/vsf64.fr\/wp-content\/uploads\/2025\/07\/1753706868268-scaled-e1753709343942.jpg?resize=350%2C200&ssl=1 1x, https:\/\/i0.wp.com\/vsf64.fr\/wp-content\/uploads\/2025\/07\/1753706868268-scaled-e1753709343942.jpg?resize=525%2C300&ssl=1 1.5x, https:\/\/i0.wp.com\/vsf64.fr\/wp-content\/uploads\/2025\/07\/1753706868268-scaled-e1753709343942.jpg?resize=700%2C400&ssl=1 2x, https:\/\/i0.wp.com\/vsf64.fr\/wp-content\/uploads\/2025\/07\/1753706868268-scaled-e1753709343942.jpg?resize=1050%2C600&ssl=1 3x"},"classes":[]},{"id":646,"url":"https:\/\/vsf64.fr\/index.php\/2019\/04\/01\/lassemblee-generale-a-eu-lieu\/","url_meta":{"origin":539,"position":1},"title":"L&rsquo;Assembl\u00e9e G\u00e9n\u00e9rale a eu lieu","author":"maria64","date":"1 avril 2019","format":false,"excerpt":"Merci \u00e0 notre correspondant pr\u00e9f\u00e9r\u00e9 d'avoir si bien r\u00e9sum\u00e9 le contenu de l'Assembl\u00e9e G\u00e9n\u00e9rale de Villages Sans Fronti\u00e8res dans \"La R\u00e9publique des Pyr\u00e9n\u00e9es\".","rel":"","context":"Dans &quot;Officiel&quot;","block_context":{"text":"Officiel","link":"https:\/\/vsf64.fr\/index.php\/category\/officiel\/"},"img":{"alt_text":"","src":"https:\/\/i0.wp.com\/vsf64.fr\/wp-content\/uploads\/2019\/03\/001-Copier-684x1024.jpg?resize=350%2C200","width":350,"height":200,"srcset":"https:\/\/i0.wp.com\/vsf64.fr\/wp-content\/uploads\/2019\/03\/001-Copier-684x1024.jpg?resize=350%2C200 1x, https:\/\/i0.wp.com\/vsf64.fr\/wp-content\/uploads\/2019\/03\/001-Copier-684x1024.jpg?resize=525%2C300 1.5x"},"classes":[]},{"id":1611,"url":"https:\/\/vsf64.fr\/index.php\/2024\/04\/27\/notre-assemblee-generale-a-eu-lieu\/","url_meta":{"origin":539,"position":2},"title":"Notre Assembl\u00e9e G\u00e9n\u00e9rale a eu lieu","author":"maria64","date":"27 avril 2024","format":false,"excerpt":"Le bilan de l'ann\u00e9e 2023 Comme le d\u00e9crit si bien Jean-Fran\u00e7ois dans l'article ci-dessous, l'ann\u00e9e 2023 a \u00e9t\u00e9 active, pour Villages Sans Fronti\u00e8res et ses membres.","rel":"","context":"Dans &quot;Non class\u00e9&quot;","block_context":{"text":"Non class\u00e9","link":"https:\/\/vsf64.fr\/index.php\/category\/non-classe\/"},"img":{"alt_text":"","src":"https:\/\/i0.wp.com\/vsf64.fr\/wp-content\/uploads\/2024\/04\/Article-la-Rep-suite-AG-Copier.png?resize=350%2C200&ssl=1","width":350,"height":200,"srcset":"https:\/\/i0.wp.com\/vsf64.fr\/wp-content\/uploads\/2024\/04\/Article-la-Rep-suite-AG-Copier.png?resize=350%2C200&ssl=1 1x, https:\/\/i0.wp.com\/vsf64.fr\/wp-content\/uploads\/2024\/04\/Article-la-Rep-suite-AG-Copier.png?resize=525%2C300&ssl=1 1.5x"},"classes":[]},{"id":189,"url":"https:\/\/vsf64.fr\/index.php\/2015\/11\/29\/apres-midi-yoga-2\/","url_meta":{"origin":539,"position":3},"title":"Apr\u00e8s-midi Yoga","author":"maria64","date":"29 novembre 2015","format":false,"excerpt":"Une apr\u00e8s-midi yoga s'est d\u00e9roul\u00e9e le 28 novembre au Centre Socioculturel d'Orthez, au b\u00e9n\u00e9fice de l'association Villages Sans Fronti\u00e8res Eva Pottier, (professeur de yoga de Salies-de-B\u00e9arn) a amen\u00e9 les 20 participants \u00e0 \"se recentrer pour mieux \u00eatre et mieux agir\", et ce durant tout l'apr\u00e8s-midi. Lors de la pause go\u00fbter,\u2026","rel":"","context":"Dans &quot;manifestation&quot;","block_context":{"text":"manifestation","link":"https:\/\/vsf64.fr\/index.php\/category\/manifestation\/"},"img":{"alt_text":"Yoga Centre Socioculturel","src":"https:\/\/i0.wp.com\/vsf64.fr\/wp-content\/uploads\/2015\/11\/DSC07527-1600x1200-300x225.jpg?resize=350%2C200","width":350,"height":200},"classes":[]},{"id":1437,"url":"https:\/\/vsf64.fr\/index.php\/2023\/04\/30\/dans-la-presse\/","url_meta":{"origin":539,"position":4},"title":"Dans la presse","author":"maria64","date":"30 avril 2023","format":false,"excerpt":"Bilan\u00a0 2022 Gr\u00e2ce \u00e0 notre correspondant local personnel, le r\u00e9sum\u00e9 de notre derni\u00e8re Assembl\u00e9e G\u00e9n\u00e9rale a \u00e9t\u00e9 publi\u00e9 sur le journal La R\u00e9publique. Merci \u00e0 lui !","rel":"","context":"Dans &quot;Non class\u00e9&quot;","block_context":{"text":"Non class\u00e9","link":"https:\/\/vsf64.fr\/index.php\/category\/non-classe\/"},"img":{"alt_text":"","src":"https:\/\/i0.wp.com\/vsf64.fr\/wp-content\/uploads\/2023\/04\/article-2023-Copier.jpg?resize=350%2C200","width":350,"height":200,"srcset":"https:\/\/i0.wp.com\/vsf64.fr\/wp-content\/uploads\/2023\/04\/article-2023-Copier.jpg?resize=350%2C200 1x, https:\/\/i0.wp.com\/vsf64.fr\/wp-content\/uploads\/2023\/04\/article-2023-Copier.jpg?resize=525%2C300 1.5x"},"classes":[]},{"id":673,"url":"https:\/\/vsf64.fr\/index.php\/2019\/09\/08\/preparation-de-la-fete-du-sel-des-14-et-15-septembre-2019\/","url_meta":{"origin":539,"position":5},"title":"Pr\u00e9paration de la F\u00eate du Sel des 14 et 15 septembre 2019","author":"maria64","date":"8 septembre 2019","format":false,"excerpt":"Apr\u00e8s deux ateliers cr\u00e9atifs qui ont r\u00e9uni une partie des membres de l'association, nous nous pr\u00e9parons maintenant pour la F\u00eate du Sel qui aura lieu le week-end prochain \u00e0 Salies-de-B\u00e9arn. Nous y tiendrons un stand (comme l'ann\u00e9e derni\u00e8re) pour y vendre les diff\u00e9rentes fabrications \"fait main\" ou \"fait maison\" (confitures,\u2026","rel":"","context":"Dans &quot;Non class\u00e9&quot;","block_context":{"text":"Non class\u00e9","link":"https:\/\/vsf64.fr\/index.php\/category\/non-classe\/"},"img":{"alt_text":"","src":"https:\/\/i0.wp.com\/vsf64.fr\/wp-content\/uploads\/2019\/09\/R%C3%A9publique-septembre-2019-1024x668.jpg?resize=350%2C200","width":350,"height":200,"srcset":"https:\/\/i0.wp.com\/vsf64.fr\/wp-content\/uploads\/2019\/09\/R%C3%A9publique-septembre-2019-1024x668.jpg?resize=350%2C200 1x, https:\/\/i0.wp.com\/vsf64.fr\/wp-content\/uploads\/2019\/09\/R%C3%A9publique-septembre-2019-1024x668.jpg?resize=525%2C300 1.5x"},"classes":[]}],"_links":{"self":[{"href":"https:\/\/vsf64.fr\/index.php\/wp-json\/wp\/v2\/posts\/539","targetHints":{"allow":["GET"]}}],"collection":[{"href":"https:\/\/vsf64.fr\/index.php\/wp-json\/wp\/v2\/posts"}],"about":[{"href":"https:\/\/vsf64.fr\/index.php\/wp-json\/wp\/v2\/types\/post"}],"author":[{"embeddable":true,"href":"https:\/\/vsf64.fr\/index.php\/wp-json\/wp\/v2\/users\/1"}],"replies":[{"embeddable":true,"href":"https:\/\/vsf64.fr\/index.php\/wp-json\/wp\/v2\/comments?post=539"}],"version-history":[{"count":1,"href":"https:\/\/vsf64.fr\/index.php\/wp-json\/wp\/v2\/posts\/539\/revisions"}],"predecessor-version":[{"id":541,"href":"https:\/\/vsf64.fr\/index.php\/wp-json\/wp\/v2\/posts\/539\/revisions\/541"}],"wp:featuredmedia":[{"embeddable":true,"href":"https:\/\/vsf64.fr\/index.php\/wp-json\/wp\/v2\/media\/540"}],"wp:attachment":[{"href":"https:\/\/vsf64.fr\/index.php\/wp-json\/wp\/v2\/media?parent=539"}],"wp:term":[{"taxonomy":"category","embeddable":true,"href":"https:\/\/vsf64.fr\/index.php\/wp-json\/wp\/v2\/categories?post=539"},{"taxonomy":"post_tag","embeddable":true,"href":"https:\/\/vsf64.fr\/index.php\/wp-json\/wp\/v2\/tags?post=539"}],"curies":[{"name":"wp","href":"https:\/\/api.w.org\/{rel}","templated":true}]}}