{"id":495,"date":"2018-01-16T21:52:17","date_gmt":"2018-01-16T20:52:17","guid":{"rendered":"http:\/\/vsf64.fr\/?p=495"},"modified":"2018-01-16T22:44:39","modified_gmt":"2018-01-16T21:44:39","slug":"prochaine-mission","status":"publish","type":"post","link":"https:\/\/vsf64.fr\/index.php\/2018\/01\/16\/prochaine-mission\/","title":{"rendered":"Prochaine mission"},"content":{"rendered":"<h2 style=\"text-align: center;\"><span style=\"text-decoration: underline; color: #ff6600;\"><strong>2018<\/strong><\/span><\/h2>\n<h3>Il est encore temps de vous souhaiter une ann\u00e9e 2018 belle et lumineuse, riche en amiti\u00e9 et partage, pleine de joie et de paix.<\/h3>\n<h3>Nous commen\u00e7ons par cette information diffus\u00e9e par la BBC\u00a0: trois millions de filles indiennes \u00e2g\u00e9es de 10 \u00e0 14 ans ne seraient pas scolaris\u00e9es.<\/h3>\n<h3>Pour cette raison, nous sommes d\u2019autant plus heureux de participer \u00e0 la scolarisation de nombreuses filles et gar\u00e7ons, une action possible gr\u00e2ce au parrainage des membres de Villages Sans Fronti\u00e8res.<\/h3>\n<h3>A l\u2019\u00e9cole Nai Talim en Inde (\u00e0 Sewagram, dans l&rsquo;\u00e9tat du Maharashtra) , les \u00e9l\u00e8ves ont \u00e9t\u00e9 bien occup\u00e9s durant ces six derniers mois. Durant deux jours, des \u00e9l\u00e8ves de 10 \u00e0 15 ans ont pr\u00e9par\u00e9 des expositions sur la sant\u00e9 et la nutrition.<\/h3>\n<h3>\u00c0 travers des jeux scientifiques qu\u2019ils ont vendus, ils ont pu sensibiliser \u00e0 l\u2019analyse nutritionnelle.<\/h3>\n<p><a href=\"https:\/\/i0.wp.com\/vsf64.fr\/wp-content\/uploads\/2018\/01\/20170411_102608-1600x1200.jpg\" data-rel=\"lightbox-image-0\" data-rl_title=\"\" data-rl_caption=\"\" title=\"\"><img data-recalc-dims=\"1\" fetchpriority=\"high\" decoding=\"async\" data-attachment-id=\"496\" data-permalink=\"https:\/\/vsf64.fr\/index.php\/2018\/01\/16\/prochaine-mission\/20170411_102608-1600x1200\/\" data-orig-file=\"https:\/\/i0.wp.com\/vsf64.fr\/wp-content\/uploads\/2018\/01\/20170411_102608-1600x1200.jpg?fit=1600%2C900&amp;ssl=1\" data-orig-size=\"1600,900\" data-comments-opened=\"0\" data-image-meta=\"{&quot;aperture&quot;:&quot;1.9&quot;,&quot;credit&quot;:&quot;&quot;,&quot;camera&quot;:&quot;SM-J500F&quot;,&quot;caption&quot;:&quot;&quot;,&quot;created_timestamp&quot;:&quot;1491906368&quot;,&quot;copyright&quot;:&quot;&quot;,&quot;focal_length&quot;:&quot;3.7&quot;,&quot;iso&quot;:&quot;400&quot;,&quot;shutter_speed&quot;:&quot;0.058823529411765&quot;,&quot;title&quot;:&quot;&quot;,&quot;orientation&quot;:&quot;1&quot;}\" data-image-title=\"Classe de sciences \u00e0 l&amp;rsquo;\u00e9cole Nai Talim\" data-image-description=\"\" data-image-caption=\"\" data-large-file=\"https:\/\/i0.wp.com\/vsf64.fr\/wp-content\/uploads\/2018\/01\/20170411_102608-1600x1200.jpg?fit=640%2C360&amp;ssl=1\" class=\"alignnone size-large wp-image-496\" src=\"https:\/\/i0.wp.com\/vsf64.fr\/wp-content\/uploads\/2018\/01\/20170411_102608-1600x1200-1024x576.jpg?resize=640%2C360\" alt=\"Classe de sciences \u00e0 l'\u00e9cole Nai Talim\" width=\"640\" height=\"360\" srcset=\"https:\/\/i0.wp.com\/vsf64.fr\/wp-content\/uploads\/2018\/01\/20170411_102608-1600x1200.jpg?resize=1024%2C576&amp;ssl=1 1024w, https:\/\/i0.wp.com\/vsf64.fr\/wp-content\/uploads\/2018\/01\/20170411_102608-1600x1200.jpg?resize=300%2C169&amp;ssl=1 300w, https:\/\/i0.wp.com\/vsf64.fr\/wp-content\/uploads\/2018\/01\/20170411_102608-1600x1200.jpg?resize=768%2C432&amp;ssl=1 768w, https:\/\/i0.wp.com\/vsf64.fr\/wp-content\/uploads\/2018\/01\/20170411_102608-1600x1200.jpg?resize=600%2C338&amp;ssl=1 600w, https:\/\/i0.wp.com\/vsf64.fr\/wp-content\/uploads\/2018\/01\/20170411_102608-1600x1200.jpg?resize=1600%2C1200&amp;ssl=1 1600w, https:\/\/i0.wp.com\/vsf64.fr\/wp-content\/uploads\/2018\/01\/20170411_102608-1600x1200.jpg?w=1280&amp;ssl=1 1280w\" sizes=\"(max-width: 640px) 100vw, 640px\" \/><\/a><\/p>\n<table style=\"height: 57px;\" width=\"631\">\n<tbody>\n<tr style=\"height: 4.93335px;\">\n<td style=\"height: 4.93335px; width: 589.767px;\">\n<p style=\"text-align: center;\"><em>Classes scientifiques pour les \u00e9l\u00e8ves les plus <\/em><em>\u00e2g\u00e9s.<\/em><\/p>\n<\/td>\n<\/tr>\n<\/tbody>\n<\/table>\n<h3>D\u2019autres jeunes ont pris part \u00e0 des comp\u00e9titions de yoga, d\u2019athl\u00e9tisme, de mallkhamb* ou encore de volley au niveau r\u00e9gional.<\/h3>\n<h3>* Le <a href=\"https:\/\/fr.wikipedia.org\/wiki\/Mallakhamb\">mallkhamb <\/a>est un sport traditionnel indien pratiqu\u00e9 avec une corde pour r\u00e9aliser des postures de yoga a\u00e9riennes.<\/h3>\n<h3>Certains ont aussi particip\u00e9 \u00e0 deux camps organis\u00e9s avec un sp\u00e9cialiste d\u2019astronomie de Mumbai. Ils ont pu apprendre l\u2019astronomie en journ\u00e9e et l\u2019observation du ciel.<\/h3>\n<h3>La musique et la danse ont \u00e9galement \u00e9t\u00e9 au c\u0153ur du programme de ce dernier semestre.<\/h3>\n<h3>Finalement les \u00e9l\u00e8ves ayant des difficult\u00e9s d\u2019apprentissage ont pu b\u00e9n\u00e9ficier d\u2019une aide particuli\u00e8re adapt\u00e9e.<\/h3>\n<h3>En France aussi, les membres de Villages Sans Fronti\u00e8res ont \u00e9t\u00e9 bien occup\u00e9s, en particulier pour confectionner de la confiture, cr\u00e9er et pr\u00e9parer des objets pour la vente au b\u00e9n\u00e9fice des actions soutenues par notre association. Un atelier cr\u00e9atif rassemblant certains membres a eu lieu d\u00e9but septembre, puis un autre fin octobre.<\/h3>\n<p><a href=\"https:\/\/i0.wp.com\/vsf64.fr\/wp-content\/uploads\/2018\/01\/P1080668-Copier.jpg\" data-rel=\"lightbox-image-1\" data-rl_title=\"\" data-rl_caption=\"\" title=\"\"><img data-recalc-dims=\"1\" decoding=\"async\" data-attachment-id=\"497\" data-permalink=\"https:\/\/vsf64.fr\/index.php\/2018\/01\/16\/prochaine-mission\/p1080668-copier\/\" data-orig-file=\"https:\/\/i0.wp.com\/vsf64.fr\/wp-content\/uploads\/2018\/01\/P1080668-Copier.jpg?fit=1024%2C768&amp;ssl=1\" data-orig-size=\"1024,768\" data-comments-opened=\"0\" data-image-meta=\"{&quot;aperture&quot;:&quot;3.2&quot;,&quot;credit&quot;:&quot;&quot;,&quot;camera&quot;:&quot;DMC-FZ200&quot;,&quot;caption&quot;:&quot;&quot;,&quot;created_timestamp&quot;:&quot;1509190515&quot;,&quot;copyright&quot;:&quot;&quot;,&quot;focal_length&quot;:&quot;7.8&quot;,&quot;iso&quot;:&quot;400&quot;,&quot;shutter_speed&quot;:&quot;0.02&quot;,&quot;title&quot;:&quot;&quot;,&quot;orientation&quot;:&quot;1&quot;}\" data-image-title=\"Atelier cr\u00e9atif Sapins de No\u00ebl\" data-image-description=\"\" data-image-caption=\"\" data-large-file=\"https:\/\/i0.wp.com\/vsf64.fr\/wp-content\/uploads\/2018\/01\/P1080668-Copier.jpg?fit=640%2C480&amp;ssl=1\" class=\"alignnone size-large wp-image-497\" src=\"https:\/\/i0.wp.com\/vsf64.fr\/wp-content\/uploads\/2018\/01\/P1080668-Copier-1024x768.jpg?resize=640%2C480\" alt=\"Atelier cr\u00e9atif Sapins de No\u00ebl\" width=\"640\" height=\"480\" srcset=\"https:\/\/i0.wp.com\/vsf64.fr\/wp-content\/uploads\/2018\/01\/P1080668-Copier.jpg?w=1024&amp;ssl=1 1024w, https:\/\/i0.wp.com\/vsf64.fr\/wp-content\/uploads\/2018\/01\/P1080668-Copier.jpg?resize=300%2C225&amp;ssl=1 300w, https:\/\/i0.wp.com\/vsf64.fr\/wp-content\/uploads\/2018\/01\/P1080668-Copier.jpg?resize=768%2C576&amp;ssl=1 768w, https:\/\/i0.wp.com\/vsf64.fr\/wp-content\/uploads\/2018\/01\/P1080668-Copier.jpg?resize=600%2C450&amp;ssl=1 600w\" sizes=\"(max-width: 640px) 100vw, 640px\" \/><\/a><\/p>\n<table width=\"100%\">\n<tbody>\n<tr>\n<td style=\"text-align: center;\"><em>Atelier cr\u00e9atif \u00ab\u00a0sapins de No\u00ebl\u00a0\u00bb en tissu<\/em><\/td>\n<\/tr>\n<\/tbody>\n<\/table>\n<table style=\"height: 12px;\" width=\"615\">\n<tbody>\n<tr>\n<td style=\"width: 589.767px;\"><\/td>\n<\/tr>\n<\/tbody>\n<\/table>\n<h3><a href=\"https:\/\/i0.wp.com\/vsf64.fr\/wp-content\/uploads\/2018\/01\/P1080689-Copier.jpg\" data-rel=\"lightbox-image-2\" data-rl_title=\"\" data-rl_caption=\"\" title=\"\"><img data-recalc-dims=\"1\" decoding=\"async\" data-attachment-id=\"498\" data-permalink=\"https:\/\/vsf64.fr\/index.php\/2018\/01\/16\/prochaine-mission\/p1080689-copier\/\" data-orig-file=\"https:\/\/i0.wp.com\/vsf64.fr\/wp-content\/uploads\/2018\/01\/P1080689-Copier.jpg?fit=1024%2C768&amp;ssl=1\" data-orig-size=\"1024,768\" data-comments-opened=\"0\" data-image-meta=\"{&quot;aperture&quot;:&quot;3.2&quot;,&quot;credit&quot;:&quot;&quot;,&quot;camera&quot;:&quot;DMC-FZ200&quot;,&quot;caption&quot;:&quot;&quot;,&quot;created_timestamp&quot;:&quot;1509206083&quot;,&quot;copyright&quot;:&quot;&quot;,&quot;focal_length&quot;:&quot;6.3&quot;,&quot;iso&quot;:&quot;100&quot;,&quot;shutter_speed&quot;:&quot;0.00625&quot;,&quot;title&quot;:&quot;&quot;,&quot;orientation&quot;:&quot;1&quot;}\" data-image-title=\"Atelier d\u00e9coration\" data-image-description=\"\" data-image-caption=\"\" data-large-file=\"https:\/\/i0.wp.com\/vsf64.fr\/wp-content\/uploads\/2018\/01\/P1080689-Copier.jpg?fit=640%2C480&amp;ssl=1\" class=\"alignnone size-large wp-image-498\" src=\"https:\/\/i0.wp.com\/vsf64.fr\/wp-content\/uploads\/2018\/01\/P1080689-Copier-1024x768.jpg?resize=640%2C480\" alt=\"Atelier d\u00e9coration\" width=\"640\" height=\"480\" srcset=\"https:\/\/i0.wp.com\/vsf64.fr\/wp-content\/uploads\/2018\/01\/P1080689-Copier.jpg?w=1024&amp;ssl=1 1024w, https:\/\/i0.wp.com\/vsf64.fr\/wp-content\/uploads\/2018\/01\/P1080689-Copier.jpg?resize=300%2C225&amp;ssl=1 300w, https:\/\/i0.wp.com\/vsf64.fr\/wp-content\/uploads\/2018\/01\/P1080689-Copier.jpg?resize=768%2C576&amp;ssl=1 768w, https:\/\/i0.wp.com\/vsf64.fr\/wp-content\/uploads\/2018\/01\/P1080689-Copier.jpg?resize=600%2C450&amp;ssl=1 600w\" sizes=\"(max-width: 640px) 100vw, 640px\" \/><\/a><\/h3>\n<h3 style=\"text-align: center;\"><em>Atelier d\u00e9coration de sapins, de pots de miel ou confiture<\/em><\/h3>\n<h3>C\u2019est le 25 novembre que l\u2019ensemble de ces objets ou articles ont \u00e9t\u00e9 propos\u00e9s \u00e0 la vente lors de l\u2019apr\u00e8s-midi yoga, organis\u00e9 et anim\u00e9 par Eva au Centre Socioculturel. Des s\u00e9ances de r\u00e9flexologie plantaire propos\u00e9es par Sofia ont \u00e9galement \u00e9t\u00e9 vendues au b\u00e9n\u00e9fice de l\u2019association. Le go\u00fbter confectionn\u00e9 et offert par les membres a \u00e9t\u00e9 bien appr\u00e9ci\u00e9. Le m\u00eame jour, Claudia, Adeline et Pascal ont brav\u00e9 le froid pour tenir le stand au march\u00e9 de No\u00ebl \u00e0 Sauveterre-de-B\u00e9arn. Toutes ces belles \u00e9nergies ont fait que l\u2019ensemble des ventes a rapport\u00e9 environ 1000 \u20ac ce jour-l\u00e0. Avec les objets vendus les jours pr\u00e9c\u00e9dents ou suivants cette date, c\u2019est presque 1500 \u20ac qui ont \u00e9t\u00e9 d\u00e9pos\u00e9s en banque.<\/h3>\n<p><a href=\"https:\/\/i0.wp.com\/vsf64.fr\/wp-content\/uploads\/2018\/01\/Img-1-16.jpg\" data-rel=\"lightbox-image-3\" data-rl_title=\"\" data-rl_caption=\"\" title=\"\"><img data-recalc-dims=\"1\" loading=\"lazy\" decoding=\"async\" data-attachment-id=\"499\" data-permalink=\"https:\/\/vsf64.fr\/index.php\/2018\/01\/16\/prochaine-mission\/img-1-16\/\" data-orig-file=\"https:\/\/i0.wp.com\/vsf64.fr\/wp-content\/uploads\/2018\/01\/Img-1-16.jpg?fit=1024%2C768&amp;ssl=1\" data-orig-size=\"1024,768\" data-comments-opened=\"0\" data-image-meta=\"{&quot;aperture&quot;:&quot;2.8&quot;,&quot;credit&quot;:&quot;&quot;,&quot;camera&quot;:&quot;Canon PowerShot A2400 IS&quot;,&quot;caption&quot;:&quot;&quot;,&quot;created_timestamp&quot;:&quot;1452327417&quot;,&quot;copyright&quot;:&quot;&quot;,&quot;focal_length&quot;:&quot;5&quot;,&quot;iso&quot;:&quot;200&quot;,&quot;shutter_speed&quot;:&quot;0.004&quot;,&quot;title&quot;:&quot;&quot;,&quot;orientation&quot;:&quot;1&quot;}\" data-image-title=\"\" data-image-description=\"\" data-image-caption=\"\" data-large-file=\"https:\/\/i0.wp.com\/vsf64.fr\/wp-content\/uploads\/2018\/01\/Img-1-16.jpg?fit=640%2C480&amp;ssl=1\" class=\"alignnone size-large wp-image-499\" src=\"https:\/\/i0.wp.com\/vsf64.fr\/wp-content\/uploads\/2018\/01\/Img-1-16-1024x768.jpg?resize=640%2C480\" alt=\"\" width=\"640\" height=\"480\" srcset=\"https:\/\/i0.wp.com\/vsf64.fr\/wp-content\/uploads\/2018\/01\/Img-1-16.jpg?w=1024&amp;ssl=1 1024w, https:\/\/i0.wp.com\/vsf64.fr\/wp-content\/uploads\/2018\/01\/Img-1-16.jpg?resize=300%2C225&amp;ssl=1 300w, https:\/\/i0.wp.com\/vsf64.fr\/wp-content\/uploads\/2018\/01\/Img-1-16.jpg?resize=768%2C576&amp;ssl=1 768w, https:\/\/i0.wp.com\/vsf64.fr\/wp-content\/uploads\/2018\/01\/Img-1-16.jpg?resize=600%2C450&amp;ssl=1 600w\" sizes=\"(max-width: 640px) 100vw, 640px\" \/><\/a><\/p>\n<p style=\"text-align: center;\"><em>Ecole Nai Talim \u00e0 Sewagram<\/em><\/p>\n<h3>Nous avons effectu\u00e9 un virement dont une partie est destin\u00e9e \u00e0 l\u2019\u00e9cole Nai Talim (principalement pour le parrainage aidant \u00e0 la scolarisation d\u2019enfants pauvres) et l\u2019autre \u00e0 la cr\u00e9ation d\u2019un atelier travaillant autour du bois de \u00abLantana\u00bb pour r\u00e9aliser des meubles l\u00e9gers. Cette activit\u00e9 permettra \u00e0 quatre femmes et deux hommes d\u2019avoir des revenus d\u00e9cents pour subvenir aux besoins de leurs familles.<\/h3>\n<p style=\"text-align: center;\">***<\/p>\n<h3><strong>La prochaine mission<\/strong> aura lieu en <strong>f\u00e9vrier 2018<\/strong> et bien entendu, nous nous rendrons sur place \u00e0 Wardha (\u00e9tat du Maharashtra en Inde) pour rencontrer nos partenaires indiens afin de constater les \u00e9volutions et \u00e9valuer les besoins.<\/h3>\n<h3>Pour nous suivre durant notre s\u00e9jour, rendez-vous sur notre blog\u00a0: <a href=\"http:\/\/inde2007.over-blog.com\/\">inde2007.over-blog.com<\/a><\/h3>\n<h3><em>Si vous le souhaitez, vous pouvez participer : <\/em><\/h3>\n<ul>\n<li>\n<h4><em>En devenant <strong>membre <\/strong>de Villages Sans Fronti\u00e8res en 2018 (10 \u20ac par foyer par an)<\/em><\/h4>\n<\/li>\n<li>\n<h4><em>En faisant un <strong>don <\/strong>(par exemple pour acheter des fournitures scolaires lors de la prochaine mission &#8211; les dons sont d\u00e9ductibles des imp\u00f4ts jusqu\u2019\u00e0 66%)<\/em><\/h4>\n<\/li>\n<li>\n<h4><em>En parrainant un enfant (15 \u20ac par mois = 180 \u20ac par an, dont 118 \u20ac sont d\u00e9ductibles de vos imp\u00f4ts)<\/em><\/h4>\n<\/li>\n<li>\n<h4><em>En donnant des <strong>m\u00e9dicaments<\/strong> non p\u00e9rim\u00e9s (antalgiques, antibiotiques ou anti-diarrh\u00e9iques)<\/em><\/h4>\n<\/li>\n<li>\n<h4><em>En donnant du petit <strong>mat\u00e9riel sportif<\/strong> neuf ou en tr\u00e8s bon \u00e9tat (ballons non gonfl\u00e9s, raquettes, etc.)<\/em><\/h4>\n<\/li>\n<li>\n<h4><em>En donnant des <strong>fournitures scolaires<\/strong> neuves ou en tr\u00e8s bon \u00e9tat (stylos, feutres, crayons, gommes, taille-crayons, &#8211; <strong>pas de cahiers<\/strong> car trop lourds)<\/em><\/h4>\n<\/li>\n<li>\n<h4><em>En organisant une manifestation, une soir\u00e9e ou une vente au b\u00e9n\u00e9fice de notre association et des projets qu\u2019elle soutient.<\/em><\/h4>\n<\/li>\n<li>\n<h4>\u2026<\/h4>\n<\/li>\n<\/ul>\n<h3><em>Pour finir, une fable reprise par <a href=\"https:\/\/fr.wikipedia.org\/wiki\/Pierre_Rabhi\">Pierre Rabhi\u00a0:<\/a><\/em><\/h3>\n<h3><span style=\"color: #008000;\"><em>\u00a0<\/em><\/span><\/h3>\n<h3><span style=\"color: #008000;\"><em>\u00ab\u00a0Un jour, dit la l\u00e9gende, il y eut un immense incendie de for\u00eat. Tous les animaux terrifi\u00e9s, atterr\u00e9s, observaient impuissants le d\u00e9sastre. Seul le petit colibri s\u2019activait, allant chercher quelques gouttes avec son bec pour les jeter sur le feu. Apr\u00e8s un moment, le tatou, agac\u00e9 par cette agitation d\u00e9risoire, lui dit : \u00ab\u00a0Colibri ! Tu n\u2019es pas fou ? Ce n\u2019est pas avec ces gouttes d\u2019eau que tu vas \u00e9teindre le feu ! \u00ab\u00a0<\/em><\/span><\/h3>\n<h3><span style=\"color: #800080;\"><em><span style=\"color: #008000;\">Et le colibri lui r\u00e9pondit : \u00ab\u00a0Je le sais, mais je fais ma part.\u00a0\u00bb<\/span><\/em><\/span><\/h3>\n<h3><span style=\"color: #800080;\"><em><a href=\"https:\/\/i0.wp.com\/vsf64.fr\/wp-content\/uploads\/2018\/01\/Colibri.png\" data-rel=\"lightbox-image-4\" data-rl_title=\"\" data-rl_caption=\"\" title=\"\"><img data-recalc-dims=\"1\" loading=\"lazy\" decoding=\"async\" data-attachment-id=\"500\" data-permalink=\"https:\/\/vsf64.fr\/index.php\/2018\/01\/16\/prochaine-mission\/colibri\/\" data-orig-file=\"https:\/\/i0.wp.com\/vsf64.fr\/wp-content\/uploads\/2018\/01\/Colibri.png?fit=2163%2C1523&amp;ssl=1\" data-orig-size=\"2163,1523\" data-comments-opened=\"0\" data-image-meta=\"{&quot;aperture&quot;:&quot;0&quot;,&quot;credit&quot;:&quot;&quot;,&quot;camera&quot;:&quot;&quot;,&quot;caption&quot;:&quot;&quot;,&quot;created_timestamp&quot;:&quot;0&quot;,&quot;copyright&quot;:&quot;&quot;,&quot;focal_length&quot;:&quot;0&quot;,&quot;iso&quot;:&quot;0&quot;,&quot;shutter_speed&quot;:&quot;0&quot;,&quot;title&quot;:&quot;&quot;,&quot;orientation&quot;:&quot;0&quot;}\" data-image-title=\"Colibri\" data-image-description=\"\" data-image-caption=\"\" data-large-file=\"https:\/\/i0.wp.com\/vsf64.fr\/wp-content\/uploads\/2018\/01\/Colibri.png?fit=640%2C451&amp;ssl=1\" class=\"alignnone wp-image-500\" src=\"https:\/\/i0.wp.com\/vsf64.fr\/wp-content\/uploads\/2018\/01\/Colibri-1024x721.png?resize=465%2C328\" alt=\"Colibri\" width=\"465\" height=\"328\" srcset=\"https:\/\/i0.wp.com\/vsf64.fr\/wp-content\/uploads\/2018\/01\/Colibri.png?resize=1024%2C721&amp;ssl=1 1024w, https:\/\/i0.wp.com\/vsf64.fr\/wp-content\/uploads\/2018\/01\/Colibri.png?resize=300%2C211&amp;ssl=1 300w, https:\/\/i0.wp.com\/vsf64.fr\/wp-content\/uploads\/2018\/01\/Colibri.png?resize=768%2C541&amp;ssl=1 768w, https:\/\/i0.wp.com\/vsf64.fr\/wp-content\/uploads\/2018\/01\/Colibri.png?resize=600%2C422&amp;ssl=1 600w, https:\/\/i0.wp.com\/vsf64.fr\/wp-content\/uploads\/2018\/01\/Colibri.png?w=1280&amp;ssl=1 1280w, https:\/\/i0.wp.com\/vsf64.fr\/wp-content\/uploads\/2018\/01\/Colibri.png?w=1920&amp;ssl=1 1920w\" sizes=\"(max-width: 465px) 100vw, 465px\" \/><\/a><\/em><\/span><\/h3>\n<h3>Merci \u00e0 vous de nous aider \u00e0 \u00eatre ce petit colibri de la solidarit\u00e9<br \/>\ndans le monde.<\/h3>\n<h3>L\u2019\u00e9quipe de VSF<\/h3>\n","protected":false},"excerpt":{"rendered":"<p>2018 Il est encore temps de vous souhaiter une ann\u00e9e 2018 belle et lumineuse, riche en amiti\u00e9 et partage, pleine de joie et de paix. Nous commen\u00e7ons par cette information diffus\u00e9e par la BBC\u00a0: trois millions de filles indiennes \u00e2g\u00e9es &hellip; <a href=\"https:\/\/vsf64.fr\/index.php\/2018\/01\/16\/prochaine-mission\/\">Continuer la lecture <span class=\"meta-nav\">&rarr;<\/span><\/a><\/p>\n","protected":false},"author":1,"featured_media":0,"comment_status":"open","ping_status":"open","sticky":false,"template":"","format":"standard","meta":{"jetpack_post_was_ever_published":false,"_jetpack_newsletter_access":"","_jetpack_dont_email_post_to_subs":false,"_jetpack_newsletter_tier_id":0,"_jetpack_memberships_contains_paywalled_content":false,"_jetpack_memberships_contains_paid_content":false,"footnotes":"","jetpack_publicize_message":"","jetpack_publicize_feature_enabled":true,"jetpack_social_post_already_shared":true,"jetpack_social_options":{"image_generator_settings":{"template":"highway","default_image_id":0,"font":"","enabled":false},"version":2}},"categories":[32],"tags":[],"class_list":["post-495","post","type-post","status-publish","format-standard","hentry","category-bulletin-semestriel"],"jetpack_publicize_connections":[],"jetpack_featured_media_url":"","jetpack_sharing_enabled":true,"jetpack_shortlink":"https:\/\/wp.me\/p8Gxst-7Z","jetpack-related-posts":[{"id":1036,"url":"https:\/\/vsf64.fr\/index.php\/2021\/01\/04\/les-dernieres-nouvelles\/","url_meta":{"origin":495,"position":0},"title":"Les derni\u00e8res nouvelles","author":"maria64","date":"4 janvier 2021","format":false,"excerpt":"Chers amis, chers membres de Villages Sans Fronti\u00e8res, C\u2019est une p\u00e9riode compliqu\u00e9e que nous avons v\u00e9cu en 2020. Cette situation sanitaire nous oblige \u00e0 faire preuve de beaucoup d\u2019adaptabilit\u00e9 et accro\u00eet la compassion que nous portons aux plus fragiles. Nous avions pens\u00e9 pouvoir organiser cette ann\u00e9e encore plusieurs ateliers cr\u00e9atifs\u2026","rel":"","context":"Dans &quot;Non class\u00e9&quot;","block_context":{"text":"Non class\u00e9","link":"https:\/\/vsf64.fr\/index.php\/category\/non-classe\/"},"img":{"alt_text":"","src":"https:\/\/i0.wp.com\/vsf64.fr\/wp-content\/uploads\/2021\/01\/Mandala.jpg?fit=380%2C380&ssl=1&resize=350%2C200","width":350,"height":200},"classes":[]},{"id":1072,"url":"https:\/\/vsf64.fr\/index.php\/2021\/05\/13\/suite-a-lassemblee-generale-bilan-moral-2020\/","url_meta":{"origin":495,"position":1},"title":"Suite \u00e0 l&rsquo;Assembl\u00e9e G\u00e9n\u00e9rale &#8211; Bilan moral 2020","author":"maria64","date":"13 mai 2021","format":false,"excerpt":"Assembl\u00e9e G\u00e9n\u00e9rale 2021 Comme de nombreuses associations cette ann\u00e9e, nous avons eu recours \u00e0 la visioconf\u00e9rence pour la tenue de notre assembl\u00e9e g\u00e9n\u00e9rale de l'ann\u00e9e 2020.Voici le bilan moral qui a \u00e9t\u00e9 pr\u00e9sent\u00e9 :Mission Inde\u00a0:2 membres de Villages Sans Fronti\u00e8res (VSF) sont all\u00e9s en Inde en f\u00e9vrier 2020.Dans un premier\u2026","rel":"","context":"Dans &quot;Non class\u00e9&quot;","block_context":{"text":"Non class\u00e9","link":"https:\/\/vsf64.fr\/index.php\/category\/non-classe\/"},"img":{"alt_text":"","src":"https:\/\/i0.wp.com\/vsf64.fr\/wp-content\/uploads\/2021\/05\/AG-extra-flou.jpg?fit=1200%2C639&ssl=1&resize=350%2C200","width":350,"height":200,"srcset":"https:\/\/i0.wp.com\/vsf64.fr\/wp-content\/uploads\/2021\/05\/AG-extra-flou.jpg?fit=1200%2C639&ssl=1&resize=350%2C200 1x, https:\/\/i0.wp.com\/vsf64.fr\/wp-content\/uploads\/2021\/05\/AG-extra-flou.jpg?fit=1200%2C639&ssl=1&resize=525%2C300 1.5x, https:\/\/i0.wp.com\/vsf64.fr\/wp-content\/uploads\/2021\/05\/AG-extra-flou.jpg?fit=1200%2C639&ssl=1&resize=700%2C400 2x, https:\/\/i0.wp.com\/vsf64.fr\/wp-content\/uploads\/2021\/05\/AG-extra-flou.jpg?fit=1200%2C639&ssl=1&resize=1050%2C600 3x"},"classes":[]},{"id":410,"url":"https:\/\/vsf64.fr\/index.php\/2017\/03\/10\/au-cambodge-combattre-la-misere-et-redonner-le-sourire-aux-enfants\/","url_meta":{"origin":495,"position":2},"title":"Au Cambodge, combattre la mis\u00e8re et redonner le sourire aux enfants","author":"maria64","date":"10 mars 2017","format":false,"excerpt":"Lors de notre s\u00e9jour au Cambodge en f\u00e9vrier dernier, nous sommes all\u00e9s rendre visite \u00e0 l'association \"Pour un sourire d'enfant\" \u00e0 Phnom Penh. Une des classes o\u00f9 \u00e9tudient les enfants dans le Centre PSE \u00e0 Phnom Penh Il y a vingt ans, un couple de fran\u00e7ais, Christian et Marie-France des\u2026","rel":"","context":"Dans &quot;A conna\u00eetre&quot;","block_context":{"text":"A conna\u00eetre","link":"https:\/\/vsf64.fr\/index.php\/category\/a-connaitre\/"},"img":{"alt_text":"1486549401020","src":"https:\/\/i0.wp.com\/vsf64.fr\/wp-content\/uploads\/2017\/03\/1486549401020-169x300.jpg?resize=350%2C200","width":350,"height":200},"classes":[]},{"id":1289,"url":"https:\/\/vsf64.fr\/index.php\/2022\/04\/09\/bilan-sur-lannee-2021\/","url_meta":{"origin":495,"position":3},"title":"Bilan sur l&rsquo;ann\u00e9e 2021","author":"maria64","date":"9 avril 2022","format":false,"excerpt":"Suite \u00e0 notre Assembl\u00e9e G\u00e9n\u00e9rale, voici un r\u00e9sum\u00e9 de ce qui s'est d\u00e9roul\u00e9 en 2021, dans le cadre de notre association :\u00a0 Etant donn\u00e9 les conditions sanitaires particuli\u00e8res li\u00e9es au Covid 19, nos actions ont \u00e9t\u00e9 frein\u00e9es aussi bien en Inde qu\u2019en France. Non r\u00e9alis\u00e9es ou seulement partiellement, en raison\u2026","rel":"","context":"Dans &quot;Non class\u00e9&quot;","block_context":{"text":"Non class\u00e9","link":"https:\/\/vsf64.fr\/index.php\/category\/non-classe\/"},"img":{"alt_text":"","src":"https:\/\/i0.wp.com\/vsf64.fr\/wp-content\/uploads\/2015\/11\/Logo-VSF3-1024x1024.jpg?resize=350%2C200","width":350,"height":200,"srcset":"https:\/\/i0.wp.com\/vsf64.fr\/wp-content\/uploads\/2015\/11\/Logo-VSF3-1024x1024.jpg?resize=350%2C200 1x, https:\/\/i0.wp.com\/vsf64.fr\/wp-content\/uploads\/2015\/11\/Logo-VSF3-1024x1024.jpg?resize=525%2C300 1.5x"},"classes":[]},{"id":1679,"url":"https:\/\/vsf64.fr\/index.php\/2024\/09\/19\/bilan-de-la-participation-a-la-fete-du-sel\/","url_meta":{"origin":495,"position":4},"title":"Bilan de la participation \u00e0 la F\u00eate du Sel","author":"maria64","date":"19 septembre 2024","format":false,"excerpt":"Un grand succ\u00e8s ! Cette ann\u00e9e encore, notre association a particip\u00e9 \u00e0 la traditionnelle F\u00eate du Sel de Salies-de-B\u00e9arn (organis\u00e9e par la Jurade du Sel), et notre stand a \u00e9t\u00e9 anim\u00e9 par une belle \u00e9quipe de b\u00e9n\u00e9voles motiv\u00e9s. Leur \u00e9nergie communicative et leurs sourires ont permis d'accueillir de nombreux clients\u2026","rel":"","context":"Dans &quot;Actions&quot;","block_context":{"text":"Actions","link":"https:\/\/vsf64.fr\/index.php\/category\/actions\/"},"img":{"alt_text":"","src":"https:\/\/i0.wp.com\/vsf64.fr\/wp-content\/uploads\/2024\/09\/Fete-du-Sel-2024-2.jpg?fit=800%2C599&ssl=1&resize=350%2C200","width":350,"height":200,"srcset":"https:\/\/i0.wp.com\/vsf64.fr\/wp-content\/uploads\/2024\/09\/Fete-du-Sel-2024-2.jpg?fit=800%2C599&ssl=1&resize=350%2C200 1x, https:\/\/i0.wp.com\/vsf64.fr\/wp-content\/uploads\/2024\/09\/Fete-du-Sel-2024-2.jpg?fit=800%2C599&ssl=1&resize=525%2C300 1.5x, https:\/\/i0.wp.com\/vsf64.fr\/wp-content\/uploads\/2024\/09\/Fete-du-Sel-2024-2.jpg?fit=800%2C599&ssl=1&resize=700%2C400 2x"},"classes":[]},{"id":1401,"url":"https:\/\/vsf64.fr\/index.php\/2023\/01\/08\/une-annee-pleine-de-projets\/","url_meta":{"origin":495,"position":5},"title":"Une ann\u00e9e pleine de projets !","author":"maria64","date":"8 janvier 2023","format":false,"excerpt":"Tous nos v\u0153ux pour une belle ann\u00e9e 2023 ! L'ann\u00e9e 2022 s'est termin\u00e9e pour Villages Sans Fronti\u00e8res avec des actions qui ont mobilis\u00e9 ses membres pour un stage de yoga au Centre Socioculturel d'Orthez suivi d'un petit march\u00e9 de No\u00ebl, puis d\u00e9but d\u00e9cembre un march\u00e9 de No\u00ebl \u00e0 Salies-de-B\u00e9arn. En\u2026","rel":"","context":"Dans &quot;Non class\u00e9&quot;","block_context":{"text":"Non class\u00e9","link":"https:\/\/vsf64.fr\/index.php\/category\/non-classe\/"},"img":{"alt_text":"","src":"https:\/\/i0.wp.com\/vsf64.fr\/wp-content\/uploads\/2023\/01\/1673200111411-Copier.png?resize=350%2C200","width":350,"height":200,"srcset":"https:\/\/i0.wp.com\/vsf64.fr\/wp-content\/uploads\/2023\/01\/1673200111411-Copier.png?resize=350%2C200 1x, https:\/\/i0.wp.com\/vsf64.fr\/wp-content\/uploads\/2023\/01\/1673200111411-Copier.png?resize=525%2C300 1.5x"},"classes":[]}],"_links":{"self":[{"href":"https:\/\/vsf64.fr\/index.php\/wp-json\/wp\/v2\/posts\/495","targetHints":{"allow":["GET"]}}],"collection":[{"href":"https:\/\/vsf64.fr\/index.php\/wp-json\/wp\/v2\/posts"}],"about":[{"href":"https:\/\/vsf64.fr\/index.php\/wp-json\/wp\/v2\/types\/post"}],"author":[{"embeddable":true,"href":"https:\/\/vsf64.fr\/index.php\/wp-json\/wp\/v2\/users\/1"}],"replies":[{"embeddable":true,"href":"https:\/\/vsf64.fr\/index.php\/wp-json\/wp\/v2\/comments?post=495"}],"version-history":[{"count":4,"href":"https:\/\/vsf64.fr\/index.php\/wp-json\/wp\/v2\/posts\/495\/revisions"}],"predecessor-version":[{"id":504,"href":"https:\/\/vsf64.fr\/index.php\/wp-json\/wp\/v2\/posts\/495\/revisions\/504"}],"wp:attachment":[{"href":"https:\/\/vsf64.fr\/index.php\/wp-json\/wp\/v2\/media?parent=495"}],"wp:term":[{"taxonomy":"category","embeddable":true,"href":"https:\/\/vsf64.fr\/index.php\/wp-json\/wp\/v2\/categories?post=495"},{"taxonomy":"post_tag","embeddable":true,"href":"https:\/\/vsf64.fr\/index.php\/wp-json\/wp\/v2\/tags?post=495"}],"curies":[{"name":"wp","href":"https:\/\/api.w.org\/{rel}","templated":true}]}}