{"id":483,"date":"2017-11-05T21:05:41","date_gmt":"2017-11-05T20:05:41","guid":{"rendered":"http:\/\/vsf64.fr\/?p=483"},"modified":"2018-04-24T21:04:42","modified_gmt":"2018-04-24T20:04:42","slug":"les-fetes-se-preparent","status":"publish","type":"post","link":"https:\/\/vsf64.fr\/index.php\/2017\/11\/05\/les-fetes-se-preparent\/","title":{"rendered":"Les f\u00eates se pr\u00e9parent"},"content":{"rendered":"<h3 style=\"text-align: center;\"><span style=\"text-decoration: underline; color: #ff6600;\"><strong>Des cadeaux solidaires<\/strong><\/span><\/h3>\n<h3>Gr\u00e2ce aux \u00ab\u00a0Mains cr\u00e9atives\u00a0\u00bb du B\u00e9arn, de nombreux objets de d\u00e9coration et des douceurs alimentaires seront en vente le samedi 25 novembre 2017. C&rsquo;est lors de l&rsquo;apr\u00e8s-midi Yoga (anim\u00e9 par Eva) au Centre Socioculturel d&rsquo;Orthez et au march\u00e9 de No\u00ebl de Sauveterre-de-B\u00e9arn que tous ces objets seront propos\u00e9s \u00e0 la vente ainsi que des stylos \u00ab\u00a0\u00e9colos\u00a0\u00bb, des cartes de v\u0153ux, etc. Voir les diff\u00e9rents objets qui seront vendus : <strong><a href=\"https:\/\/www.facebook.com\/345915385741350\/photos\/a.358026314530257.1073741828.345915385741350\/624725051193714\/?type=3&amp;theater\">cliquez ici<\/a><\/strong><\/h3>\n<h3>Bien entendu, toutes les sommes r\u00e9colt\u00e9es seront enti\u00e8rement consacr\u00e9es aux plus d\u00e9munis, en particulier aux projets humanitaires soutenus par Villages Sans Fronti\u00e8res en Inde.<\/h3>\n<h3>Si vous souhaitez acheter des objets ou des pots de miel \/ confiture, n&rsquo;h\u00e9sitez pas \u00e0 nous contacter par e-mail (<a href=\"mailto:villages.sans.frontieres@laposte.net\">villages.sans.frontieres@laposte.net<\/a>).<\/h3>\n<p><a href=\"https:\/\/i0.wp.com\/vsf64.fr\/wp-content\/uploads\/2017\/11\/P1080779.jpg\" data-rel=\"lightbox-image-0\" data-rl_title=\"\" data-rl_caption=\"\" title=\"\"><img data-recalc-dims=\"1\" fetchpriority=\"high\" decoding=\"async\" data-attachment-id=\"484\" data-permalink=\"https:\/\/vsf64.fr\/index.php\/2017\/11\/05\/les-fetes-se-preparent\/p1080779\/\" data-orig-file=\"https:\/\/i0.wp.com\/vsf64.fr\/wp-content\/uploads\/2017\/11\/P1080779.jpg?fit=576%2C768&amp;ssl=1\" data-orig-size=\"576,768\" data-comments-opened=\"0\" data-image-meta=\"{&quot;aperture&quot;:&quot;2.8&quot;,&quot;credit&quot;:&quot;&quot;,&quot;camera&quot;:&quot;DMC-FZ200&quot;,&quot;caption&quot;:&quot;&quot;,&quot;created_timestamp&quot;:&quot;1509902766&quot;,&quot;copyright&quot;:&quot;&quot;,&quot;focal_length&quot;:&quot;4.5&quot;,&quot;iso&quot;:&quot;400&quot;,&quot;shutter_speed&quot;:&quot;0.05&quot;,&quot;title&quot;:&quot;&quot;,&quot;orientation&quot;:&quot;1&quot;}\" data-image-title=\"sapin de No\u00ebl en tissu\" data-image-description=\"\" data-image-caption=\"\" data-large-file=\"https:\/\/i0.wp.com\/vsf64.fr\/wp-content\/uploads\/2017\/11\/P1080779.jpg?fit=576%2C768&amp;ssl=1\" class=\"alignnone size-full wp-image-484\" src=\"https:\/\/i0.wp.com\/vsf64.fr\/wp-content\/uploads\/2017\/11\/P1080779.jpg?resize=576%2C768\" alt=\"sapin de No\u00ebl en tissu\" width=\"576\" height=\"768\" srcset=\"https:\/\/i0.wp.com\/vsf64.fr\/wp-content\/uploads\/2017\/11\/P1080779.jpg?w=576&amp;ssl=1 576w, https:\/\/i0.wp.com\/vsf64.fr\/wp-content\/uploads\/2017\/11\/P1080779.jpg?resize=225%2C300&amp;ssl=1 225w\" sizes=\"(max-width: 576px) 100vw, 576px\" \/><\/a><\/p>\n<p style=\"text-align: center;\"><em>Un des sapins de No\u00ebl en tissu qui pourra d\u00e9corer votre table de No\u00ebl durant plusieurs ann\u00e9es<\/em><\/p>\n<p><span style=\"border-radius: 2px; text-indent: 20px; width: auto; padding: 0px 4px 0px 0px; text-align: center; font: bold 11px\/20px 'Helvetica Neue',Helvetica,sans-serif; color: #ffffff; background: #bd081c no-repeat scroll 3px 50% \/ 14px 14px; position: absolute; opacity: 1; z-index: 8675309; display: none; cursor: pointer; top: 402px; left: 20px;\">Enregistrer<\/span><\/p>\n","protected":false},"excerpt":{"rendered":"<p>Des cadeaux solidaires Gr\u00e2ce aux \u00ab\u00a0Mains cr\u00e9atives\u00a0\u00bb du B\u00e9arn, de nombreux objets de d\u00e9coration et des douceurs alimentaires seront en vente le samedi 25 novembre 2017. C&rsquo;est lors de l&rsquo;apr\u00e8s-midi Yoga (anim\u00e9 par Eva) au Centre Socioculturel d&rsquo;Orthez et au &hellip; <a href=\"https:\/\/vsf64.fr\/index.php\/2017\/11\/05\/les-fetes-se-preparent\/\">Continuer la lecture <span class=\"meta-nav\">&rarr;<\/span><\/a><\/p>\n","protected":false},"author":1,"featured_media":484,"comment_status":"open","ping_status":"open","sticky":false,"template":"","format":"standard","meta":{"jetpack_post_was_ever_published":false,"_jetpack_newsletter_access":"","_jetpack_dont_email_post_to_subs":false,"_jetpack_newsletter_tier_id":0,"_jetpack_memberships_contains_paywalled_content":false,"_jetpack_memberships_contains_paid_content":false,"footnotes":"","jetpack_publicize_message":"","jetpack_publicize_feature_enabled":true,"jetpack_social_post_already_shared":true,"jetpack_social_options":{"image_generator_settings":{"template":"highway","default_image_id":0,"font":"","enabled":false},"version":2}},"categories":[6,31],"tags":[],"class_list":["post-483","post","type-post","status-publish","format-standard","has-post-thumbnail","hentry","category-actions","category-ateliers"],"jetpack_publicize_connections":[],"jetpack_featured_media_url":"https:\/\/i0.wp.com\/vsf64.fr\/wp-content\/uploads\/2017\/11\/P1080779.jpg?fit=576%2C768&ssl=1","jetpack_sharing_enabled":true,"jetpack_shortlink":"https:\/\/wp.me\/p8Gxst-7N","jetpack-related-posts":[{"id":608,"url":"https:\/\/vsf64.fr\/index.php\/2018\/11\/20\/catalogue-des-objets-fait-main-ou-fait-maison-2018\/","url_meta":{"origin":483,"position":0},"title":"Catalogue des objets \u00ab\u00a0Fait main\u00a0\u00bb ou \u00ab\u00a0Fait maison\u00a0\u00bb 2018","author":"maria64","date":"20 novembre 2018","format":false,"excerpt":"D\u00e8s \u00e0 pr\u00e9sent tous les objets pr\u00e9sent\u00e9s dans le \"catalogue\" ci-dessous sont propos\u00e9s \u00e0 la vente (dans la limite des stock disponibles :-D ). Les articles sont disponibles au si\u00e8ge social \u00e0 Salies-de-B\u00e9arn ou \u00e0 Orthez (sur rendez-vous 05 59 38 06 21). Ils seront propos\u00e9s \u00e0 la vente \u00e9galement\u2026","rel":"","context":"Dans &quot;A conna\u00eetre&quot;","block_context":{"text":"A conna\u00eetre","link":"https:\/\/vsf64.fr\/index.php\/category\/a-connaitre\/"},"img":{"alt_text":"Soli'Sapins","src":"https:\/\/i0.wp.com\/vsf64.fr\/wp-content\/uploads\/2018\/11\/P1120335-Copier.jpg?fit=900%2C1200&ssl=1&resize=350%2C200","width":350,"height":200,"srcset":"https:\/\/i0.wp.com\/vsf64.fr\/wp-content\/uploads\/2018\/11\/P1120335-Copier.jpg?fit=900%2C1200&ssl=1&resize=350%2C200 1x, https:\/\/i0.wp.com\/vsf64.fr\/wp-content\/uploads\/2018\/11\/P1120335-Copier.jpg?fit=900%2C1200&ssl=1&resize=525%2C300 1.5x, https:\/\/i0.wp.com\/vsf64.fr\/wp-content\/uploads\/2018\/11\/P1120335-Copier.jpg?fit=900%2C1200&ssl=1&resize=700%2C400 2x"},"classes":[]},{"id":603,"url":"https:\/\/vsf64.fr\/index.php\/2018\/11\/04\/les-mains-creatives-de-vsf\/","url_meta":{"origin":483,"position":1},"title":"Les mains cr\u00e9atives de VSF","author":"maria64","date":"4 novembre 2018","format":false,"excerpt":"Ensemble et solidaires Ce samedi 27 octobre de nombreuses petites mains ont d\u00e9coup\u00e9,\u00a0 coll\u00e9, ficel\u00e9, emball\u00e9, cousu et d\u00e9cor\u00e9 des pots de confiture, des Soli'Sapins en tissu et en bois ainsi que des bijoux. Chacun a pu fabriquer des objets qui seront vendus pour les f\u00eates de fin d'ann\u00e9e au\u2026","rel":"","context":"Dans &quot;Actions&quot;","block_context":{"text":"Actions","link":"https:\/\/vsf64.fr\/index.php\/category\/actions\/"},"img":{"alt_text":"","src":"https:\/\/i0.wp.com\/vsf64.fr\/wp-content\/uploads\/2018\/11\/P1120352-Copier.jpg?fit=1200%2C462&ssl=1&resize=350%2C200","width":350,"height":200,"srcset":"https:\/\/i0.wp.com\/vsf64.fr\/wp-content\/uploads\/2018\/11\/P1120352-Copier.jpg?fit=1200%2C462&ssl=1&resize=350%2C200 1x, https:\/\/i0.wp.com\/vsf64.fr\/wp-content\/uploads\/2018\/11\/P1120352-Copier.jpg?fit=1200%2C462&ssl=1&resize=525%2C300 1.5x, https:\/\/i0.wp.com\/vsf64.fr\/wp-content\/uploads\/2018\/11\/P1120352-Copier.jpg?fit=1200%2C462&ssl=1&resize=700%2C400 2x, https:\/\/i0.wp.com\/vsf64.fr\/wp-content\/uploads\/2018\/11\/P1120352-Copier.jpg?fit=1200%2C462&ssl=1&resize=1050%2C600 3x"},"classes":[]},{"id":495,"url":"https:\/\/vsf64.fr\/index.php\/2018\/01\/16\/prochaine-mission\/","url_meta":{"origin":483,"position":2},"title":"Prochaine mission","author":"maria64","date":"16 janvier 2018","format":false,"excerpt":"2018 Il est encore temps de vous souhaiter une ann\u00e9e 2018 belle et lumineuse, riche en amiti\u00e9 et partage, pleine de joie et de paix. Nous commen\u00e7ons par cette information diffus\u00e9e par la BBC\u00a0: trois millions de filles indiennes \u00e2g\u00e9es de 10 \u00e0 14 ans ne seraient pas scolaris\u00e9es. Pour\u2026","rel":"","context":"Dans &quot;bulletin semestriel&quot;","block_context":{"text":"bulletin semestriel","link":"https:\/\/vsf64.fr\/index.php\/category\/bulletin-semestriel\/"},"img":{"alt_text":"Classe de sciences \u00e0 l'\u00e9cole Nai Talim","src":"https:\/\/i0.wp.com\/vsf64.fr\/wp-content\/uploads\/2018\/01\/20170411_102608-1600x1200-1024x576.jpg?resize=350%2C200","width":350,"height":200,"srcset":"https:\/\/i0.wp.com\/vsf64.fr\/wp-content\/uploads\/2018\/01\/20170411_102608-1600x1200-1024x576.jpg?resize=350%2C200 1x, https:\/\/i0.wp.com\/vsf64.fr\/wp-content\/uploads\/2018\/01\/20170411_102608-1600x1200-1024x576.jpg?resize=525%2C300 1.5x"},"classes":[]},{"id":1481,"url":"https:\/\/vsf64.fr\/index.php\/2023\/11\/12\/les-ateliers-creatifs-vsf\/","url_meta":{"origin":483,"position":3},"title":"Les ateliers cr\u00e9atifs VSF","author":"maria64","date":"12 novembre 2023","format":false,"excerpt":"Les petites mains en action Ce samedi 11 novembre, les 11 participants \u00e0 l'atelier VSF (Villages Sans Fronti\u00e8res) \u00e9taient pr\u00e9sents pour pr\u00e9parer diff\u00e9rents articles qui seront propos\u00e9s \u00e0 la vente dans les semaines \u00e0 venir. Les confitures ont \u00e9t\u00e9 \u00e9tiquet\u00e9es et d\u00e9cor\u00e9es. Les jeux en petits galets vernis. Les mini\u2026","rel":"","context":"Dans &quot;Non class\u00e9&quot;","block_context":{"text":"Non class\u00e9","link":"https:\/\/vsf64.fr\/index.php\/category\/non-classe\/"},"img":{"alt_text":"","src":"https:\/\/i0.wp.com\/vsf64.fr\/wp-content\/uploads\/2023\/11\/Apres-midi-Yoga-CSC-2023-all-759x1024.jpg?resize=350%2C200","width":350,"height":200,"srcset":"https:\/\/i0.wp.com\/vsf64.fr\/wp-content\/uploads\/2023\/11\/Apres-midi-Yoga-CSC-2023-all-759x1024.jpg?resize=350%2C200 1x, https:\/\/i0.wp.com\/vsf64.fr\/wp-content\/uploads\/2023\/11\/Apres-midi-Yoga-CSC-2023-all-759x1024.jpg?resize=525%2C300 1.5x"},"classes":[]},{"id":564,"url":"https:\/\/vsf64.fr\/index.php\/2018\/08\/20\/apres-midi-creation\/","url_meta":{"origin":483,"position":4},"title":"Apr\u00e8s-midi cr\u00e9ation","author":"maria64","date":"20 ao\u00fbt 2018","format":false,"excerpt":"Ce samedi les petites \"mains cr\u00e9atives\" du B\u00e9arn ont \u00e9t\u00e9 bien occup\u00e9es \u00e0 pr\u00e9parer le stand qui se tiendra \u00e0 la F\u00eate du Sel de Salies-de-B\u00e9arn (8 et 9 septembre). Des bijoux ont \u00e9t\u00e9 r\u00e9alis\u00e9s, des \u00e9tiquettes coll\u00e9es, des pots de miel d\u00e9cor\u00e9s, et des cr\u00e9ations en tissus rembourr\u00e9es. Merci\u2026","rel":"","context":"Dans &quot;Actions&quot;","block_context":{"text":"Actions","link":"https:\/\/vsf64.fr\/index.php\/category\/actions\/"},"img":{"alt_text":"","src":"https:\/\/i0.wp.com\/vsf64.fr\/wp-content\/uploads\/2018\/08\/P1120242-Copier.jpg?fit=1200%2C900&ssl=1&resize=350%2C200","width":350,"height":200,"srcset":"https:\/\/i0.wp.com\/vsf64.fr\/wp-content\/uploads\/2018\/08\/P1120242-Copier.jpg?fit=1200%2C900&ssl=1&resize=350%2C200 1x, https:\/\/i0.wp.com\/vsf64.fr\/wp-content\/uploads\/2018\/08\/P1120242-Copier.jpg?fit=1200%2C900&ssl=1&resize=525%2C300 1.5x, https:\/\/i0.wp.com\/vsf64.fr\/wp-content\/uploads\/2018\/08\/P1120242-Copier.jpg?fit=1200%2C900&ssl=1&resize=700%2C400 2x, https:\/\/i0.wp.com\/vsf64.fr\/wp-content\/uploads\/2018\/08\/P1120242-Copier.jpg?fit=1200%2C900&ssl=1&resize=1050%2C600 3x"},"classes":[]},{"id":1401,"url":"https:\/\/vsf64.fr\/index.php\/2023\/01\/08\/une-annee-pleine-de-projets\/","url_meta":{"origin":483,"position":5},"title":"Une ann\u00e9e pleine de projets !","author":"maria64","date":"8 janvier 2023","format":false,"excerpt":"Tous nos v\u0153ux pour une belle ann\u00e9e 2023 ! L'ann\u00e9e 2022 s'est termin\u00e9e pour Villages Sans Fronti\u00e8res avec des actions qui ont mobilis\u00e9 ses membres pour un stage de yoga au Centre Socioculturel d'Orthez suivi d'un petit march\u00e9 de No\u00ebl, puis d\u00e9but d\u00e9cembre un march\u00e9 de No\u00ebl \u00e0 Salies-de-B\u00e9arn. En\u2026","rel":"","context":"Dans &quot;Non class\u00e9&quot;","block_context":{"text":"Non class\u00e9","link":"https:\/\/vsf64.fr\/index.php\/category\/non-classe\/"},"img":{"alt_text":"","src":"https:\/\/i0.wp.com\/vsf64.fr\/wp-content\/uploads\/2023\/01\/1673200111411-Copier.png?resize=350%2C200","width":350,"height":200,"srcset":"https:\/\/i0.wp.com\/vsf64.fr\/wp-content\/uploads\/2023\/01\/1673200111411-Copier.png?resize=350%2C200 1x, https:\/\/i0.wp.com\/vsf64.fr\/wp-content\/uploads\/2023\/01\/1673200111411-Copier.png?resize=525%2C300 1.5x"},"classes":[]}],"_links":{"self":[{"href":"https:\/\/vsf64.fr\/index.php\/wp-json\/wp\/v2\/posts\/483","targetHints":{"allow":["GET"]}}],"collection":[{"href":"https:\/\/vsf64.fr\/index.php\/wp-json\/wp\/v2\/posts"}],"about":[{"href":"https:\/\/vsf64.fr\/index.php\/wp-json\/wp\/v2\/types\/post"}],"author":[{"embeddable":true,"href":"https:\/\/vsf64.fr\/index.php\/wp-json\/wp\/v2\/users\/1"}],"replies":[{"embeddable":true,"href":"https:\/\/vsf64.fr\/index.php\/wp-json\/wp\/v2\/comments?post=483"}],"version-history":[{"count":5,"href":"https:\/\/vsf64.fr\/index.php\/wp-json\/wp\/v2\/posts\/483\/revisions"}],"predecessor-version":[{"id":527,"href":"https:\/\/vsf64.fr\/index.php\/wp-json\/wp\/v2\/posts\/483\/revisions\/527"}],"wp:featuredmedia":[{"embeddable":true,"href":"https:\/\/vsf64.fr\/index.php\/wp-json\/wp\/v2\/media\/484"}],"wp:attachment":[{"href":"https:\/\/vsf64.fr\/index.php\/wp-json\/wp\/v2\/media?parent=483"}],"wp:term":[{"taxonomy":"category","embeddable":true,"href":"https:\/\/vsf64.fr\/index.php\/wp-json\/wp\/v2\/categories?post=483"},{"taxonomy":"post_tag","embeddable":true,"href":"https:\/\/vsf64.fr\/index.php\/wp-json\/wp\/v2\/tags?post=483"}],"curies":[{"name":"wp","href":"https:\/\/api.w.org\/{rel}","templated":true}]}}