{"id":439,"date":"2017-04-01T20:16:01","date_gmt":"2017-04-01T19:16:01","guid":{"rendered":"http:\/\/vsf64.fr\/?p=439"},"modified":"2017-04-01T20:39:53","modified_gmt":"2017-04-01T19:39:53","slug":"soiree-danse-au-benefice-de-vsf","status":"publish","type":"post","link":"https:\/\/vsf64.fr\/index.php\/2017\/04\/01\/soiree-danse-au-benefice-de-vsf\/","title":{"rendered":"Soir\u00e9e danse au b\u00e9n\u00e9fice de VSF"},"content":{"rendered":"<h3>Th\u00e9r\u00e8se organise le samedi 22 avril 2017 une soir\u00e9e danse Rock-Salsa et Bachata au Pingouin Alternatif \u00e0 Arthez-de-B\u00e9arn. Le prix d&rsquo;entr\u00e9e (5 \u20ac) ainsi qu&rsquo;une partie de la recette de la buvette reviendra \u00e0 Villages Sans Fronti\u00e8res pour financer des projets humanitaires.<\/h3>\n<p>Venez danser solidaire et &#8230; Merci de faire circuler l&rsquo;information !<\/p>\n<p><a href=\"https:\/\/i0.wp.com\/vsf64.fr\/wp-content\/uploads\/2017\/04\/Soir%C3%A9e-danse-Rock-Salsa1.jpg\" data-rel=\"lightbox-image-0\" data-rl_title=\"\" data-rl_caption=\"\" title=\"\"><img data-recalc-dims=\"1\" fetchpriority=\"high\" decoding=\"async\" data-attachment-id=\"440\" data-permalink=\"https:\/\/vsf64.fr\/index.php\/2017\/04\/01\/soiree-danse-au-benefice-de-vsf\/soiree-danse-rock-salsa1\/\" data-orig-file=\"https:\/\/i0.wp.com\/vsf64.fr\/wp-content\/uploads\/2017\/04\/Soir%C3%A9e-danse-Rock-Salsa1.jpg?fit=2480%2C3508&amp;ssl=1\" data-orig-size=\"2480,3508\" data-comments-opened=\"0\" data-image-meta=\"{&quot;aperture&quot;:&quot;0&quot;,&quot;credit&quot;:&quot;&quot;,&quot;camera&quot;:&quot;&quot;,&quot;caption&quot;:&quot;&quot;,&quot;created_timestamp&quot;:&quot;0&quot;,&quot;copyright&quot;:&quot;&quot;,&quot;focal_length&quot;:&quot;0&quot;,&quot;iso&quot;:&quot;0&quot;,&quot;shutter_speed&quot;:&quot;0&quot;,&quot;title&quot;:&quot;&quot;,&quot;orientation&quot;:&quot;0&quot;}\" data-image-title=\"Soir\u00e9e danse Rock Salsa 2017\" data-image-description=\"\" data-image-caption=\"\" data-large-file=\"https:\/\/i0.wp.com\/vsf64.fr\/wp-content\/uploads\/2017\/04\/Soir%C3%A9e-danse-Rock-Salsa1.jpg?fit=640%2C905&amp;ssl=1\" class=\"alignnone size-full wp-image-440\" src=\"https:\/\/i0.wp.com\/vsf64.fr\/wp-content\/uploads\/2017\/04\/Soir%C3%A9e-danse-Rock-Salsa1.jpg?resize=640%2C905\" alt=\"Soir\u00e9e danse Rock Salsa 2017\" width=\"640\" height=\"905\" srcset=\"https:\/\/i0.wp.com\/vsf64.fr\/wp-content\/uploads\/2017\/04\/Soir%C3%A9e-danse-Rock-Salsa1.jpg?w=2480&amp;ssl=1 2480w, https:\/\/i0.wp.com\/vsf64.fr\/wp-content\/uploads\/2017\/04\/Soir%C3%A9e-danse-Rock-Salsa1.jpg?resize=212%2C300&amp;ssl=1 212w, https:\/\/i0.wp.com\/vsf64.fr\/wp-content\/uploads\/2017\/04\/Soir%C3%A9e-danse-Rock-Salsa1.jpg?resize=724%2C1024&amp;ssl=1 724w, https:\/\/i0.wp.com\/vsf64.fr\/wp-content\/uploads\/2017\/04\/Soir%C3%A9e-danse-Rock-Salsa1.jpg?resize=600%2C849&amp;ssl=1 600w, https:\/\/i0.wp.com\/vsf64.fr\/wp-content\/uploads\/2017\/04\/Soir%C3%A9e-danse-Rock-Salsa1.jpg?w=1280&amp;ssl=1 1280w, https:\/\/i0.wp.com\/vsf64.fr\/wp-content\/uploads\/2017\/04\/Soir%C3%A9e-danse-Rock-Salsa1.jpg?w=1920&amp;ssl=1 1920w\" sizes=\"(max-width: 640px) 100vw, 640px\" \/><\/a><\/p>\n","protected":false},"excerpt":{"rendered":"<p>Th\u00e9r\u00e8se organise le samedi 22 avril 2017 une soir\u00e9e danse Rock-Salsa et Bachata au Pingouin Alternatif \u00e0 Arthez-de-B\u00e9arn. Le prix d&rsquo;entr\u00e9e (5 \u20ac) ainsi qu&rsquo;une partie de la recette de la buvette reviendra \u00e0 Villages Sans Fronti\u00e8res pour financer des &hellip; <a href=\"https:\/\/vsf64.fr\/index.php\/2017\/04\/01\/soiree-danse-au-benefice-de-vsf\/\">Continuer la lecture <span class=\"meta-nav\">&rarr;<\/span><\/a><\/p>\n","protected":false},"author":1,"featured_media":441,"comment_status":"open","ping_status":"open","sticky":false,"template":"","format":"standard","meta":{"jetpack_post_was_ever_published":false,"_jetpack_newsletter_access":"","_jetpack_dont_email_post_to_subs":false,"_jetpack_newsletter_tier_id":0,"_jetpack_memberships_contains_paywalled_content":false,"_jetpack_memberships_contains_paid_content":false,"footnotes":"","jetpack_publicize_message":"","jetpack_publicize_feature_enabled":true,"jetpack_social_post_already_shared":false,"jetpack_social_options":{"image_generator_settings":{"template":"highway","default_image_id":0,"font":"","enabled":false},"version":2}},"categories":[6,4],"tags":[29,26,30,27,28,24],"class_list":["post-439","post","type-post","status-publish","format-standard","has-post-thumbnail","hentry","category-actions","category-manifestation","tag-arthez","tag-danse","tag-pingouin-alternatif","tag-rock","tag-salsa","tag-villages-sans-frontieres"],"jetpack_publicize_connections":[],"jetpack_featured_media_url":"https:\/\/i0.wp.com\/vsf64.fr\/wp-content\/uploads\/2017\/04\/Soir%C3%A9e-danse-carr%C3%A9e.jpg?fit=1280%2C1280&ssl=1","jetpack_sharing_enabled":true,"jetpack_shortlink":"https:\/\/wp.me\/p8Gxst-75","jetpack-related-posts":[{"id":446,"url":"https:\/\/vsf64.fr\/index.php\/2017\/04\/25\/danser-pour-villages-sans-frontieres\/","url_meta":{"origin":439,"position":0},"title":"Danser pour Villages Sans Fronti\u00e8res","author":"maria64","date":"25 avril 2017","format":false,"excerpt":"Danse, danse, danse... Invit\u00e9s par Th\u00e9r\u00e8se, l'organisatrice de cette soir\u00e9e, les nombreux danseurs ont \u00e9volu\u00e9 avec beaucoup de plaisir sur les deux pistes de danse du bar \"Le Pingouin Alternatif\" (Arthez-de-B\u00e9arn). Soir\u00e9e tr\u00e8s r\u00e9ussie ! La recette servira \u00e0 financer des actions soutenues par notre association en Inde. Merci \u00e0\u2026","rel":"","context":"Dans &quot;Actions&quot;","block_context":{"text":"Actions","link":"https:\/\/vsf64.fr\/index.php\/category\/actions\/"},"img":{"alt_text":"soir\u00e9e danse 22-04-17","src":"https:\/\/i0.wp.com\/vsf64.fr\/wp-content\/uploads\/2017\/04\/DSC09274bis-1600x1200.jpg?fit=1200%2C900&ssl=1&resize=350%2C200","width":350,"height":200,"srcset":"https:\/\/i0.wp.com\/vsf64.fr\/wp-content\/uploads\/2017\/04\/DSC09274bis-1600x1200.jpg?fit=1200%2C900&ssl=1&resize=350%2C200 1x, https:\/\/i0.wp.com\/vsf64.fr\/wp-content\/uploads\/2017\/04\/DSC09274bis-1600x1200.jpg?fit=1200%2C900&ssl=1&resize=525%2C300 1.5x, https:\/\/i0.wp.com\/vsf64.fr\/wp-content\/uploads\/2017\/04\/DSC09274bis-1600x1200.jpg?fit=1200%2C900&ssl=1&resize=700%2C400 2x, https:\/\/i0.wp.com\/vsf64.fr\/wp-content\/uploads\/2017\/04\/DSC09274bis-1600x1200.jpg?fit=1200%2C900&ssl=1&resize=1050%2C600 3x"},"classes":[]},{"id":524,"url":"https:\/\/vsf64.fr\/index.php\/2018\/04\/25\/les-membres-de-villages-sans-frontieres-se-sont-reunis\/","url_meta":{"origin":439,"position":1},"title":"Les membres de Villages sans fronti\u00e8res se sont r\u00e9unis","author":"maria64","date":"25 avril 2018","format":false,"excerpt":"\u00a0 L\u2019assembl\u00e9e g\u00e9n\u00e9rale de Villages\u00a0Sans Fronti\u00e8res a eu lieu samedi 21 avril au si\u00e8ge de l\u2019association. Une vingtaine de membres de Salies et des alentours est venue \u00e9couter la pr\u00e9sentation de Maria, pr\u00e9sidente, de Pascal, tr\u00e9sorier et d\u2019Irina, secr\u00e9taire. Irina a d\u2019abord pr\u00e9sent\u00e9 les actions 2017 de l\u2019association, qui ont\u2026","rel":"","context":"Dans &quot;Officiel&quot;","block_context":{"text":"Officiel","link":"https:\/\/vsf64.fr\/index.php\/category\/officiel\/"},"img":{"alt_text":"AG","src":"https:\/\/i0.wp.com\/vsf64.fr\/wp-content\/uploads\/2018\/04\/P1110176-Copier.jpg?fit=1200%2C900&ssl=1&resize=350%2C200","width":350,"height":200,"srcset":"https:\/\/i0.wp.com\/vsf64.fr\/wp-content\/uploads\/2018\/04\/P1110176-Copier.jpg?fit=1200%2C900&ssl=1&resize=350%2C200 1x, https:\/\/i0.wp.com\/vsf64.fr\/wp-content\/uploads\/2018\/04\/P1110176-Copier.jpg?fit=1200%2C900&ssl=1&resize=525%2C300 1.5x, https:\/\/i0.wp.com\/vsf64.fr\/wp-content\/uploads\/2018\/04\/P1110176-Copier.jpg?fit=1200%2C900&ssl=1&resize=700%2C400 2x, https:\/\/i0.wp.com\/vsf64.fr\/wp-content\/uploads\/2018\/04\/P1110176-Copier.jpg?fit=1200%2C900&ssl=1&resize=1050%2C600 3x"},"classes":[]},{"id":543,"url":"https:\/\/vsf64.fr\/index.php\/2018\/05\/10\/si-tu-peux-marcher-tu-peux-danser-proverbe-africain\/","url_meta":{"origin":439,"position":2},"title":"Si tu peux marcher, tu peux danser. Proverbe Africain","author":"maria64","date":"10 mai 2018","format":false,"excerpt":"Samedi 28 avril, Th\u00e9r\u00e8se accueillait les danseurs au \"Pingouin Alternatif\" d'Arthez-de-B\u00e9arn. La musique a entrain\u00e9 sur la piste les amateurs de rock, salsa, bachata et m\u00eame de kizomba. Les petits g\u00e2teaux fait maison \u00e9taient dispos\u00e9s dans des soucoupes pour remercier la vingtaine de personne qui \u00e9tait venue malgr\u00e9 le mauvais\u2026","rel":"","context":"Dans &quot;Actions&quot;","block_context":{"text":"Actions","link":"https:\/\/vsf64.fr\/index.php\/category\/actions\/"},"img":{"alt_text":"","src":"https:\/\/i0.wp.com\/vsf64.fr\/wp-content\/uploads\/2018\/05\/1.jpg?fit=869%2C1200&ssl=1&resize=350%2C200","width":350,"height":200,"srcset":"https:\/\/i0.wp.com\/vsf64.fr\/wp-content\/uploads\/2018\/05\/1.jpg?fit=869%2C1200&ssl=1&resize=350%2C200 1x, https:\/\/i0.wp.com\/vsf64.fr\/wp-content\/uploads\/2018\/05\/1.jpg?fit=869%2C1200&ssl=1&resize=525%2C300 1.5x, https:\/\/i0.wp.com\/vsf64.fr\/wp-content\/uploads\/2018\/05\/1.jpg?fit=869%2C1200&ssl=1&resize=700%2C400 2x"},"classes":[]},{"id":536,"url":"https:\/\/vsf64.fr\/index.php\/2018\/04\/25\/venez-danser-solidaire\/","url_meta":{"origin":439,"position":3},"title":"Venez danser solidaire !","author":"maria64","date":"25 avril 2018","format":false,"excerpt":"M\u00eame si vous ne dansez pas, venez nous rejoindre pour profiter de l'ambiance !","rel":"","context":"Dans &quot;manifestation&quot;","block_context":{"text":"manifestation","link":"https:\/\/vsf64.fr\/index.php\/category\/manifestation\/"},"img":{"alt_text":"Soir\u00e9e danse Rock Salsa2018","src":"https:\/\/i0.wp.com\/vsf64.fr\/wp-content\/uploads\/2018\/04\/Soir%C3%A9e-danse-Rock-Salsa2018-Copier.jpg?fit=848%2C1200&ssl=1&resize=350%2C200","width":350,"height":200,"srcset":"https:\/\/i0.wp.com\/vsf64.fr\/wp-content\/uploads\/2018\/04\/Soir%C3%A9e-danse-Rock-Salsa2018-Copier.jpg?fit=848%2C1200&ssl=1&resize=350%2C200 1x, https:\/\/i0.wp.com\/vsf64.fr\/wp-content\/uploads\/2018\/04\/Soir%C3%A9e-danse-Rock-Salsa2018-Copier.jpg?fit=848%2C1200&ssl=1&resize=525%2C300 1.5x, https:\/\/i0.wp.com\/vsf64.fr\/wp-content\/uploads\/2018\/04\/Soir%C3%A9e-danse-Rock-Salsa2018-Copier.jpg?fit=848%2C1200&ssl=1&resize=700%2C400 2x"},"classes":[]},{"id":489,"url":"https:\/\/vsf64.fr\/index.php\/2017\/11\/16\/faites-vous-du-bien-en-etant-solidaire\/","url_meta":{"origin":439,"position":4},"title":"Faites vous du bien en \u00e9tant solidaire&#8230;","author":"maria64","date":"16 novembre 2017","format":false,"excerpt":"Apr\u00e8s-midi YOGA Avant la p\u00e9riode des f\u00eates, une nouvelle apr\u00e8s-midi yoga est organis\u00e9e par Eva Pottier, professeure de yoga dipl\u00f4m\u00e9e, au b\u00e9n\u00e9fice de l\u2019Association Villages Sans Fronti\u00e8res. L\u2019atelier, se d\u00e9roulera au Centre Socioculturel d\u2019Orthez samedi 25 novembre de 14 \u00e0 17h et se destine aux d\u00e9butants comme aux confirm\u00e9s. Un\u2026","rel":"","context":"Dans &quot;Actions&quot;","block_context":{"text":"Actions","link":"https:\/\/vsf64.fr\/index.php\/category\/actions\/"},"img":{"alt_text":"Apr\u00e8s-midi Yoga CSC 2017","src":"https:\/\/i1.wp.com\/centre-socioculturel-orthez.fr\/wp-content\/uploads\/2017\/11\/Apr\u00e8s-midi-Yoga-CSC2017-2.jpg?resize=350%2C200","width":350,"height":200,"srcset":"https:\/\/i1.wp.com\/centre-socioculturel-orthez.fr\/wp-content\/uploads\/2017\/11\/Apr\u00e8s-midi-Yoga-CSC2017-2.jpg?resize=350%2C200 1x, https:\/\/i1.wp.com\/centre-socioculturel-orthez.fr\/wp-content\/uploads\/2017\/11\/Apr\u00e8s-midi-Yoga-CSC2017-2.jpg?resize=525%2C300 1.5x, https:\/\/i1.wp.com\/centre-socioculturel-orthez.fr\/wp-content\/uploads\/2017\/11\/Apr\u00e8s-midi-Yoga-CSC2017-2.jpg?resize=700%2C400 2x"},"classes":[]},{"id":725,"url":"https:\/\/vsf64.fr\/index.php\/2019\/12\/01\/marche-de-noel\/","url_meta":{"origin":439,"position":5},"title":"March\u00e9 de No\u00ebl","author":"maria64","date":"1 d\u00e9cembre 2019","format":false,"excerpt":"Nous avons tenu le stand de Villages Sans Fronti\u00e8res au march\u00e9 de No\u00ebl de Sauveterre-de-B\u00e9arn. Malgr\u00e9 la pluie et le froid, il y avait du monde sous le chapiteau et l'ambiance \u00e9tait chaleureuse. Plusieurs membres de Villages Sans Fronti\u00e8res ont donn\u00e9 de leur temps pour monter, d\u00e9corer, arranger et enfin\u2026","rel":"","context":"Dans &quot;Actions&quot;","block_context":{"text":"Actions","link":"https:\/\/vsf64.fr\/index.php\/category\/actions\/"},"img":{"alt_text":"","src":"https:\/\/i0.wp.com\/vsf64.fr\/wp-content\/uploads\/2019\/12\/IMG_20191126_185943.jpg?fit=1200%2C676&ssl=1&resize=350%2C200","width":350,"height":200,"srcset":"https:\/\/i0.wp.com\/vsf64.fr\/wp-content\/uploads\/2019\/12\/IMG_20191126_185943.jpg?fit=1200%2C676&ssl=1&resize=350%2C200 1x, https:\/\/i0.wp.com\/vsf64.fr\/wp-content\/uploads\/2019\/12\/IMG_20191126_185943.jpg?fit=1200%2C676&ssl=1&resize=525%2C300 1.5x, https:\/\/i0.wp.com\/vsf64.fr\/wp-content\/uploads\/2019\/12\/IMG_20191126_185943.jpg?fit=1200%2C676&ssl=1&resize=700%2C400 2x, https:\/\/i0.wp.com\/vsf64.fr\/wp-content\/uploads\/2019\/12\/IMG_20191126_185943.jpg?fit=1200%2C676&ssl=1&resize=1050%2C600 3x"},"classes":[]}],"_links":{"self":[{"href":"https:\/\/vsf64.fr\/index.php\/wp-json\/wp\/v2\/posts\/439","targetHints":{"allow":["GET"]}}],"collection":[{"href":"https:\/\/vsf64.fr\/index.php\/wp-json\/wp\/v2\/posts"}],"about":[{"href":"https:\/\/vsf64.fr\/index.php\/wp-json\/wp\/v2\/types\/post"}],"author":[{"embeddable":true,"href":"https:\/\/vsf64.fr\/index.php\/wp-json\/wp\/v2\/users\/1"}],"replies":[{"embeddable":true,"href":"https:\/\/vsf64.fr\/index.php\/wp-json\/wp\/v2\/comments?post=439"}],"version-history":[{"count":3,"href":"https:\/\/vsf64.fr\/index.php\/wp-json\/wp\/v2\/posts\/439\/revisions"}],"predecessor-version":[{"id":444,"href":"https:\/\/vsf64.fr\/index.php\/wp-json\/wp\/v2\/posts\/439\/revisions\/444"}],"wp:featuredmedia":[{"embeddable":true,"href":"https:\/\/vsf64.fr\/index.php\/wp-json\/wp\/v2\/media\/441"}],"wp:attachment":[{"href":"https:\/\/vsf64.fr\/index.php\/wp-json\/wp\/v2\/media?parent=439"}],"wp:term":[{"taxonomy":"category","embeddable":true,"href":"https:\/\/vsf64.fr\/index.php\/wp-json\/wp\/v2\/categories?post=439"},{"taxonomy":"post_tag","embeddable":true,"href":"https:\/\/vsf64.fr\/index.php\/wp-json\/wp\/v2\/tags?post=439"}],"curies":[{"name":"wp","href":"https:\/\/api.w.org\/{rel}","templated":true}]}}