{"id":431,"date":"2017-03-19T22:41:34","date_gmt":"2017-03-19T21:41:34","guid":{"rendered":"http:\/\/vsf64.fr\/?p=431"},"modified":"2017-03-19T22:41:34","modified_gmt":"2017-03-19T21:41:34","slug":"assemblee-generale-de-vsf","status":"publish","type":"post","link":"https:\/\/vsf64.fr\/index.php\/2017\/03\/19\/assemblee-generale-de-vsf\/","title":{"rendered":"Assembl\u00e9e G\u00e9n\u00e9rale de VSF"},"content":{"rendered":"<p>Les adh\u00e9rents de Villages Sans Fronti\u00e8res sont invit\u00e9s pour l&rsquo;Assembl\u00e9e G\u00e9n\u00e9rale qui aura lieu samedi 25 mars \u00e0 15 h au si\u00e8ge social.<\/p>\n<p>Ce sera l&rsquo;occasion de faire le bilan de l&rsquo;ann\u00e9e 2016 et de pr\u00e9parer les actions et projets de 2017.<\/p>\n<div id=\"attachment_432\" style=\"width: 970px\" class=\"wp-caption alignnone\"><a href=\"https:\/\/i0.wp.com\/vsf64.fr\/wp-content\/uploads\/2017\/03\/AG2017.jpg\" data-rel=\"lightbox-image-0\" data-rl_title=\"\" data-rl_caption=\"\" title=\"\"><img data-recalc-dims=\"1\" fetchpriority=\"high\" decoding=\"async\" aria-describedby=\"caption-attachment-432\" data-attachment-id=\"432\" data-permalink=\"https:\/\/vsf64.fr\/index.php\/2017\/03\/19\/assemblee-generale-de-vsf\/ag2017\/\" data-orig-file=\"https:\/\/i0.wp.com\/vsf64.fr\/wp-content\/uploads\/2017\/03\/AG2017.jpg?fit=960%2C260&amp;ssl=1\" data-orig-size=\"960,260\" data-comments-opened=\"0\" data-image-meta=\"{&quot;aperture&quot;:&quot;0&quot;,&quot;credit&quot;:&quot;&quot;,&quot;camera&quot;:&quot;&quot;,&quot;caption&quot;:&quot;&quot;,&quot;created_timestamp&quot;:&quot;0&quot;,&quot;copyright&quot;:&quot;&quot;,&quot;focal_length&quot;:&quot;0&quot;,&quot;iso&quot;:&quot;0&quot;,&quot;shutter_speed&quot;:&quot;0&quot;,&quot;title&quot;:&quot;&quot;,&quot;orientation&quot;:&quot;1&quot;}\" data-image-title=\"AG2017\" data-image-description=\"\" data-image-caption=\"&lt;p&gt;AG 2017&lt;\/p&gt;\n\" data-large-file=\"https:\/\/i0.wp.com\/vsf64.fr\/wp-content\/uploads\/2017\/03\/AG2017.jpg?fit=640%2C173&amp;ssl=1\" class=\"size-full wp-image-432\" src=\"https:\/\/i0.wp.com\/vsf64.fr\/wp-content\/uploads\/2017\/03\/AG2017.jpg?resize=640%2C173\" alt=\"AG 2017\" width=\"640\" height=\"173\" srcset=\"https:\/\/i0.wp.com\/vsf64.fr\/wp-content\/uploads\/2017\/03\/AG2017.jpg?w=960&amp;ssl=1 960w, https:\/\/i0.wp.com\/vsf64.fr\/wp-content\/uploads\/2017\/03\/AG2017.jpg?resize=300%2C81&amp;ssl=1 300w, https:\/\/i0.wp.com\/vsf64.fr\/wp-content\/uploads\/2017\/03\/AG2017.jpg?resize=600%2C163&amp;ssl=1 600w\" sizes=\"(max-width: 640px) 100vw, 640px\" \/><\/a><p id=\"caption-attachment-432\" class=\"wp-caption-text\">AG 2017<\/p><\/div>\n","protected":false},"excerpt":{"rendered":"<p>Les adh\u00e9rents de Villages Sans Fronti\u00e8res sont invit\u00e9s pour l&rsquo;Assembl\u00e9e G\u00e9n\u00e9rale qui aura lieu samedi 25 mars \u00e0 15 h au si\u00e8ge social. Ce sera l&rsquo;occasion de faire le bilan de l&rsquo;ann\u00e9e 2016 et de pr\u00e9parer les actions et projets &hellip; <a href=\"https:\/\/vsf64.fr\/index.php\/2017\/03\/19\/assemblee-generale-de-vsf\/\">Continuer la lecture <span class=\"meta-nav\">&rarr;<\/span><\/a><\/p>\n","protected":false},"author":1,"featured_media":432,"comment_status":"open","ping_status":"open","sticky":false,"template":"","format":"standard","meta":{"jetpack_post_was_ever_published":false,"_jetpack_newsletter_access":"","_jetpack_dont_email_post_to_subs":false,"_jetpack_newsletter_tier_id":0,"_jetpack_memberships_contains_paywalled_content":false,"_jetpack_memberships_contains_paid_content":false,"footnotes":"","jetpack_publicize_message":"","jetpack_publicize_feature_enabled":true,"jetpack_social_post_already_shared":false,"jetpack_social_options":{"image_generator_settings":{"template":"highway","default_image_id":0,"font":"","enabled":false},"version":2}},"categories":[22],"tags":[23,24],"class_list":["post-431","post","type-post","status-publish","format-standard","has-post-thumbnail","hentry","category-officiel","tag-ag","tag-villages-sans-frontieres"],"jetpack_publicize_connections":[],"jetpack_featured_media_url":"https:\/\/i0.wp.com\/vsf64.fr\/wp-content\/uploads\/2017\/03\/AG2017.jpg?fit=960%2C260&ssl=1","jetpack_sharing_enabled":true,"jetpack_shortlink":"https:\/\/wp.me\/p8Gxst-6X","jetpack-related-posts":[{"id":524,"url":"https:\/\/vsf64.fr\/index.php\/2018\/04\/25\/les-membres-de-villages-sans-frontieres-se-sont-reunis\/","url_meta":{"origin":431,"position":0},"title":"Les membres de Villages sans fronti\u00e8res se sont r\u00e9unis","author":"maria64","date":"25 avril 2018","format":false,"excerpt":"\u00a0 L\u2019assembl\u00e9e g\u00e9n\u00e9rale de Villages\u00a0Sans Fronti\u00e8res a eu lieu samedi 21 avril au si\u00e8ge de l\u2019association. Une vingtaine de membres de Salies et des alentours est venue \u00e9couter la pr\u00e9sentation de Maria, pr\u00e9sidente, de Pascal, tr\u00e9sorier et d\u2019Irina, secr\u00e9taire. Irina a d\u2019abord pr\u00e9sent\u00e9 les actions 2017 de l\u2019association, qui ont\u2026","rel":"","context":"Dans &quot;Officiel&quot;","block_context":{"text":"Officiel","link":"https:\/\/vsf64.fr\/index.php\/category\/officiel\/"},"img":{"alt_text":"AG","src":"https:\/\/i0.wp.com\/vsf64.fr\/wp-content\/uploads\/2018\/04\/P1110176-Copier.jpg?fit=1200%2C900&ssl=1&resize=350%2C200","width":350,"height":200,"srcset":"https:\/\/i0.wp.com\/vsf64.fr\/wp-content\/uploads\/2018\/04\/P1110176-Copier.jpg?fit=1200%2C900&ssl=1&resize=350%2C200 1x, https:\/\/i0.wp.com\/vsf64.fr\/wp-content\/uploads\/2018\/04\/P1110176-Copier.jpg?fit=1200%2C900&ssl=1&resize=525%2C300 1.5x, https:\/\/i0.wp.com\/vsf64.fr\/wp-content\/uploads\/2018\/04\/P1110176-Copier.jpg?fit=1200%2C900&ssl=1&resize=700%2C400 2x, https:\/\/i0.wp.com\/vsf64.fr\/wp-content\/uploads\/2018\/04\/P1110176-Copier.jpg?fit=1200%2C900&ssl=1&resize=1050%2C600 3x"},"classes":[]},{"id":1611,"url":"https:\/\/vsf64.fr\/index.php\/2024\/04\/27\/notre-assemblee-generale-a-eu-lieu\/","url_meta":{"origin":431,"position":1},"title":"Notre Assembl\u00e9e G\u00e9n\u00e9rale a eu lieu","author":"maria64","date":"27 avril 2024","format":false,"excerpt":"Le bilan de l'ann\u00e9e 2023 Comme le d\u00e9crit si bien Jean-Fran\u00e7ois dans l'article ci-dessous, l'ann\u00e9e 2023 a \u00e9t\u00e9 active, pour Villages Sans Fronti\u00e8res et ses membres.","rel":"","context":"Dans &quot;Non class\u00e9&quot;","block_context":{"text":"Non class\u00e9","link":"https:\/\/vsf64.fr\/index.php\/category\/non-classe\/"},"img":{"alt_text":"","src":"https:\/\/i0.wp.com\/vsf64.fr\/wp-content\/uploads\/2024\/04\/Article-la-Rep-suite-AG-Copier.png?resize=350%2C200&ssl=1","width":350,"height":200,"srcset":"https:\/\/i0.wp.com\/vsf64.fr\/wp-content\/uploads\/2024\/04\/Article-la-Rep-suite-AG-Copier.png?resize=350%2C200&ssl=1 1x, https:\/\/i0.wp.com\/vsf64.fr\/wp-content\/uploads\/2024\/04\/Article-la-Rep-suite-AG-Copier.png?resize=525%2C300&ssl=1 1.5x"},"classes":[]},{"id":348,"url":"https:\/\/vsf64.fr\/index.php\/2016\/09\/23\/la-page-facebook-de-villages-sans-frontieres\/","url_meta":{"origin":431,"position":2},"title":"La page Facebook de Villages Sans Fronti\u00e8res","author":"maria64","date":"23 septembre 2016","format":false,"excerpt":"Notre association a maintenant une page Facebook, en plus d'un site (vsf64.fr) Afin de nous faire conna\u00eetre et surtout pour pouvoir nous trouver sur les moteurs de recherches (Google et autres), nous avons besoin de vous ! Vous pouvez nous aider: En allant sur notre page Facebook : Facebook Villages\u2026","rel":"","context":"Dans &quot;Non class\u00e9&quot;","block_context":{"text":"Non class\u00e9","link":"https:\/\/vsf64.fr\/index.php\/category\/non-classe\/"},"img":{"alt_text":"Facebook j'aime","src":"https:\/\/i0.wp.com\/vsf64.fr\/wp-content\/uploads\/2016\/09\/serveimage.gif?resize=350%2C200","width":350,"height":200},"classes":[]},{"id":725,"url":"https:\/\/vsf64.fr\/index.php\/2019\/12\/01\/marche-de-noel\/","url_meta":{"origin":431,"position":3},"title":"March\u00e9 de No\u00ebl","author":"maria64","date":"1 d\u00e9cembre 2019","format":false,"excerpt":"Nous avons tenu le stand de Villages Sans Fronti\u00e8res au march\u00e9 de No\u00ebl de Sauveterre-de-B\u00e9arn. Malgr\u00e9 la pluie et le froid, il y avait du monde sous le chapiteau et l'ambiance \u00e9tait chaleureuse. Plusieurs membres de Villages Sans Fronti\u00e8res ont donn\u00e9 de leur temps pour monter, d\u00e9corer, arranger et enfin\u2026","rel":"","context":"Dans &quot;Actions&quot;","block_context":{"text":"Actions","link":"https:\/\/vsf64.fr\/index.php\/category\/actions\/"},"img":{"alt_text":"","src":"https:\/\/i0.wp.com\/vsf64.fr\/wp-content\/uploads\/2019\/12\/IMG_20191126_185943.jpg?fit=1200%2C676&ssl=1&resize=350%2C200","width":350,"height":200,"srcset":"https:\/\/i0.wp.com\/vsf64.fr\/wp-content\/uploads\/2019\/12\/IMG_20191126_185943.jpg?fit=1200%2C676&ssl=1&resize=350%2C200 1x, https:\/\/i0.wp.com\/vsf64.fr\/wp-content\/uploads\/2019\/12\/IMG_20191126_185943.jpg?fit=1200%2C676&ssl=1&resize=525%2C300 1.5x, https:\/\/i0.wp.com\/vsf64.fr\/wp-content\/uploads\/2019\/12\/IMG_20191126_185943.jpg?fit=1200%2C676&ssl=1&resize=700%2C400 2x, https:\/\/i0.wp.com\/vsf64.fr\/wp-content\/uploads\/2019\/12\/IMG_20191126_185943.jpg?fit=1200%2C676&ssl=1&resize=1050%2C600 3x"},"classes":[]},{"id":646,"url":"https:\/\/vsf64.fr\/index.php\/2019\/04\/01\/lassemblee-generale-a-eu-lieu\/","url_meta":{"origin":431,"position":4},"title":"L&rsquo;Assembl\u00e9e G\u00e9n\u00e9rale a eu lieu","author":"maria64","date":"1 avril 2019","format":false,"excerpt":"Merci \u00e0 notre correspondant pr\u00e9f\u00e9r\u00e9 d'avoir si bien r\u00e9sum\u00e9 le contenu de l'Assembl\u00e9e G\u00e9n\u00e9rale de Villages Sans Fronti\u00e8res dans \"La R\u00e9publique des Pyr\u00e9n\u00e9es\".","rel":"","context":"Dans &quot;Officiel&quot;","block_context":{"text":"Officiel","link":"https:\/\/vsf64.fr\/index.php\/category\/officiel\/"},"img":{"alt_text":"","src":"https:\/\/i0.wp.com\/vsf64.fr\/wp-content\/uploads\/2019\/03\/001-Copier-684x1024.jpg?resize=350%2C200","width":350,"height":200,"srcset":"https:\/\/i0.wp.com\/vsf64.fr\/wp-content\/uploads\/2019\/03\/001-Copier-684x1024.jpg?resize=350%2C200 1x, https:\/\/i0.wp.com\/vsf64.fr\/wp-content\/uploads\/2019\/03\/001-Copier-684x1024.jpg?resize=525%2C300 1.5x"},"classes":[]},{"id":446,"url":"https:\/\/vsf64.fr\/index.php\/2017\/04\/25\/danser-pour-villages-sans-frontieres\/","url_meta":{"origin":431,"position":5},"title":"Danser pour Villages Sans Fronti\u00e8res","author":"maria64","date":"25 avril 2017","format":false,"excerpt":"Danse, danse, danse... Invit\u00e9s par Th\u00e9r\u00e8se, l'organisatrice de cette soir\u00e9e, les nombreux danseurs ont \u00e9volu\u00e9 avec beaucoup de plaisir sur les deux pistes de danse du bar \"Le Pingouin Alternatif\" (Arthez-de-B\u00e9arn). Soir\u00e9e tr\u00e8s r\u00e9ussie ! La recette servira \u00e0 financer des actions soutenues par notre association en Inde. Merci \u00e0\u2026","rel":"","context":"Dans &quot;Actions&quot;","block_context":{"text":"Actions","link":"https:\/\/vsf64.fr\/index.php\/category\/actions\/"},"img":{"alt_text":"soir\u00e9e danse 22-04-17","src":"https:\/\/i0.wp.com\/vsf64.fr\/wp-content\/uploads\/2017\/04\/DSC09274bis-1600x1200.jpg?fit=1200%2C900&ssl=1&resize=350%2C200","width":350,"height":200,"srcset":"https:\/\/i0.wp.com\/vsf64.fr\/wp-content\/uploads\/2017\/04\/DSC09274bis-1600x1200.jpg?fit=1200%2C900&ssl=1&resize=350%2C200 1x, https:\/\/i0.wp.com\/vsf64.fr\/wp-content\/uploads\/2017\/04\/DSC09274bis-1600x1200.jpg?fit=1200%2C900&ssl=1&resize=525%2C300 1.5x, https:\/\/i0.wp.com\/vsf64.fr\/wp-content\/uploads\/2017\/04\/DSC09274bis-1600x1200.jpg?fit=1200%2C900&ssl=1&resize=700%2C400 2x, https:\/\/i0.wp.com\/vsf64.fr\/wp-content\/uploads\/2017\/04\/DSC09274bis-1600x1200.jpg?fit=1200%2C900&ssl=1&resize=1050%2C600 3x"},"classes":[]}],"_links":{"self":[{"href":"https:\/\/vsf64.fr\/index.php\/wp-json\/wp\/v2\/posts\/431","targetHints":{"allow":["GET"]}}],"collection":[{"href":"https:\/\/vsf64.fr\/index.php\/wp-json\/wp\/v2\/posts"}],"about":[{"href":"https:\/\/vsf64.fr\/index.php\/wp-json\/wp\/v2\/types\/post"}],"author":[{"embeddable":true,"href":"https:\/\/vsf64.fr\/index.php\/wp-json\/wp\/v2\/users\/1"}],"replies":[{"embeddable":true,"href":"https:\/\/vsf64.fr\/index.php\/wp-json\/wp\/v2\/comments?post=431"}],"version-history":[{"count":1,"href":"https:\/\/vsf64.fr\/index.php\/wp-json\/wp\/v2\/posts\/431\/revisions"}],"predecessor-version":[{"id":433,"href":"https:\/\/vsf64.fr\/index.php\/wp-json\/wp\/v2\/posts\/431\/revisions\/433"}],"wp:featuredmedia":[{"embeddable":true,"href":"https:\/\/vsf64.fr\/index.php\/wp-json\/wp\/v2\/media\/432"}],"wp:attachment":[{"href":"https:\/\/vsf64.fr\/index.php\/wp-json\/wp\/v2\/media?parent=431"}],"wp:term":[{"taxonomy":"category","embeddable":true,"href":"https:\/\/vsf64.fr\/index.php\/wp-json\/wp\/v2\/categories?post=431"},{"taxonomy":"post_tag","embeddable":true,"href":"https:\/\/vsf64.fr\/index.php\/wp-json\/wp\/v2\/tags?post=431"}],"curies":[{"name":"wp","href":"https:\/\/api.w.org\/{rel}","templated":true}]}}