{"id":410,"date":"2017-03-10T21:55:26","date_gmt":"2017-03-10T20:55:26","guid":{"rendered":"http:\/\/vsf64.fr\/?p=410"},"modified":"2017-03-11T21:30:16","modified_gmt":"2017-03-11T20:30:16","slug":"au-cambodge-combattre-la-misere-et-redonner-le-sourire-aux-enfants","status":"publish","type":"post","link":"https:\/\/vsf64.fr\/index.php\/2017\/03\/10\/au-cambodge-combattre-la-misere-et-redonner-le-sourire-aux-enfants\/","title":{"rendered":"Au Cambodge, combattre la mis\u00e8re et redonner le sourire aux enfants"},"content":{"rendered":"<h3 dir=\"ltr\">Lors de notre s\u00e9jour au Cambodge en f\u00e9vrier dernier, nous sommes all\u00e9s rendre visite \u00e0 l&rsquo;association <a href=\"http:\/\/www.pse.ong\/fr\/notre-histoire\" target=\"_blank\">\u00ab\u00a0Pour un sourire d&rsquo;enfant\u00a0\u00bb<\/a> \u00e0 Phnom Penh.<\/h3>\n<h3><a href=\"https:\/\/i0.wp.com\/vsf64.fr\/wp-content\/uploads\/2017\/03\/1486549401020.jpg\" data-rel=\"lightbox-image-0\" data-rl_title=\"\" data-rl_caption=\"\" title=\"\"><img data-recalc-dims=\"1\" fetchpriority=\"high\" decoding=\"async\" data-attachment-id=\"412\" data-permalink=\"https:\/\/vsf64.fr\/index.php\/2017\/03\/10\/au-cambodge-combattre-la-misere-et-redonner-le-sourire-aux-enfants\/attachment\/1486549401020\/\" data-orig-file=\"https:\/\/i0.wp.com\/vsf64.fr\/wp-content\/uploads\/2017\/03\/1486549401020.jpg?fit=1456%2C2592&amp;ssl=1\" data-orig-size=\"1456,2592\" data-comments-opened=\"0\" data-image-meta=\"{&quot;aperture&quot;:&quot;2.4&quot;,&quot;credit&quot;:&quot;&quot;,&quot;camera&quot;:&quot;XT1032&quot;,&quot;caption&quot;:&quot;&quot;,&quot;created_timestamp&quot;:&quot;1039348800&quot;,&quot;copyright&quot;:&quot;&quot;,&quot;focal_length&quot;:&quot;3.5&quot;,&quot;iso&quot;:&quot;160&quot;,&quot;shutter_speed&quot;:&quot;0.03336&quot;,&quot;title&quot;:&quot;&quot;,&quot;orientation&quot;:&quot;0&quot;}\" data-image-title=\"PSE\" data-image-description=\"\" data-image-caption=\"\" data-large-file=\"https:\/\/i0.wp.com\/vsf64.fr\/wp-content\/uploads\/2017\/03\/1486549401020.jpg?fit=575%2C1024&amp;ssl=1\" class=\"size-medium wp-image-412 aligncenter\" src=\"https:\/\/i0.wp.com\/vsf64.fr\/wp-content\/uploads\/2017\/03\/1486549401020-169x300.jpg?resize=169%2C300\" alt=\"1486549401020\" width=\"169\" height=\"300\" srcset=\"https:\/\/i0.wp.com\/vsf64.fr\/wp-content\/uploads\/2017\/03\/1486549401020.jpg?resize=169%2C300&amp;ssl=1 169w, https:\/\/i0.wp.com\/vsf64.fr\/wp-content\/uploads\/2017\/03\/1486549401020.jpg?resize=575%2C1024&amp;ssl=1 575w, https:\/\/i0.wp.com\/vsf64.fr\/wp-content\/uploads\/2017\/03\/1486549401020.jpg?resize=600%2C1068&amp;ssl=1 600w, https:\/\/i0.wp.com\/vsf64.fr\/wp-content\/uploads\/2017\/03\/1486549401020.jpg?w=1456&amp;ssl=1 1456w, https:\/\/i0.wp.com\/vsf64.fr\/wp-content\/uploads\/2017\/03\/1486549401020.jpg?w=1280&amp;ssl=1 1280w\" sizes=\"(max-width: 169px) 100vw, 169px\" \/><\/a><\/h3>\n<h3><a href=\"https:\/\/i0.wp.com\/vsf64.fr\/wp-content\/uploads\/2017\/03\/P1070328.jpg\" data-rel=\"lightbox-image-1\" data-rl_title=\"\" data-rl_caption=\"\" title=\"\"><img data-recalc-dims=\"1\" decoding=\"async\" data-attachment-id=\"413\" data-permalink=\"https:\/\/vsf64.fr\/index.php\/2017\/03\/10\/au-cambodge-combattre-la-misere-et-redonner-le-sourire-aux-enfants\/p1070328\/\" data-orig-file=\"https:\/\/i0.wp.com\/vsf64.fr\/wp-content\/uploads\/2017\/03\/P1070328.jpg?fit=2560%2C1920&amp;ssl=1\" data-orig-size=\"2560,1920\" data-comments-opened=\"0\" data-image-meta=\"{&quot;aperture&quot;:&quot;2.8&quot;,&quot;credit&quot;:&quot;&quot;,&quot;camera&quot;:&quot;DMC-FZ200&quot;,&quot;caption&quot;:&quot;&quot;,&quot;created_timestamp&quot;:&quot;1486542679&quot;,&quot;copyright&quot;:&quot;&quot;,&quot;focal_length&quot;:&quot;10.1&quot;,&quot;iso&quot;:&quot;200&quot;,&quot;shutter_speed&quot;:&quot;0.0125&quot;,&quot;title&quot;:&quot;&quot;,&quot;orientation&quot;:&quot;1&quot;}\" data-image-title=\"Classe PSE\" data-image-description=\"\" data-image-caption=\"\" data-large-file=\"https:\/\/i0.wp.com\/vsf64.fr\/wp-content\/uploads\/2017\/03\/P1070328.jpg?fit=640%2C480&amp;ssl=1\" class=\"wp-image-413 aligncenter\" src=\"https:\/\/i0.wp.com\/vsf64.fr\/wp-content\/uploads\/2017\/03\/P1070328-1024x768.jpg?resize=343%2C257\" alt=\"Classe PSE\" width=\"343\" height=\"257\" srcset=\"https:\/\/i0.wp.com\/vsf64.fr\/wp-content\/uploads\/2017\/03\/P1070328.jpg?resize=1024%2C768&amp;ssl=1 1024w, https:\/\/i0.wp.com\/vsf64.fr\/wp-content\/uploads\/2017\/03\/P1070328.jpg?resize=300%2C225&amp;ssl=1 300w, https:\/\/i0.wp.com\/vsf64.fr\/wp-content\/uploads\/2017\/03\/P1070328.jpg?resize=600%2C450&amp;ssl=1 600w, https:\/\/i0.wp.com\/vsf64.fr\/wp-content\/uploads\/2017\/03\/P1070328.jpg?w=1280&amp;ssl=1 1280w, https:\/\/i0.wp.com\/vsf64.fr\/wp-content\/uploads\/2017\/03\/P1070328.jpg?w=1920&amp;ssl=1 1920w\" sizes=\"(max-width: 343px) 100vw, 343px\" \/><\/a><\/h3>\n<p><em>Une des classes o\u00f9 \u00e9tudient les enfants dans le Centre PSE \u00e0 Phnom Penh<\/em><\/p>\n<h3 dir=\"ltr\">Il y a vingt ans, un couple de fran\u00e7ais, Christian et Marie-France des Palli\u00e8res, d\u00e9couvre l&rsquo;univers infernal des enfants travaillant dans les d\u00e9charges de Phnom Penh. Des centaines d&rsquo;enfants de tous \u00e2ges, souffrant de malnutrition s&rsquo;\u00e9puisent au milieu des ordures, dans la chaleur et les mouches. Toute la journ\u00e9e ils fouillent parmi les d\u00e9chets pour y trouver de quoi se nourrir ou pour r\u00e9cup\u00e9rer des mat\u00e9riaux qui leur font gagner quelques centimes par jour. Mais le pire, ce n&rsquo;est pas la d\u00e9charge. Ce n&rsquo;est pas \u00e7a qui fait pleurer les enfants. Ils pleurent quand ils parlent de leur famille, car c&rsquo;est \u00e7a, le fond de l&rsquo;enfer. Les familles sont cass\u00e9es, d\u00e9truites, et les enfants maltrait\u00e9s, battus, vendus.<\/h3>\n<h3 dir=\"ltr\">Depuis des ann\u00e9es, leurs parents n&rsquo;ont connu que la violence et ne savent que la reproduire. La guerre civile, associ\u00e9e \u00e0 une id\u00e9ologie hallucinante de cruaut\u00e9, a engendr\u00e9 une perte totale des valeurs morales et des rep\u00e8res. Le but des Khmers rouges (1975-1979) \u00e9tait de supprimer toutes les valeurs du Cambodge en massacrant les t\u00eates pensantes et agissantes, les croyants de toutes les religions, les artistes. Les parents de ces enfants-l\u00e0 avaient entre 8 et 10 ans \u00e0 l&rsquo;\u00e9poque. Ils ont v\u00e9cu dans des camps o\u00f9 on leur a appris \u00e0 ha\u00efr tout ce qu&rsquo;ils avaient connu jusqu&rsquo;\u00e0 pr\u00e9sent. Ils ont appris la violence. Et ils sont devenus des p\u00e8res et m\u00e8res de familles&#8230;<\/h3>\n<h3 dir=\"ltr\">\u00c9pouvant\u00e9s par les conditions sanitaires extr\u00eames et la d\u00e9tresse morale de ces jeunes enfants ( dont les plus jeunes ont environ 5 ans), le couple des Palli\u00e8res se mobilise en 1995 pour r\u00e9aliser le souhait des petits chiffonniers, qui \u00e9tait simplement d&rsquo;avoir un repas par jour et d&rsquo;aller \u00e0 l&rsquo;\u00e9cole. Les deux Fran\u00e7ais partent en tourn\u00e9e en France durant quelques mois pour r\u00e9colter des fonds.<\/h3>\n<h3 dir=\"ltr\">D\u00e8s 1996, ils arrivent \u00e0 fournir un repas par jour \u00e0 une vingtaine d&rsquo;enfants, sur la d\u00e9charge m\u00eame de Phnom Penh. Et en peu de temps, 250 enfants sont nourris et scolaris\u00e9s. Au cours des ann\u00e9es, malgr\u00e9 toutes les difficult\u00e9s, de plus en plus d&rsquo;enfants b\u00e9n\u00e9ficient \u00a0de l&rsquo;immense g\u00e9n\u00e9rosit\u00e9 de \u00ab\u00a0Papy\u00a0\u00bb et \u00ab\u00a0Mamy\u00a0\u00bb (Christian et Marie-France des Palli\u00e8res sont nomm\u00e9s ainsi par les enfants).<\/h3>\n<h3 dir=\"ltr\">Vingt ans plus tard, lorsque \u00ab\u00a0Papy\u00a0\u00bb d\u00e9c\u00e8de, c&rsquo;est 6500 enfants et jeunes qui fr\u00e9quentent le centre \u201cPour un sourire d\u2019enfant\u201d, pour \u00eatre scolaris\u00e9s ou suivre une formation professionnelle (dans les domaines de la plomberie, la m\u00e9canique, la boulangerie, l\u2019h\u00f4tellerie, la coiffure, etc.). Le niveau de formation est tel que les jeunes form\u00e9s dans le centre trouvent facilement un travail.<\/h3>\n<h3 dir=\"ltr\">Malgr\u00e9 tout,\u00a0les actions humanitaires au Cambodge ont encore leur place et leur int\u00e9r\u00eat. Comme nous avons pu le constater dans les rues de Phnom Penh, de nombreux enfants sont toujours dans la mis\u00e8re. Ils survivent dans la rue ou fouillent dans les poubelles pour en extraire des canettes vides \u00e0 revendre.<\/h3>\n<h3><a href=\"https:\/\/i0.wp.com\/vsf64.fr\/wp-content\/uploads\/2017\/03\/P1070345.jpg\" data-rel=\"lightbox-image-2\" data-rl_title=\"\" data-rl_caption=\"\" title=\"\"><img data-recalc-dims=\"1\" decoding=\"async\" data-attachment-id=\"416\" data-permalink=\"https:\/\/vsf64.fr\/index.php\/2017\/03\/10\/au-cambodge-combattre-la-misere-et-redonner-le-sourire-aux-enfants\/p1070345\/\" data-orig-file=\"https:\/\/i0.wp.com\/vsf64.fr\/wp-content\/uploads\/2017\/03\/P1070345.jpg?fit=2560%2C1920&amp;ssl=1\" data-orig-size=\"2560,1920\" data-comments-opened=\"0\" data-image-meta=\"{&quot;aperture&quot;:&quot;4&quot;,&quot;credit&quot;:&quot;&quot;,&quot;camera&quot;:&quot;DMC-FZ200&quot;,&quot;caption&quot;:&quot;&quot;,&quot;created_timestamp&quot;:&quot;1486550730&quot;,&quot;copyright&quot;:&quot;&quot;,&quot;focal_length&quot;:&quot;105.6&quot;,&quot;iso&quot;:&quot;800&quot;,&quot;shutter_speed&quot;:&quot;0.001&quot;,&quot;title&quot;:&quot;&quot;,&quot;orientation&quot;:&quot;1&quot;}\" data-image-title=\"Enfant dans la rue f\u00e9vrier 2017\" data-image-description=\"\" data-image-caption=\"\" data-large-file=\"https:\/\/i0.wp.com\/vsf64.fr\/wp-content\/uploads\/2017\/03\/P1070345.jpg?fit=640%2C480&amp;ssl=1\" class=\"alignnone size-medium wp-image-416\" src=\"https:\/\/i0.wp.com\/vsf64.fr\/wp-content\/uploads\/2017\/03\/P1070345-300x225.jpg?resize=300%2C225\" alt=\"Enfant dans la rue f\u00e9vrier 2017\" width=\"300\" height=\"225\" srcset=\"https:\/\/i0.wp.com\/vsf64.fr\/wp-content\/uploads\/2017\/03\/P1070345.jpg?resize=300%2C225&amp;ssl=1 300w, https:\/\/i0.wp.com\/vsf64.fr\/wp-content\/uploads\/2017\/03\/P1070345.jpg?resize=1024%2C768&amp;ssl=1 1024w, https:\/\/i0.wp.com\/vsf64.fr\/wp-content\/uploads\/2017\/03\/P1070345.jpg?resize=600%2C450&amp;ssl=1 600w, https:\/\/i0.wp.com\/vsf64.fr\/wp-content\/uploads\/2017\/03\/P1070345.jpg?w=1280&amp;ssl=1 1280w, https:\/\/i0.wp.com\/vsf64.fr\/wp-content\/uploads\/2017\/03\/P1070345.jpg?w=1920&amp;ssl=1 1920w\" sizes=\"(max-width: 300px) 100vw, 300px\" \/><\/a> <a href=\"https:\/\/i0.wp.com\/vsf64.fr\/wp-content\/uploads\/2017\/03\/P1070431.jpg\" data-rel=\"lightbox-image-3\" data-rl_title=\"\" data-rl_caption=\"\" title=\"\"><img data-recalc-dims=\"1\" loading=\"lazy\" decoding=\"async\" data-attachment-id=\"417\" data-permalink=\"https:\/\/vsf64.fr\/index.php\/2017\/03\/10\/au-cambodge-combattre-la-misere-et-redonner-le-sourire-aux-enfants\/p1070431\/\" data-orig-file=\"https:\/\/i0.wp.com\/vsf64.fr\/wp-content\/uploads\/2017\/03\/P1070431.jpg?fit=2560%2C1920&amp;ssl=1\" data-orig-size=\"2560,1920\" data-comments-opened=\"0\" data-image-meta=\"{&quot;aperture&quot;:&quot;4&quot;,&quot;credit&quot;:&quot;&quot;,&quot;camera&quot;:&quot;DMC-FZ200&quot;,&quot;caption&quot;:&quot;&quot;,&quot;created_timestamp&quot;:&quot;1486619614&quot;,&quot;copyright&quot;:&quot;&quot;,&quot;focal_length&quot;:&quot;43.3&quot;,&quot;iso&quot;:&quot;200&quot;,&quot;shutter_speed&quot;:&quot;0.005&quot;,&quot;title&quot;:&quot;&quot;,&quot;orientation&quot;:&quot;1&quot;}\" data-image-title=\"P1070431\" data-image-description=\"\" data-image-caption=\"\" data-large-file=\"https:\/\/i0.wp.com\/vsf64.fr\/wp-content\/uploads\/2017\/03\/P1070431.jpg?fit=640%2C480&amp;ssl=1\" class=\"alignnone wp-image-417\" src=\"https:\/\/i0.wp.com\/vsf64.fr\/wp-content\/uploads\/2017\/03\/P1070431-1024x768.jpg?resize=303%2C227\" alt=\"P1070431\" width=\"303\" height=\"227\" srcset=\"https:\/\/i0.wp.com\/vsf64.fr\/wp-content\/uploads\/2017\/03\/P1070431.jpg?resize=1024%2C768&amp;ssl=1 1024w, https:\/\/i0.wp.com\/vsf64.fr\/wp-content\/uploads\/2017\/03\/P1070431.jpg?resize=300%2C225&amp;ssl=1 300w, https:\/\/i0.wp.com\/vsf64.fr\/wp-content\/uploads\/2017\/03\/P1070431.jpg?resize=600%2C450&amp;ssl=1 600w, https:\/\/i0.wp.com\/vsf64.fr\/wp-content\/uploads\/2017\/03\/P1070431.jpg?w=1280&amp;ssl=1 1280w, https:\/\/i0.wp.com\/vsf64.fr\/wp-content\/uploads\/2017\/03\/P1070431.jpg?w=1920&amp;ssl=1 1920w\" sizes=\"(max-width: 303px) 100vw, 303px\" \/><\/a><\/h3>\n<h3><em>Les enfants plus \u00e2g\u00e9s veillent sur les plus jeunes. Phnom Penh, f\u00e9vrier 2017<\/em><\/h3>\n<h3>Un film documentaire sur cette \u0153uvre\u00a0 (\u00ab\u00a0Les p\u00e9pites\u00a0\u00bb) est sorti au cin\u00e9ma en octobre 2016.<\/h3>\n<h3>Voici une vid\u00e9o de pr\u00e9sentation de cette action hors du commun :<\/h3>\n<h3><iframe src=\"https:\/\/www.youtube.com\/embed\/NLFPdI4h1oc\" width=\"560\" height=\"315\" frameborder=\"0\" allowfullscreen=\"allowfullscreen\"><\/iframe><\/h3>\n","protected":false},"excerpt":{"rendered":"<p>Lors de notre s\u00e9jour au Cambodge en f\u00e9vrier dernier, nous sommes all\u00e9s rendre visite \u00e0 l&rsquo;association \u00ab\u00a0Pour un sourire d&rsquo;enfant\u00a0\u00bb \u00e0 Phnom Penh. Une des classes o\u00f9 \u00e9tudient les enfants dans le Centre PSE \u00e0 Phnom Penh Il y a &hellip; <a href=\"https:\/\/vsf64.fr\/index.php\/2017\/03\/10\/au-cambodge-combattre-la-misere-et-redonner-le-sourire-aux-enfants\/\">Continuer la lecture <span class=\"meta-nav\">&rarr;<\/span><\/a><\/p>\n","protected":false},"author":1,"featured_media":0,"comment_status":"open","ping_status":"open","sticky":false,"template":"","format":"standard","meta":{"jetpack_post_was_ever_published":false,"_jetpack_newsletter_access":"","_jetpack_dont_email_post_to_subs":false,"_jetpack_newsletter_tier_id":0,"_jetpack_memberships_contains_paywalled_content":false,"_jetpack_memberships_contains_paid_content":false,"footnotes":"","jetpack_publicize_message":"","jetpack_publicize_feature_enabled":true,"jetpack_social_post_already_shared":false,"jetpack_social_options":{"image_generator_settings":{"template":"highway","default_image_id":0,"font":"","enabled":false},"version":2}},"categories":[13],"tags":[19,21,16,20,18,17],"class_list":["post-410","post","type-post","status-publish","format-standard","hentry","category-a-connaitre","tag-cambodge","tag-education","tag-enfants","tag-humanitaire","tag-phnom-penh","tag-pse"],"jetpack_publicize_connections":[],"jetpack_featured_media_url":"","jetpack_sharing_enabled":true,"jetpack_shortlink":"https:\/\/wp.me\/p8Gxst-6C","jetpack-related-posts":[{"id":524,"url":"https:\/\/vsf64.fr\/index.php\/2018\/04\/25\/les-membres-de-villages-sans-frontieres-se-sont-reunis\/","url_meta":{"origin":410,"position":0},"title":"Les membres de Villages sans fronti\u00e8res se sont r\u00e9unis","author":"maria64","date":"25 avril 2018","format":false,"excerpt":"\u00a0 L\u2019assembl\u00e9e g\u00e9n\u00e9rale de Villages\u00a0Sans Fronti\u00e8res a eu lieu samedi 21 avril au si\u00e8ge de l\u2019association. Une vingtaine de membres de Salies et des alentours est venue \u00e9couter la pr\u00e9sentation de Maria, pr\u00e9sidente, de Pascal, tr\u00e9sorier et d\u2019Irina, secr\u00e9taire. Irina a d\u2019abord pr\u00e9sent\u00e9 les actions 2017 de l\u2019association, qui ont\u2026","rel":"","context":"Dans &quot;Officiel&quot;","block_context":{"text":"Officiel","link":"https:\/\/vsf64.fr\/index.php\/category\/officiel\/"},"img":{"alt_text":"AG","src":"https:\/\/i0.wp.com\/vsf64.fr\/wp-content\/uploads\/2018\/04\/P1110176-Copier.jpg?fit=1200%2C900&ssl=1&resize=350%2C200","width":350,"height":200,"srcset":"https:\/\/i0.wp.com\/vsf64.fr\/wp-content\/uploads\/2018\/04\/P1110176-Copier.jpg?fit=1200%2C900&ssl=1&resize=350%2C200 1x, https:\/\/i0.wp.com\/vsf64.fr\/wp-content\/uploads\/2018\/04\/P1110176-Copier.jpg?fit=1200%2C900&ssl=1&resize=525%2C300 1.5x, https:\/\/i0.wp.com\/vsf64.fr\/wp-content\/uploads\/2018\/04\/P1110176-Copier.jpg?fit=1200%2C900&ssl=1&resize=700%2C400 2x, https:\/\/i0.wp.com\/vsf64.fr\/wp-content\/uploads\/2018\/04\/P1110176-Copier.jpg?fit=1200%2C900&ssl=1&resize=1050%2C600 3x"},"classes":[]},{"id":678,"url":"https:\/\/vsf64.fr\/index.php\/2019\/09\/15\/une-belle-fete-du-sel-les-14-et-15-septembre-2019\/","url_meta":{"origin":410,"position":1},"title":"Une belle F\u00eate du Sel les 14 et 15 septembre 2019","author":"maria64","date":"15 septembre 2019","format":false,"excerpt":"Une r\u00e9ussite De nombreux membres de Villages Sans Fronti\u00e8res se sont mobilis\u00e9s pour organiser cet \u00e9v\u00e8nement festif. D\u00e8s le samedi matin de bonne heure, certains \u00e9taient pr\u00eats \u00e0 monter la tonnelle, installer les tables, \u00e9taler les nappes, pr\u00e9senter les diff\u00e9rentes productions cr\u00e9\u00e9es par les membres de l'association. Puis d'autres sont\u2026","rel":"","context":"Dans &quot;Actions&quot;","block_context":{"text":"Actions","link":"https:\/\/vsf64.fr\/index.php\/category\/actions\/"},"img":{"alt_text":"","src":"https:\/\/i0.wp.com\/vsf64.fr\/wp-content\/uploads\/2019\/09\/IMG_20190914_102317-640x480.jpg?fit=640%2C361&ssl=1&resize=350%2C200","width":350,"height":200,"srcset":"https:\/\/i0.wp.com\/vsf64.fr\/wp-content\/uploads\/2019\/09\/IMG_20190914_102317-640x480.jpg?fit=640%2C361&ssl=1&resize=350%2C200 1x, https:\/\/i0.wp.com\/vsf64.fr\/wp-content\/uploads\/2019\/09\/IMG_20190914_102317-640x480.jpg?fit=640%2C361&ssl=1&resize=525%2C300 1.5x"},"classes":[]},{"id":1787,"url":"https:\/\/vsf64.fr\/index.php\/2025\/09\/16\/nous-etions-a-la-fete-du-sel\/","url_meta":{"origin":410,"position":2},"title":"Nous \u00e9tions \u00e0 la F\u00eate du Sel !","author":"maria64","date":"16 septembre 2025","format":false,"excerpt":"Une belle ambiance ! (Diaporama de notre stand sous le texte) Ce samedi 13 et dimanche 14 septembre 2025, les membres de Villages Sans Fronti\u00e8res se sont retrouv\u00e9s \u00e0 Salies-de-B\u00e9arn, charmante cit\u00e9 thermale, \u00e0 l\u2019occasion de la traditionnelle F\u00eate du Sel. Dans les ruelles pittoresques du centre-ville, une ambiance chaleureuse\u2026","rel":"","context":"Dans &quot;Actions&quot;","block_context":{"text":"Actions","link":"https:\/\/vsf64.fr\/index.php\/category\/actions\/"},"img":{"alt_text":"","src":"","width":0,"height":0},"classes":[]},{"id":1289,"url":"https:\/\/vsf64.fr\/index.php\/2022\/04\/09\/bilan-sur-lannee-2021\/","url_meta":{"origin":410,"position":3},"title":"Bilan sur l&rsquo;ann\u00e9e 2021","author":"maria64","date":"9 avril 2022","format":false,"excerpt":"Suite \u00e0 notre Assembl\u00e9e G\u00e9n\u00e9rale, voici un r\u00e9sum\u00e9 de ce qui s'est d\u00e9roul\u00e9 en 2021, dans le cadre de notre association :\u00a0 Etant donn\u00e9 les conditions sanitaires particuli\u00e8res li\u00e9es au Covid 19, nos actions ont \u00e9t\u00e9 frein\u00e9es aussi bien en Inde qu\u2019en France. Non r\u00e9alis\u00e9es ou seulement partiellement, en raison\u2026","rel":"","context":"Dans &quot;Non class\u00e9&quot;","block_context":{"text":"Non class\u00e9","link":"https:\/\/vsf64.fr\/index.php\/category\/non-classe\/"},"img":{"alt_text":"","src":"https:\/\/i0.wp.com\/vsf64.fr\/wp-content\/uploads\/2015\/11\/Logo-VSF3-1024x1024.jpg?resize=350%2C200","width":350,"height":200,"srcset":"https:\/\/i0.wp.com\/vsf64.fr\/wp-content\/uploads\/2015\/11\/Logo-VSF3-1024x1024.jpg?resize=350%2C200 1x, https:\/\/i0.wp.com\/vsf64.fr\/wp-content\/uploads\/2015\/11\/Logo-VSF3-1024x1024.jpg?resize=525%2C300 1.5x"},"classes":[]},{"id":626,"url":"https:\/\/vsf64.fr\/index.php\/2019\/02\/17\/vsf-apporte-des-lunettes-en-thailande\/","url_meta":{"origin":410,"position":4},"title":"VSF apporte des lunettes en Tha\u00eflande","author":"maria64","date":"17 f\u00e9vrier 2019","format":false,"excerpt":"Rencontre avec des ethnies minoritaires En f\u00e9vrier 2019 nous avons pu r\u00e9aliser LA visite qui nous tenait \u00e0 c\u0153ur : la rencontre avec des personnes d'ethnies minoritaires. Ces villageois sont des r\u00e9fugi\u00e9s de Birmanie (toute proche) ou m\u00eame du Tibet. Les \"Karen\" viennent donc de Birmanie (notre guide tha\u00eflandais nous\u2026","rel":"","context":"Dans &quot;Actions&quot;","block_context":{"text":"Actions","link":"https:\/\/vsf64.fr\/index.php\/category\/actions\/"},"img":{"alt_text":"Tha\u00eflande 2019","src":"https:\/\/i0.wp.com\/vsf64.fr\/wp-content\/uploads\/2019\/02\/P1130440.jpg?fit=1200%2C900&ssl=1&resize=350%2C200","width":350,"height":200,"srcset":"https:\/\/i0.wp.com\/vsf64.fr\/wp-content\/uploads\/2019\/02\/P1130440.jpg?fit=1200%2C900&ssl=1&resize=350%2C200 1x, https:\/\/i0.wp.com\/vsf64.fr\/wp-content\/uploads\/2019\/02\/P1130440.jpg?fit=1200%2C900&ssl=1&resize=525%2C300 1.5x, https:\/\/i0.wp.com\/vsf64.fr\/wp-content\/uploads\/2019\/02\/P1130440.jpg?fit=1200%2C900&ssl=1&resize=700%2C400 2x, https:\/\/i0.wp.com\/vsf64.fr\/wp-content\/uploads\/2019\/02\/P1130440.jpg?fit=1200%2C900&ssl=1&resize=1050%2C600 3x"},"classes":[]},{"id":1622,"url":"https:\/\/vsf64.fr\/index.php\/2024\/05\/09\/adieu-lami\/","url_meta":{"origin":410,"position":5},"title":"Adieu l&rsquo;ami !","author":"maria64","date":"9 mai 2024","format":false,"excerpt":"\u00c9ric nous a quitt\u00e9... Dans le c\u0153ur de notre petite association, une \u00e9toile s\u2019est \u00e9teinte, laissant derri\u00e8re elle un grand vide. Eric, notre ami, nous a quitt\u00e9s, laissant derri\u00e8re lui des souvenirs de cr\u00e9ativit\u00e9, de po\u00e9sie et de gentillesse qui continuera \u00e0 nous inspirer. Eric \u00e9tait bien plus qu\u2019un simple\u2026","rel":"","context":"Dans &quot;Non class\u00e9&quot;","block_context":{"text":"Non class\u00e9","link":"https:\/\/vsf64.fr\/index.php\/category\/non-classe\/"},"img":{"alt_text":"","src":"https:\/\/i0.wp.com\/vsf64.fr\/wp-content\/uploads\/2024\/05\/P1140118-1024x768.jpg?resize=350%2C200&ssl=1","width":350,"height":200,"srcset":"https:\/\/i0.wp.com\/vsf64.fr\/wp-content\/uploads\/2024\/05\/P1140118-1024x768.jpg?resize=350%2C200&ssl=1 1x, https:\/\/i0.wp.com\/vsf64.fr\/wp-content\/uploads\/2024\/05\/P1140118-1024x768.jpg?resize=525%2C300&ssl=1 1.5x"},"classes":[]}],"_links":{"self":[{"href":"https:\/\/vsf64.fr\/index.php\/wp-json\/wp\/v2\/posts\/410","targetHints":{"allow":["GET"]}}],"collection":[{"href":"https:\/\/vsf64.fr\/index.php\/wp-json\/wp\/v2\/posts"}],"about":[{"href":"https:\/\/vsf64.fr\/index.php\/wp-json\/wp\/v2\/types\/post"}],"author":[{"embeddable":true,"href":"https:\/\/vsf64.fr\/index.php\/wp-json\/wp\/v2\/users\/1"}],"replies":[{"embeddable":true,"href":"https:\/\/vsf64.fr\/index.php\/wp-json\/wp\/v2\/comments?post=410"}],"version-history":[{"count":8,"href":"https:\/\/vsf64.fr\/index.php\/wp-json\/wp\/v2\/posts\/410\/revisions"}],"predecessor-version":[{"id":423,"href":"https:\/\/vsf64.fr\/index.php\/wp-json\/wp\/v2\/posts\/410\/revisions\/423"}],"wp:attachment":[{"href":"https:\/\/vsf64.fr\/index.php\/wp-json\/wp\/v2\/media?parent=410"}],"wp:term":[{"taxonomy":"category","embeddable":true,"href":"https:\/\/vsf64.fr\/index.php\/wp-json\/wp\/v2\/categories?post=410"},{"taxonomy":"post_tag","embeddable":true,"href":"https:\/\/vsf64.fr\/index.php\/wp-json\/wp\/v2\/tags?post=410"}],"curies":[{"name":"wp","href":"https:\/\/api.w.org\/{rel}","templated":true}]}}