{"id":348,"date":"2016-09-23T21:28:28","date_gmt":"2016-09-23T20:28:28","guid":{"rendered":"http:\/\/vsf64.fr\/?p=348"},"modified":"2016-09-23T21:32:30","modified_gmt":"2016-09-23T20:32:30","slug":"la-page-facebook-de-villages-sans-frontieres","status":"publish","type":"post","link":"https:\/\/vsf64.fr\/index.php\/2016\/09\/23\/la-page-facebook-de-villages-sans-frontieres\/","title":{"rendered":"La page Facebook de Villages Sans Fronti\u00e8res"},"content":{"rendered":"<h3>Notre association a maintenant une page Facebook, en plus d&rsquo;un site (<a href=\"http:\/\/vsf64.fr\/\" target=\"_blank\">vsf64.fr<\/a>)<\/h3>\n<h3>Afin de nous faire conna\u00eetre et surtout pour pouvoir nous trouver sur les moteurs de recherches (Google et autres), nous avons besoin de vous !<\/h3>\n<h3>Vous pouvez nous aider:<\/h3>\n<ul>\n<li>\n<h4>En allant sur notre page Facebook : <a href=\"https:\/\/www.facebook.com\/Villages-Sans-Fronti%C3%A8res-345915385741350\/\" target=\"_blank\">Facebook Villages Sans Fronti\u00e8res\u00a0 <\/a><strong>et en cliquant sur \u00ab\u00a0J&rsquo;aime\u00a0\u00bb<\/strong>: <a href=\"https:\/\/www.facebook.com\/Villages-Sans-Fronti%C3%A8res-345915385741350\/\" target=\"_blank\"><img data-recalc-dims=\"1\" decoding=\"async\" data-attachment-id=\"349\" data-permalink=\"https:\/\/vsf64.fr\/index.php\/2016\/09\/23\/la-page-facebook-de-villages-sans-frontieres\/serveimage\/\" data-orig-file=\"https:\/\/i0.wp.com\/vsf64.fr\/wp-content\/uploads\/2016\/09\/serveimage.gif?fit=800%2C707&amp;ssl=1\" data-orig-size=\"800,707\" data-comments-opened=\"0\" data-image-meta=\"{&quot;aperture&quot;:&quot;0&quot;,&quot;credit&quot;:&quot;&quot;,&quot;camera&quot;:&quot;&quot;,&quot;caption&quot;:&quot;&quot;,&quot;created_timestamp&quot;:&quot;0&quot;,&quot;copyright&quot;:&quot;&quot;,&quot;focal_length&quot;:&quot;0&quot;,&quot;iso&quot;:&quot;0&quot;,&quot;shutter_speed&quot;:&quot;0&quot;,&quot;title&quot;:&quot;&quot;,&quot;orientation&quot;:&quot;0&quot;}\" data-image-title=\"Facebook j&amp;rsquo;aime\" data-image-description=\"\" data-image-caption=\"\" data-large-file=\"https:\/\/i0.wp.com\/vsf64.fr\/wp-content\/uploads\/2016\/09\/serveimage.gif?fit=640%2C566&amp;ssl=1\" class=\"alignnone wp-image-349\" src=\"https:\/\/i0.wp.com\/vsf64.fr\/wp-content\/uploads\/2016\/09\/serveimage.gif?resize=83%2C74\" alt=\"Facebook j'aime\" width=\"83\" height=\"74\" \/><\/a><\/h4>\n<\/li>\n<li>En partageant de temps \u00e0 autre une publication sur votre page<\/li>\n<li>En commentant certains articles.<\/li>\n<\/ul>\n<p>MERCI D&rsquo;AVANCE !<\/p>\n","protected":false},"excerpt":{"rendered":"<p>Notre association a maintenant une page Facebook, en plus d&rsquo;un site (vsf64.fr) Afin de nous faire conna\u00eetre et surtout pour pouvoir nous trouver sur les moteurs de recherches (Google et autres), nous avons besoin de vous ! Vous pouvez nous &hellip; <a href=\"https:\/\/vsf64.fr\/index.php\/2016\/09\/23\/la-page-facebook-de-villages-sans-frontieres\/\">Continuer la lecture <span class=\"meta-nav\">&rarr;<\/span><\/a><\/p>\n","protected":false},"author":1,"featured_media":0,"comment_status":"open","ping_status":"open","sticky":false,"template":"","format":"standard","meta":{"jetpack_post_was_ever_published":false,"_jetpack_newsletter_access":"","_jetpack_dont_email_post_to_subs":false,"_jetpack_newsletter_tier_id":0,"_jetpack_memberships_contains_paywalled_content":false,"_jetpack_memberships_contains_paid_content":false,"footnotes":"","jetpack_publicize_message":"","jetpack_publicize_feature_enabled":true,"jetpack_social_post_already_shared":false,"jetpack_social_options":{"image_generator_settings":{"template":"highway","default_image_id":0,"font":"","enabled":false},"version":2}},"categories":[1],"tags":[],"class_list":["post-348","post","type-post","status-publish","format-standard","hentry","category-non-classe"],"jetpack_publicize_connections":[],"jetpack_featured_media_url":"","jetpack_sharing_enabled":true,"jetpack_shortlink":"https:\/\/wp.me\/p8Gxst-5C","jetpack-related-posts":[{"id":1401,"url":"https:\/\/vsf64.fr\/index.php\/2023\/01\/08\/une-annee-pleine-de-projets\/","url_meta":{"origin":348,"position":0},"title":"Une ann\u00e9e pleine de projets !","author":"maria64","date":"8 janvier 2023","format":false,"excerpt":"Tous nos v\u0153ux pour une belle ann\u00e9e 2023 ! L'ann\u00e9e 2022 s'est termin\u00e9e pour Villages Sans Fronti\u00e8res avec des actions qui ont mobilis\u00e9 ses membres pour un stage de yoga au Centre Socioculturel d'Orthez suivi d'un petit march\u00e9 de No\u00ebl, puis d\u00e9but d\u00e9cembre un march\u00e9 de No\u00ebl \u00e0 Salies-de-B\u00e9arn. En\u2026","rel":"","context":"Dans &quot;Non class\u00e9&quot;","block_context":{"text":"Non class\u00e9","link":"https:\/\/vsf64.fr\/index.php\/category\/non-classe\/"},"img":{"alt_text":"","src":"https:\/\/i0.wp.com\/vsf64.fr\/wp-content\/uploads\/2023\/01\/1673200111411-Copier.png?resize=350%2C200","width":350,"height":200,"srcset":"https:\/\/i0.wp.com\/vsf64.fr\/wp-content\/uploads\/2023\/01\/1673200111411-Copier.png?resize=350%2C200 1x, https:\/\/i0.wp.com\/vsf64.fr\/wp-content\/uploads\/2023\/01\/1673200111411-Copier.png?resize=525%2C300 1.5x"},"classes":[]},{"id":1741,"url":"https:\/\/vsf64.fr\/index.php\/2025\/01\/02\/au-revoir-2024-bienvenue-2025\/","url_meta":{"origin":348,"position":1},"title":"Au revoir 2024 &#8211; Bienvenue 2025 !","author":"maria64","date":"2 janvier 2025","format":false,"excerpt":"Une nouvelle ann\u00e9e qui se pr\u00e9sente bien Toute l'\u00e9quipe de Villages Sans Fronti\u00e8res vous souhaite une tr\u00e8s bonne ann\u00e9e 2025, et nous esp\u00e9rons qu'elle sera plus solidaire, plus juste et plus pacifique pour tous. Nous avons bien termin\u00e9 l'ann\u00e9e 2024 avec le traditionnel March\u00e9 de No\u00ebl \u00e0 Salies, organis\u00e9 par\u2026","rel":"","context":"Dans &quot;Non class\u00e9&quot;","block_context":{"text":"Non class\u00e9","link":"https:\/\/vsf64.fr\/index.php\/category\/non-classe\/"},"img":{"alt_text":"","src":"https:\/\/i0.wp.com\/vsf64.fr\/wp-content\/uploads\/2025\/01\/article-Sud-Ouest-marche-Noel-713x1024.jpg?resize=350%2C200&ssl=1","width":350,"height":200,"srcset":"https:\/\/i0.wp.com\/vsf64.fr\/wp-content\/uploads\/2025\/01\/article-Sud-Ouest-marche-Noel-713x1024.jpg?resize=350%2C200&ssl=1 1x, https:\/\/i0.wp.com\/vsf64.fr\/wp-content\/uploads\/2025\/01\/article-Sud-Ouest-marche-Noel-713x1024.jpg?resize=525%2C300&ssl=1 1.5x"},"classes":[]},{"id":495,"url":"https:\/\/vsf64.fr\/index.php\/2018\/01\/16\/prochaine-mission\/","url_meta":{"origin":348,"position":2},"title":"Prochaine mission","author":"maria64","date":"16 janvier 2018","format":false,"excerpt":"2018 Il est encore temps de vous souhaiter une ann\u00e9e 2018 belle et lumineuse, riche en amiti\u00e9 et partage, pleine de joie et de paix. Nous commen\u00e7ons par cette information diffus\u00e9e par la BBC\u00a0: trois millions de filles indiennes \u00e2g\u00e9es de 10 \u00e0 14 ans ne seraient pas scolaris\u00e9es. Pour\u2026","rel":"","context":"Dans &quot;bulletin semestriel&quot;","block_context":{"text":"bulletin semestriel","link":"https:\/\/vsf64.fr\/index.php\/category\/bulletin-semestriel\/"},"img":{"alt_text":"Classe de sciences \u00e0 l'\u00e9cole Nai Talim","src":"https:\/\/i0.wp.com\/vsf64.fr\/wp-content\/uploads\/2018\/01\/20170411_102608-1600x1200-1024x576.jpg?resize=350%2C200","width":350,"height":200,"srcset":"https:\/\/i0.wp.com\/vsf64.fr\/wp-content\/uploads\/2018\/01\/20170411_102608-1600x1200-1024x576.jpg?resize=350%2C200 1x, https:\/\/i0.wp.com\/vsf64.fr\/wp-content\/uploads\/2018\/01\/20170411_102608-1600x1200-1024x576.jpg?resize=525%2C300 1.5x"},"classes":[]},{"id":1036,"url":"https:\/\/vsf64.fr\/index.php\/2021\/01\/04\/les-dernieres-nouvelles\/","url_meta":{"origin":348,"position":3},"title":"Les derni\u00e8res nouvelles","author":"maria64","date":"4 janvier 2021","format":false,"excerpt":"Chers amis, chers membres de Villages Sans Fronti\u00e8res, C\u2019est une p\u00e9riode compliqu\u00e9e que nous avons v\u00e9cu en 2020. Cette situation sanitaire nous oblige \u00e0 faire preuve de beaucoup d\u2019adaptabilit\u00e9 et accro\u00eet la compassion que nous portons aux plus fragiles. Nous avions pens\u00e9 pouvoir organiser cette ann\u00e9e encore plusieurs ateliers cr\u00e9atifs\u2026","rel":"","context":"Dans &quot;Non class\u00e9&quot;","block_context":{"text":"Non class\u00e9","link":"https:\/\/vsf64.fr\/index.php\/category\/non-classe\/"},"img":{"alt_text":"","src":"https:\/\/i0.wp.com\/vsf64.fr\/wp-content\/uploads\/2021\/01\/Mandala.jpg?fit=380%2C380&ssl=1&resize=350%2C200","width":350,"height":200},"classes":[]},{"id":1787,"url":"https:\/\/vsf64.fr\/index.php\/2025\/09\/16\/nous-etions-a-la-fete-du-sel\/","url_meta":{"origin":348,"position":4},"title":"Nous \u00e9tions \u00e0 la F\u00eate du Sel !","author":"maria64","date":"16 septembre 2025","format":false,"excerpt":"Une belle ambiance ! (Diaporama de notre stand sous le texte) Ce samedi 13 et dimanche 14 septembre 2025, les membres de Villages Sans Fronti\u00e8res se sont retrouv\u00e9s \u00e0 Salies-de-B\u00e9arn, charmante cit\u00e9 thermale, \u00e0 l\u2019occasion de la traditionnelle F\u00eate du Sel. Dans les ruelles pittoresques du centre-ville, une ambiance chaleureuse\u2026","rel":"","context":"Dans &quot;Actions&quot;","block_context":{"text":"Actions","link":"https:\/\/vsf64.fr\/index.php\/category\/actions\/"},"img":{"alt_text":"","src":"","width":0,"height":0},"classes":[]},{"id":576,"url":"https:\/\/vsf64.fr\/index.php\/2018\/09\/15\/manifestation-reussie\/","url_meta":{"origin":348,"position":5},"title":"Manifestation r\u00e9ussie !","author":"maria64","date":"15 septembre 2018","format":false,"excerpt":"Le week-end du 8 et 9 septembre 2018 une partie des membres de \"Villages Sans Fronti\u00e8res\" s'\u00e9tait mobilis\u00e9e pour tenir le stand durant la F\u00eate du Sel de Salies-de-B\u00e9arn. Nous proposions \u00e0 la vente des Soli'Sacs, des bijoux cr\u00e9\u00e9s ou recycl\u00e9s, des biscuits et g\u00e2teaux, des stylos rigolos (fabriqu\u00e9s en\u2026","rel":"","context":"Dans &quot;Actions&quot;","block_context":{"text":"Actions","link":"https:\/\/vsf64.fr\/index.php\/category\/actions\/"},"img":{"alt_text":"Stand VSF F\u00eate du Sel 2018","src":"https:\/\/i0.wp.com\/vsf64.fr\/wp-content\/uploads\/2018\/09\/FETE-DU-SEL-2018.jpg?fit=1200%2C899&ssl=1&resize=350%2C200","width":350,"height":200,"srcset":"https:\/\/i0.wp.com\/vsf64.fr\/wp-content\/uploads\/2018\/09\/FETE-DU-SEL-2018.jpg?fit=1200%2C899&ssl=1&resize=350%2C200 1x, https:\/\/i0.wp.com\/vsf64.fr\/wp-content\/uploads\/2018\/09\/FETE-DU-SEL-2018.jpg?fit=1200%2C899&ssl=1&resize=525%2C300 1.5x, https:\/\/i0.wp.com\/vsf64.fr\/wp-content\/uploads\/2018\/09\/FETE-DU-SEL-2018.jpg?fit=1200%2C899&ssl=1&resize=700%2C400 2x, https:\/\/i0.wp.com\/vsf64.fr\/wp-content\/uploads\/2018\/09\/FETE-DU-SEL-2018.jpg?fit=1200%2C899&ssl=1&resize=1050%2C600 3x"},"classes":[]}],"_links":{"self":[{"href":"https:\/\/vsf64.fr\/index.php\/wp-json\/wp\/v2\/posts\/348","targetHints":{"allow":["GET"]}}],"collection":[{"href":"https:\/\/vsf64.fr\/index.php\/wp-json\/wp\/v2\/posts"}],"about":[{"href":"https:\/\/vsf64.fr\/index.php\/wp-json\/wp\/v2\/types\/post"}],"author":[{"embeddable":true,"href":"https:\/\/vsf64.fr\/index.php\/wp-json\/wp\/v2\/users\/1"}],"replies":[{"embeddable":true,"href":"https:\/\/vsf64.fr\/index.php\/wp-json\/wp\/v2\/comments?post=348"}],"version-history":[{"count":3,"href":"https:\/\/vsf64.fr\/index.php\/wp-json\/wp\/v2\/posts\/348\/revisions"}],"predecessor-version":[{"id":352,"href":"https:\/\/vsf64.fr\/index.php\/wp-json\/wp\/v2\/posts\/348\/revisions\/352"}],"wp:attachment":[{"href":"https:\/\/vsf64.fr\/index.php\/wp-json\/wp\/v2\/media?parent=348"}],"wp:term":[{"taxonomy":"category","embeddable":true,"href":"https:\/\/vsf64.fr\/index.php\/wp-json\/wp\/v2\/categories?post=348"},{"taxonomy":"post_tag","embeddable":true,"href":"https:\/\/vsf64.fr\/index.php\/wp-json\/wp\/v2\/tags?post=348"}],"curies":[{"name":"wp","href":"https:\/\/api.w.org\/{rel}","templated":true}]}}