{"id":324,"date":"2016-07-04T21:29:23","date_gmt":"2016-07-04T20:29:23","guid":{"rendered":"http:\/\/vsf64.fr\/?p=324"},"modified":"2016-08-21T20:45:08","modified_gmt":"2016-08-21T19:45:08","slug":"miel-solidaire","status":"publish","type":"post","link":"https:\/\/vsf64.fr\/index.php\/2016\/07\/04\/miel-solidaire\/","title":{"rendered":"Miel solidaire"},"content":{"rendered":"<h3 style=\"text-align: center;\"><span style=\"text-decoration: underline; color: #ff6600;\"><strong>Le miel nouveau est arriv\u00e9 !<\/strong><\/span><\/h3>\n<p>Des pots de miel de printemps * sont vendus au profit des actions de Villages Sans Fronti\u00e8res. Les sommes r\u00e9colt\u00e9es serviront \u00e0 financer des projets apicoles en Inde.<\/p>\n<p><a href=\"https:\/\/i0.wp.com\/vsf64.fr\/wp-content\/uploads\/2016\/07\/miel.jpg\" data-rel=\"lightbox-image-0\" data-rl_title=\"\" data-rl_caption=\"\" title=\"\"><img data-recalc-dims=\"1\" fetchpriority=\"high\" decoding=\"async\" data-attachment-id=\"325\" data-permalink=\"https:\/\/vsf64.fr\/index.php\/2016\/07\/04\/miel-solidaire\/miel\/\" data-orig-file=\"https:\/\/i0.wp.com\/vsf64.fr\/wp-content\/uploads\/2016\/07\/miel.jpg?fit=700%2C700&amp;ssl=1\" data-orig-size=\"700,700\" data-comments-opened=\"0\" data-image-meta=\"{&quot;aperture&quot;:&quot;0&quot;,&quot;credit&quot;:&quot;&quot;,&quot;camera&quot;:&quot;&quot;,&quot;caption&quot;:&quot;&quot;,&quot;created_timestamp&quot;:&quot;0&quot;,&quot;copyright&quot;:&quot;&quot;,&quot;focal_length&quot;:&quot;0&quot;,&quot;iso&quot;:&quot;0&quot;,&quot;shutter_speed&quot;:&quot;0&quot;,&quot;title&quot;:&quot;&quot;,&quot;orientation&quot;:&quot;0&quot;}\" data-image-title=\"miel\" data-image-description=\"\" data-image-caption=\"\" data-large-file=\"https:\/\/i0.wp.com\/vsf64.fr\/wp-content\/uploads\/2016\/07\/miel.jpg?fit=640%2C640&amp;ssl=1\" class=\"alignnone size-medium wp-image-325\" src=\"https:\/\/i0.wp.com\/vsf64.fr\/wp-content\/uploads\/2016\/07\/miel-300x300.jpg?resize=300%2C300\" alt=\"miel 2016\" width=\"300\" height=\"300\" srcset=\"https:\/\/i0.wp.com\/vsf64.fr\/wp-content\/uploads\/2016\/07\/miel.jpg?resize=300%2C300&amp;ssl=1 300w, https:\/\/i0.wp.com\/vsf64.fr\/wp-content\/uploads\/2016\/07\/miel.jpg?resize=150%2C150&amp;ssl=1 150w, https:\/\/i0.wp.com\/vsf64.fr\/wp-content\/uploads\/2016\/07\/miel.jpg?resize=600%2C600&amp;ssl=1 600w, https:\/\/i0.wp.com\/vsf64.fr\/wp-content\/uploads\/2016\/07\/miel.jpg?w=700&amp;ssl=1 700w\" sizes=\"(max-width: 300px) 100vw, 300px\" \/><\/a><\/p>\n<p>Passez vos commandes en nous contactant par e-mail ou t\u00e9l\u00e9phone (coordonn\u00e9es dans la rubrique \u00ab\u00a0contact\u00a0\u00bb)<\/p>\n<p>* acacia 2016\u00a0 de Salies-de-B\u00e9arn<\/p>\n","protected":false},"excerpt":{"rendered":"<p>Le miel nouveau est arriv\u00e9 ! Des pots de miel de printemps * sont vendus au profit des actions de Villages Sans Fronti\u00e8res. Les sommes r\u00e9colt\u00e9es serviront \u00e0 financer des projets apicoles en Inde. Passez vos commandes en nous contactant &hellip; <a href=\"https:\/\/vsf64.fr\/index.php\/2016\/07\/04\/miel-solidaire\/\">Continuer la lecture <span class=\"meta-nav\">&rarr;<\/span><\/a><\/p>\n","protected":false},"author":1,"featured_media":325,"comment_status":"open","ping_status":"open","sticky":false,"template":"","format":"standard","meta":{"jetpack_post_was_ever_published":false,"_jetpack_newsletter_access":"","_jetpack_dont_email_post_to_subs":false,"_jetpack_newsletter_tier_id":0,"_jetpack_memberships_contains_paywalled_content":false,"_jetpack_memberships_contains_paid_content":false,"footnotes":"","jetpack_publicize_message":"","jetpack_publicize_feature_enabled":true,"jetpack_social_post_already_shared":false,"jetpack_social_options":{"image_generator_settings":{"template":"highway","default_image_id":0,"font":"","enabled":false},"version":2}},"categories":[6],"tags":[10,9,7,11,8],"class_list":["post-324","post","type-post","status-publish","format-standard","has-post-thumbnail","hentry","category-actions","tag-acacia","tag-inde","tag-miel","tag-printemps","tag-solidarite"],"jetpack_publicize_connections":[],"jetpack_featured_media_url":"https:\/\/i0.wp.com\/vsf64.fr\/wp-content\/uploads\/2016\/07\/miel.jpg?fit=700%2C700&ssl=1","jetpack_sharing_enabled":true,"jetpack_shortlink":"https:\/\/wp.me\/p8Gxst-5e","jetpack-related-posts":[{"id":743,"url":"https:\/\/vsf64.fr\/index.php\/2020\/11\/03\/notre-catalogue-2020\/","url_meta":{"origin":324,"position":0},"title":"Notre catalogue 2020","author":"maria64","date":"3 novembre 2020","format":false,"excerpt":"Cadeaux solidairesDepuis plusieurs ann\u00e9es les membres et amis de Villages Sans Fronti\u00e8res se sont r\u00e9unis lors d'ateliers cr\u00e9atifs (ou ont r\u00e9alis\u00e9s des cr\u00e9ations chez eux) pour confectionner des articles \u00e0 vendre.Ces articles sont vendus au b\u00e9n\u00e9fice des actions soutenues par notre association (parrainage, soutien \u00e0 des coop\u00e9ratives f\u00e9minines, protection des\u2026","rel":"","context":"Dans &quot;Actions&quot;","block_context":{"text":"Actions","link":"https:\/\/vsf64.fr\/index.php\/category\/actions\/"},"img":{"alt_text":"","src":"https:\/\/i0.wp.com\/vsf64.fr\/wp-content\/uploads\/2020\/11\/Catalogue3-P1-Copier.jpg?fit=543%2C768&ssl=1&resize=350%2C200","width":350,"height":200,"srcset":"https:\/\/i0.wp.com\/vsf64.fr\/wp-content\/uploads\/2020\/11\/Catalogue3-P1-Copier.jpg?fit=543%2C768&ssl=1&resize=350%2C200 1x, https:\/\/i0.wp.com\/vsf64.fr\/wp-content\/uploads\/2020\/11\/Catalogue3-P1-Copier.jpg?fit=543%2C768&ssl=1&resize=525%2C300 1.5x"},"classes":[]},{"id":735,"url":"https:\/\/vsf64.fr\/index.php\/2020\/03\/18\/solidarite-ici-et-ailleurs\/","url_meta":{"origin":324,"position":1},"title":"Solidarit\u00e9 ici et ailleurs","author":"maria64","date":"18 mars 2020","format":false,"excerpt":"En ces temps troubl\u00e9s, il est plus que jamais d'actualit\u00e9 de faire preuve de solidarit\u00e9 les uns envers les autres. Durant l'ann\u00e9e nous nous mobilisons en France pour apporter notre soutien en Inde pour la scolarisation d'enfants d\u00e9munis, pour des coop\u00e9ratives f\u00e9minines et pour la protection animale. Notre r\u00e9cente mission\u2026","rel":"","context":"Dans &quot;R\u00e9flexions&quot;","block_context":{"text":"R\u00e9flexions","link":"https:\/\/vsf64.fr\/index.php\/category\/reflexions\/"},"img":{"alt_text":"","src":"https:\/\/i0.wp.com\/vsf64.fr\/wp-content\/uploads\/2020\/03\/IMG_20200217_161208-Copier.jpg?fit=676%2C1200&ssl=1&resize=350%2C200","width":350,"height":200,"srcset":"https:\/\/i0.wp.com\/vsf64.fr\/wp-content\/uploads\/2020\/03\/IMG_20200217_161208-Copier.jpg?fit=676%2C1200&ssl=1&resize=350%2C200 1x, https:\/\/i0.wp.com\/vsf64.fr\/wp-content\/uploads\/2020\/03\/IMG_20200217_161208-Copier.jpg?fit=676%2C1200&ssl=1&resize=525%2C300 1.5x"},"classes":[]},{"id":471,"url":"https:\/\/vsf64.fr\/index.php\/2017\/09\/10\/un-samedi-creatif\/","url_meta":{"origin":324,"position":2},"title":"Un samedi cr\u00e9atif","author":"maria64","date":"10 septembre 2017","format":false,"excerpt":"Ce samedi un nouvel atelier a eu lieu pour pr\u00e9parer les ventes de fin d'ann\u00e9e. Cuisson de confiture, \u00e9tiquetage des pots de miel (printemps, acacia et fleurs sauvages) et des diff\u00e9rentes confitures (prunes, figues, p\u00eaches), cr\u00e9ation d'objets de d\u00e9coration pour No\u00ebl. Les Mains Cr\u00e9atives ont assur\u00e9 ! Bient\u00f4t nous vous\u2026","rel":"","context":"Dans &quot;Ateliers&quot;","block_context":{"text":"Ateliers","link":"https:\/\/vsf64.fr\/index.php\/category\/ateliers\/"},"img":{"alt_text":"","src":"https:\/\/i0.wp.com\/vsf64.fr\/wp-content\/uploads\/2017\/09\/P1080399-1600x1200.jpg?fit=1200%2C803&ssl=1&resize=350%2C200","width":350,"height":200,"srcset":"https:\/\/i0.wp.com\/vsf64.fr\/wp-content\/uploads\/2017\/09\/P1080399-1600x1200.jpg?fit=1200%2C803&ssl=1&resize=350%2C200 1x, https:\/\/i0.wp.com\/vsf64.fr\/wp-content\/uploads\/2017\/09\/P1080399-1600x1200.jpg?fit=1200%2C803&ssl=1&resize=525%2C300 1.5x, https:\/\/i0.wp.com\/vsf64.fr\/wp-content\/uploads\/2017\/09\/P1080399-1600x1200.jpg?fit=1200%2C803&ssl=1&resize=700%2C400 2x, https:\/\/i0.wp.com\/vsf64.fr\/wp-content\/uploads\/2017\/09\/P1080399-1600x1200.jpg?fit=1200%2C803&ssl=1&resize=1050%2C600 3x"},"classes":[]},{"id":1780,"url":"https:\/\/vsf64.fr\/index.php\/2025\/08\/28\/les-actualites-aout-septembre-2025\/","url_meta":{"origin":324,"position":3},"title":"Les actualit\u00e9s ao\u00fbt &#8211; septembre 2025","author":"maria64","date":"28 ao\u00fbt 2025","format":false,"excerpt":"Tenue de deux stands Nous participons dans quelques jours au Forum des Associations de Salies avec un stand d'information, puis en septembre \u00e0 la F\u00eate du Sel les 13 et 14 septembre, durant laquelle nous esp\u00e9rons vendre beaucoup de confitures, miel, \"galominos\", \"Tic-tac-tou\", ainsi que des lingettes lavables, etc. Tout\u2026","rel":"","context":"Dans &quot;Actions&quot;","block_context":{"text":"Actions","link":"https:\/\/vsf64.fr\/index.php\/category\/actions\/"},"img":{"alt_text":"","src":"https:\/\/i0.wp.com\/vsf64.fr\/wp-content\/uploads\/2025\/08\/FDS.jpg?resize=350%2C200&ssl=1","width":350,"height":200,"srcset":"https:\/\/i0.wp.com\/vsf64.fr\/wp-content\/uploads\/2025\/08\/FDS.jpg?resize=350%2C200&ssl=1 1x, https:\/\/i0.wp.com\/vsf64.fr\/wp-content\/uploads\/2025\/08\/FDS.jpg?resize=525%2C300&ssl=1 1.5x, https:\/\/i0.wp.com\/vsf64.fr\/wp-content\/uploads\/2025\/08\/FDS.jpg?resize=700%2C400&ssl=1 2x"},"classes":[]},{"id":576,"url":"https:\/\/vsf64.fr\/index.php\/2018\/09\/15\/manifestation-reussie\/","url_meta":{"origin":324,"position":4},"title":"Manifestation r\u00e9ussie !","author":"maria64","date":"15 septembre 2018","format":false,"excerpt":"Le week-end du 8 et 9 septembre 2018 une partie des membres de \"Villages Sans Fronti\u00e8res\" s'\u00e9tait mobilis\u00e9e pour tenir le stand durant la F\u00eate du Sel de Salies-de-B\u00e9arn. Nous proposions \u00e0 la vente des Soli'Sacs, des bijoux cr\u00e9\u00e9s ou recycl\u00e9s, des biscuits et g\u00e2teaux, des stylos rigolos (fabriqu\u00e9s en\u2026","rel":"","context":"Dans &quot;Actions&quot;","block_context":{"text":"Actions","link":"https:\/\/vsf64.fr\/index.php\/category\/actions\/"},"img":{"alt_text":"Stand VSF F\u00eate du Sel 2018","src":"https:\/\/i0.wp.com\/vsf64.fr\/wp-content\/uploads\/2018\/09\/FETE-DU-SEL-2018.jpg?fit=1200%2C899&ssl=1&resize=350%2C200","width":350,"height":200,"srcset":"https:\/\/i0.wp.com\/vsf64.fr\/wp-content\/uploads\/2018\/09\/FETE-DU-SEL-2018.jpg?fit=1200%2C899&ssl=1&resize=350%2C200 1x, https:\/\/i0.wp.com\/vsf64.fr\/wp-content\/uploads\/2018\/09\/FETE-DU-SEL-2018.jpg?fit=1200%2C899&ssl=1&resize=525%2C300 1.5x, https:\/\/i0.wp.com\/vsf64.fr\/wp-content\/uploads\/2018\/09\/FETE-DU-SEL-2018.jpg?fit=1200%2C899&ssl=1&resize=700%2C400 2x, https:\/\/i0.wp.com\/vsf64.fr\/wp-content\/uploads\/2018\/09\/FETE-DU-SEL-2018.jpg?fit=1200%2C899&ssl=1&resize=1050%2C600 3x"},"classes":[]},{"id":483,"url":"https:\/\/vsf64.fr\/index.php\/2017\/11\/05\/les-fetes-se-preparent\/","url_meta":{"origin":324,"position":5},"title":"Les f\u00eates se pr\u00e9parent","author":"maria64","date":"5 novembre 2017","format":false,"excerpt":"Des cadeaux solidaires Gr\u00e2ce aux \"Mains cr\u00e9atives\" du B\u00e9arn, de nombreux objets de d\u00e9coration et des douceurs alimentaires seront en vente le samedi 25 novembre 2017. C'est lors de l'apr\u00e8s-midi Yoga (anim\u00e9 par Eva) au Centre Socioculturel d'Orthez et au march\u00e9 de No\u00ebl de Sauveterre-de-B\u00e9arn que tous ces objets seront\u2026","rel":"","context":"Dans &quot;Actions&quot;","block_context":{"text":"Actions","link":"https:\/\/vsf64.fr\/index.php\/category\/actions\/"},"img":{"alt_text":"sapin de No\u00ebl en tissu","src":"https:\/\/i0.wp.com\/vsf64.fr\/wp-content\/uploads\/2017\/11\/P1080779.jpg?fit=576%2C768&ssl=1&resize=350%2C200","width":350,"height":200,"srcset":"https:\/\/i0.wp.com\/vsf64.fr\/wp-content\/uploads\/2017\/11\/P1080779.jpg?fit=576%2C768&ssl=1&resize=350%2C200 1x, https:\/\/i0.wp.com\/vsf64.fr\/wp-content\/uploads\/2017\/11\/P1080779.jpg?fit=576%2C768&ssl=1&resize=525%2C300 1.5x"},"classes":[]}],"_links":{"self":[{"href":"https:\/\/vsf64.fr\/index.php\/wp-json\/wp\/v2\/posts\/324","targetHints":{"allow":["GET"]}}],"collection":[{"href":"https:\/\/vsf64.fr\/index.php\/wp-json\/wp\/v2\/posts"}],"about":[{"href":"https:\/\/vsf64.fr\/index.php\/wp-json\/wp\/v2\/types\/post"}],"author":[{"embeddable":true,"href":"https:\/\/vsf64.fr\/index.php\/wp-json\/wp\/v2\/users\/1"}],"replies":[{"embeddable":true,"href":"https:\/\/vsf64.fr\/index.php\/wp-json\/wp\/v2\/comments?post=324"}],"version-history":[{"count":5,"href":"https:\/\/vsf64.fr\/index.php\/wp-json\/wp\/v2\/posts\/324\/revisions"}],"predecessor-version":[{"id":340,"href":"https:\/\/vsf64.fr\/index.php\/wp-json\/wp\/v2\/posts\/324\/revisions\/340"}],"wp:featuredmedia":[{"embeddable":true,"href":"https:\/\/vsf64.fr\/index.php\/wp-json\/wp\/v2\/media\/325"}],"wp:attachment":[{"href":"https:\/\/vsf64.fr\/index.php\/wp-json\/wp\/v2\/media?parent=324"}],"wp:term":[{"taxonomy":"category","embeddable":true,"href":"https:\/\/vsf64.fr\/index.php\/wp-json\/wp\/v2\/categories?post=324"},{"taxonomy":"post_tag","embeddable":true,"href":"https:\/\/vsf64.fr\/index.php\/wp-json\/wp\/v2\/tags?post=324"}],"curies":[{"name":"wp","href":"https:\/\/api.w.org\/{rel}","templated":true}]}}