{"id":189,"date":"2015-11-29T21:41:03","date_gmt":"2015-11-29T20:41:03","guid":{"rendered":"http:\/\/vsf64.fr\/?p=189"},"modified":"2015-12-08T10:42:07","modified_gmt":"2015-12-08T09:42:07","slug":"apres-midi-yoga-2","status":"publish","type":"post","link":"https:\/\/vsf64.fr\/index.php\/2015\/11\/29\/apres-midi-yoga-2\/","title":{"rendered":"Apr\u00e8s-midi Yoga"},"content":{"rendered":"<p>Une apr\u00e8s-midi <strong>yoga<\/strong> s&rsquo;est d\u00e9roul\u00e9e le 28 novembre au Centre Socioculturel d&rsquo;Orthez, au b\u00e9n\u00e9fice de l&rsquo;association Villages Sans Fronti\u00e8res<\/p>\n<p><strong>Eva Pottier<\/strong>, (professeur de yoga de Salies-de-B\u00e9arn) a amen\u00e9 les 20 participants \u00e0 \u00ab\u00a0se recentrer pour mieux \u00eatre et mieux agir\u00a0\u00bb, et ce durant tout l&rsquo;apr\u00e8s-midi.<\/p>\n<p>Lors de la pause go\u00fbter, un moment d&rsquo;\u00e9change a permis aux participants d&rsquo;en savoir plus sur les activit\u00e9s de notre association.<\/p>\n<p>Cette apr\u00e8s-midi harmonieuse et solidaire a \u00e9t\u00e9 tr\u00e8s appr\u00e9ci\u00e9e par tous.<\/p>\n<p><a href=\"https:\/\/i0.wp.com\/vsf64.fr\/wp-content\/uploads\/2015\/11\/DSC07527-1600x1200.jpg\" data-rel=\"lightbox-image-0\" data-rl_title=\"\" data-rl_caption=\"\" title=\"\"><img data-recalc-dims=\"1\" fetchpriority=\"high\" decoding=\"async\" data-attachment-id=\"190\" data-permalink=\"https:\/\/vsf64.fr\/index.php\/2015\/11\/29\/apres-midi-yoga-2\/dsc07527-1600x1200\/\" data-orig-file=\"https:\/\/i0.wp.com\/vsf64.fr\/wp-content\/uploads\/2015\/11\/DSC07527-1600x1200.jpg?fit=1600%2C1200&amp;ssl=1\" data-orig-size=\"1600,1200\" data-comments-opened=\"0\" data-image-meta=\"{&quot;aperture&quot;:&quot;3.3&quot;,&quot;credit&quot;:&quot;&quot;,&quot;camera&quot;:&quot;DSC-HX9V&quot;,&quot;caption&quot;:&quot;&quot;,&quot;created_timestamp&quot;:&quot;1448725244&quot;,&quot;copyright&quot;:&quot;&quot;,&quot;focal_length&quot;:&quot;4.28&quot;,&quot;iso&quot;:&quot;200&quot;,&quot;shutter_speed&quot;:&quot;0.033333333333333&quot;,&quot;title&quot;:&quot;&quot;,&quot;orientation&quot;:&quot;1&quot;}\" data-image-title=\"Yoga au Centre Socioculturel\" data-image-description=\"\" data-image-caption=\"\" data-large-file=\"https:\/\/i0.wp.com\/vsf64.fr\/wp-content\/uploads\/2015\/11\/DSC07527-1600x1200.jpg?fit=640%2C480&amp;ssl=1\" class=\"size-medium wp-image-190 alignleft\" src=\"https:\/\/i0.wp.com\/vsf64.fr\/wp-content\/uploads\/2015\/11\/DSC07527-1600x1200-300x225.jpg?resize=300%2C225\" alt=\"Yoga Centre Socioculturel\" width=\"300\" height=\"225\" srcset=\"https:\/\/i0.wp.com\/vsf64.fr\/wp-content\/uploads\/2015\/11\/DSC07527-1600x1200.jpg?resize=300%2C225&amp;ssl=1 300w, https:\/\/i0.wp.com\/vsf64.fr\/wp-content\/uploads\/2015\/11\/DSC07527-1600x1200.jpg?resize=1024%2C768&amp;ssl=1 1024w, https:\/\/i0.wp.com\/vsf64.fr\/wp-content\/uploads\/2015\/11\/DSC07527-1600x1200.jpg?resize=600%2C450&amp;ssl=1 600w, https:\/\/i0.wp.com\/vsf64.fr\/wp-content\/uploads\/2015\/11\/DSC07527-1600x1200.jpg?resize=1600%2C1200&amp;ssl=1 1600w, https:\/\/i0.wp.com\/vsf64.fr\/wp-content\/uploads\/2015\/11\/DSC07527-1600x1200.jpg?w=1280&amp;ssl=1 1280w\" sizes=\"(max-width: 300px) 100vw, 300px\" \/><\/a><a href=\"https:\/\/i0.wp.com\/vsf64.fr\/wp-content\/uploads\/2015\/11\/DSC07528-1600x1200.jpg\" data-rel=\"lightbox-image-1\" data-rl_title=\"\" data-rl_caption=\"\" title=\"\"><img data-recalc-dims=\"1\" decoding=\"async\" data-attachment-id=\"191\" data-permalink=\"https:\/\/vsf64.fr\/index.php\/2015\/11\/29\/apres-midi-yoga-2\/dsc07528-1600x1200\/\" data-orig-file=\"https:\/\/i0.wp.com\/vsf64.fr\/wp-content\/uploads\/2015\/11\/DSC07528-1600x1200.jpg?fit=1600%2C1200&amp;ssl=1\" data-orig-size=\"1600,1200\" data-comments-opened=\"0\" data-image-meta=\"{&quot;aperture&quot;:&quot;3.3&quot;,&quot;credit&quot;:&quot;&quot;,&quot;camera&quot;:&quot;DSC-HX9V&quot;,&quot;caption&quot;:&quot;&quot;,&quot;created_timestamp&quot;:&quot;1448725255&quot;,&quot;copyright&quot;:&quot;&quot;,&quot;focal_length&quot;:&quot;4.28&quot;,&quot;iso&quot;:&quot;200&quot;,&quot;shutter_speed&quot;:&quot;0.033333333333333&quot;,&quot;title&quot;:&quot;&quot;,&quot;orientation&quot;:&quot;1&quot;}\" data-image-title=\"Yoga Centre Socioculturel\" data-image-description=\"\" data-image-caption=\"\" data-large-file=\"https:\/\/i0.wp.com\/vsf64.fr\/wp-content\/uploads\/2015\/11\/DSC07528-1600x1200.jpg?fit=640%2C480&amp;ssl=1\" class=\"size-medium wp-image-191 alignnone\" src=\"https:\/\/i0.wp.com\/vsf64.fr\/wp-content\/uploads\/2015\/11\/DSC07528-1600x1200-300x225.jpg?resize=300%2C225\" alt=\"Yoga Centre Socioculturel\" width=\"300\" height=\"225\" srcset=\"https:\/\/i0.wp.com\/vsf64.fr\/wp-content\/uploads\/2015\/11\/DSC07528-1600x1200.jpg?resize=300%2C225&amp;ssl=1 300w, https:\/\/i0.wp.com\/vsf64.fr\/wp-content\/uploads\/2015\/11\/DSC07528-1600x1200.jpg?resize=1024%2C768&amp;ssl=1 1024w, https:\/\/i0.wp.com\/vsf64.fr\/wp-content\/uploads\/2015\/11\/DSC07528-1600x1200.jpg?resize=600%2C450&amp;ssl=1 600w, https:\/\/i0.wp.com\/vsf64.fr\/wp-content\/uploads\/2015\/11\/DSC07528-1600x1200.jpg?resize=1600%2C1200&amp;ssl=1 1600w, https:\/\/i0.wp.com\/vsf64.fr\/wp-content\/uploads\/2015\/11\/DSC07528-1600x1200.jpg?w=1280&amp;ssl=1 1280w\" sizes=\"(max-width: 300px) 100vw, 300px\" \/><\/a><\/p>\n<p>Echo B\u00e9arnais :<\/p>\n<p><a href=\"https:\/\/i0.wp.com\/vsf64.fr\/wp-content\/uploads\/2015\/11\/Echo-Bearnais-yoga-2015-1024x768.jpg\" data-rel=\"lightbox-image-2\" data-rl_title=\"\" data-rl_caption=\"\" title=\"\"><img data-recalc-dims=\"1\" decoding=\"async\" data-attachment-id=\"261\" data-permalink=\"https:\/\/vsf64.fr\/index.php\/2015\/11\/29\/apres-midi-yoga-2\/echo-bearnais-yoga-2015-1024x768\/\" data-orig-file=\"https:\/\/i0.wp.com\/vsf64.fr\/wp-content\/uploads\/2015\/11\/Echo-Bearnais-yoga-2015-1024x768.jpg?fit=1024%2C498&amp;ssl=1\" data-orig-size=\"1024,498\" data-comments-opened=\"0\" data-image-meta=\"{&quot;aperture&quot;:&quot;0&quot;,&quot;credit&quot;:&quot;&quot;,&quot;camera&quot;:&quot;&quot;,&quot;caption&quot;:&quot;&quot;,&quot;created_timestamp&quot;:&quot;0&quot;,&quot;copyright&quot;:&quot;&quot;,&quot;focal_length&quot;:&quot;0&quot;,&quot;iso&quot;:&quot;0&quot;,&quot;shutter_speed&quot;:&quot;0&quot;,&quot;title&quot;:&quot;&quot;,&quot;orientation&quot;:&quot;1&quot;}\" data-image-title=\"Echo Bearnais yoga 2015 [1024&amp;#215;768]\" data-image-description=\"\" data-image-caption=\"\" data-large-file=\"https:\/\/i0.wp.com\/vsf64.fr\/wp-content\/uploads\/2015\/11\/Echo-Bearnais-yoga-2015-1024x768.jpg?fit=640%2C311&amp;ssl=1\" class=\"alignnone size-large wp-image-261\" src=\"https:\/\/i0.wp.com\/vsf64.fr\/wp-content\/uploads\/2015\/11\/Echo-Bearnais-yoga-2015-1024x768-1024x498.jpg?resize=640%2C311\" alt=\"Echo Bearnais yoga 2015\" width=\"640\" height=\"311\" srcset=\"https:\/\/i0.wp.com\/vsf64.fr\/wp-content\/uploads\/2015\/11\/Echo-Bearnais-yoga-2015-1024x768.jpg?resize=1024%2C768&amp;ssl=1 1024w, https:\/\/i0.wp.com\/vsf64.fr\/wp-content\/uploads\/2015\/11\/Echo-Bearnais-yoga-2015-1024x768.jpg?resize=300%2C146&amp;ssl=1 300w, https:\/\/i0.wp.com\/vsf64.fr\/wp-content\/uploads\/2015\/11\/Echo-Bearnais-yoga-2015-1024x768.jpg?resize=600%2C292&amp;ssl=1 600w\" sizes=\"(max-width: 640px) 100vw, 640px\" \/><\/a><\/p>\n<p>La R\u00e9publique des Pyr\u00e9n\u00e9es :<\/p>\n<p><a href=\"https:\/\/i0.wp.com\/vsf64.fr\/wp-content\/uploads\/2015\/11\/R%C3%A9p-yoga-1600x1200.jpg\" data-rel=\"lightbox-image-3\" data-rl_title=\"\" data-rl_caption=\"\" title=\"\"><img data-recalc-dims=\"1\" loading=\"lazy\" decoding=\"async\" data-attachment-id=\"196\" data-permalink=\"https:\/\/vsf64.fr\/index.php\/2015\/11\/29\/apres-midi-yoga-2\/rep-yoga-1600x1200\/\" data-orig-file=\"https:\/\/i0.wp.com\/vsf64.fr\/wp-content\/uploads\/2015\/11\/R%C3%A9p-yoga-1600x1200.jpg?fit=519%2C1200&amp;ssl=1\" data-orig-size=\"519,1200\" data-comments-opened=\"0\" data-image-meta=\"{&quot;aperture&quot;:&quot;0&quot;,&quot;credit&quot;:&quot;&quot;,&quot;camera&quot;:&quot;&quot;,&quot;caption&quot;:&quot;&quot;,&quot;created_timestamp&quot;:&quot;0&quot;,&quot;copyright&quot;:&quot;&quot;,&quot;focal_length&quot;:&quot;0&quot;,&quot;iso&quot;:&quot;0&quot;,&quot;shutter_speed&quot;:&quot;0&quot;,&quot;title&quot;:&quot;&quot;,&quot;orientation&quot;:&quot;0&quot;}\" data-image-title=\"R\u00e9p yoga\" data-image-description=\"\" data-image-caption=\"\" data-large-file=\"https:\/\/i0.wp.com\/vsf64.fr\/wp-content\/uploads\/2015\/11\/R%C3%A9p-yoga-1600x1200.jpg?fit=443%2C1024&amp;ssl=1\" class=\"wp-image-196 aligncenter\" src=\"https:\/\/i0.wp.com\/vsf64.fr\/wp-content\/uploads\/2015\/11\/R%C3%A9p-yoga-1600x1200.jpg?resize=246%2C568\" alt=\"R\u00e9p yoga \" width=\"246\" height=\"568\" srcset=\"https:\/\/i0.wp.com\/vsf64.fr\/wp-content\/uploads\/2015\/11\/R%C3%A9p-yoga-1600x1200.jpg?w=519&amp;ssl=1 519w, https:\/\/i0.wp.com\/vsf64.fr\/wp-content\/uploads\/2015\/11\/R%C3%A9p-yoga-1600x1200.jpg?resize=130%2C300&amp;ssl=1 130w, https:\/\/i0.wp.com\/vsf64.fr\/wp-content\/uploads\/2015\/11\/R%C3%A9p-yoga-1600x1200.jpg?resize=443%2C1024&amp;ssl=1 443w\" sizes=\"(max-width: 246px) 100vw, 246px\" \/><\/a><\/p>\n<p>&nbsp;<\/p>\n","protected":false},"excerpt":{"rendered":"<p>Une apr\u00e8s-midi yoga s&rsquo;est d\u00e9roul\u00e9e le 28 novembre au Centre Socioculturel d&rsquo;Orthez, au b\u00e9n\u00e9fice de l&rsquo;association Villages Sans Fronti\u00e8res Eva Pottier, (professeur de yoga de Salies-de-B\u00e9arn) a amen\u00e9 les 20 participants \u00e0 \u00ab\u00a0se recentrer pour mieux \u00eatre et mieux agir\u00a0\u00bb, &hellip; <a href=\"https:\/\/vsf64.fr\/index.php\/2015\/11\/29\/apres-midi-yoga-2\/\">Continuer la lecture <span class=\"meta-nav\">&rarr;<\/span><\/a><\/p>\n","protected":false},"author":1,"featured_media":0,"comment_status":"open","ping_status":"open","sticky":false,"template":"","format":"standard","meta":{"jetpack_post_was_ever_published":false,"_jetpack_newsletter_access":"","_jetpack_dont_email_post_to_subs":false,"_jetpack_newsletter_tier_id":0,"_jetpack_memberships_contains_paywalled_content":false,"_jetpack_memberships_contains_paid_content":false,"footnotes":"","jetpack_publicize_message":"","jetpack_publicize_feature_enabled":true,"jetpack_social_post_already_shared":false,"jetpack_social_options":{"image_generator_settings":{"template":"highway","default_image_id":0,"font":"","enabled":false},"version":2}},"categories":[4],"tags":[],"class_list":["post-189","post","type-post","status-publish","format-standard","hentry","category-manifestation"],"jetpack_publicize_connections":[],"jetpack_featured_media_url":"","jetpack_sharing_enabled":true,"jetpack_shortlink":"https:\/\/wp.me\/p8Gxst-33","jetpack-related-posts":[{"id":489,"url":"https:\/\/vsf64.fr\/index.php\/2017\/11\/16\/faites-vous-du-bien-en-etant-solidaire\/","url_meta":{"origin":189,"position":0},"title":"Faites vous du bien en \u00e9tant solidaire&#8230;","author":"maria64","date":"16 novembre 2017","format":false,"excerpt":"Apr\u00e8s-midi YOGA Avant la p\u00e9riode des f\u00eates, une nouvelle apr\u00e8s-midi yoga est organis\u00e9e par Eva Pottier, professeure de yoga dipl\u00f4m\u00e9e, au b\u00e9n\u00e9fice de l\u2019Association Villages Sans Fronti\u00e8res. L\u2019atelier, se d\u00e9roulera au Centre Socioculturel d\u2019Orthez samedi 25 novembre de 14 \u00e0 17h et se destine aux d\u00e9butants comme aux confirm\u00e9s. Un\u2026","rel":"","context":"Dans &quot;Actions&quot;","block_context":{"text":"Actions","link":"https:\/\/vsf64.fr\/index.php\/category\/actions\/"},"img":{"alt_text":"Apr\u00e8s-midi Yoga CSC 2017","src":"https:\/\/i1.wp.com\/centre-socioculturel-orthez.fr\/wp-content\/uploads\/2017\/11\/Apr\u00e8s-midi-Yoga-CSC2017-2.jpg?resize=350%2C200","width":350,"height":200,"srcset":"https:\/\/i1.wp.com\/centre-socioculturel-orthez.fr\/wp-content\/uploads\/2017\/11\/Apr\u00e8s-midi-Yoga-CSC2017-2.jpg?resize=350%2C200 1x, https:\/\/i1.wp.com\/centre-socioculturel-orthez.fr\/wp-content\/uploads\/2017\/11\/Apr\u00e8s-midi-Yoga-CSC2017-2.jpg?resize=525%2C300 1.5x, https:\/\/i1.wp.com\/centre-socioculturel-orthez.fr\/wp-content\/uploads\/2017\/11\/Apr\u00e8s-midi-Yoga-CSC2017-2.jpg?resize=700%2C400 2x"},"classes":[]},{"id":49,"url":"https:\/\/vsf64.fr\/index.php\/2015\/10\/30\/apres-midi-yoga\/","url_meta":{"origin":189,"position":1},"title":"Apr\u00e8s-midi YOGA","author":"maria64","date":"30 octobre 2015","format":false,"excerpt":"","rel":"","context":"Dans &quot;manifestation&quot;","block_context":{"text":"manifestation","link":"https:\/\/vsf64.fr\/index.php\/category\/manifestation\/"},"img":{"alt_text":"Affiche Yoga 2015","src":"https:\/\/i0.wp.com\/vsf64.fr\/wp-content\/uploads\/2015\/10\/Apr%C3%A8s-midi-Yoga4-1600x1200.jpg?resize=350%2C200","width":350,"height":200,"srcset":"https:\/\/i0.wp.com\/vsf64.fr\/wp-content\/uploads\/2015\/10\/Apr%C3%A8s-midi-Yoga4-1600x1200.jpg?resize=350%2C200 1x, https:\/\/i0.wp.com\/vsf64.fr\/wp-content\/uploads\/2015\/10\/Apr%C3%A8s-midi-Yoga4-1600x1200.jpg?resize=525%2C300 1.5x, https:\/\/i0.wp.com\/vsf64.fr\/wp-content\/uploads\/2015\/10\/Apr%C3%A8s-midi-Yoga4-1600x1200.jpg?resize=700%2C400 2x"},"classes":[]},{"id":564,"url":"https:\/\/vsf64.fr\/index.php\/2018\/08\/20\/apres-midi-creation\/","url_meta":{"origin":189,"position":2},"title":"Apr\u00e8s-midi cr\u00e9ation","author":"maria64","date":"20 ao\u00fbt 2018","format":false,"excerpt":"Ce samedi les petites \"mains cr\u00e9atives\" du B\u00e9arn ont \u00e9t\u00e9 bien occup\u00e9es \u00e0 pr\u00e9parer le stand qui se tiendra \u00e0 la F\u00eate du Sel de Salies-de-B\u00e9arn (8 et 9 septembre). Des bijoux ont \u00e9t\u00e9 r\u00e9alis\u00e9s, des \u00e9tiquettes coll\u00e9es, des pots de miel d\u00e9cor\u00e9s, et des cr\u00e9ations en tissus rembourr\u00e9es. Merci\u2026","rel":"","context":"Dans &quot;Actions&quot;","block_context":{"text":"Actions","link":"https:\/\/vsf64.fr\/index.php\/category\/actions\/"},"img":{"alt_text":"","src":"https:\/\/i0.wp.com\/vsf64.fr\/wp-content\/uploads\/2018\/08\/P1120242-Copier.jpg?fit=1200%2C900&ssl=1&resize=350%2C200","width":350,"height":200,"srcset":"https:\/\/i0.wp.com\/vsf64.fr\/wp-content\/uploads\/2018\/08\/P1120242-Copier.jpg?fit=1200%2C900&ssl=1&resize=350%2C200 1x, https:\/\/i0.wp.com\/vsf64.fr\/wp-content\/uploads\/2018\/08\/P1120242-Copier.jpg?fit=1200%2C900&ssl=1&resize=525%2C300 1.5x, https:\/\/i0.wp.com\/vsf64.fr\/wp-content\/uploads\/2018\/08\/P1120242-Copier.jpg?fit=1200%2C900&ssl=1&resize=700%2C400 2x, https:\/\/i0.wp.com\/vsf64.fr\/wp-content\/uploads\/2018\/08\/P1120242-Copier.jpg?fit=1200%2C900&ssl=1&resize=1050%2C600 3x"},"classes":[]},{"id":370,"url":"https:\/\/vsf64.fr\/index.php\/2016\/12\/07\/creativite-sans-frontieres\/","url_meta":{"origin":189,"position":3},"title":"Cr\u00e9ativit\u00e9 sans fronti\u00e8res","author":"maria64","date":"7 d\u00e9cembre 2016","format":false,"excerpt":"La cr\u00e9ativit\u00e9, qui met l\u2019humain au premier plan est un facteur de libert\u00e9 et d\u2019expression de tous. C\u2019est ce qu\u2019avaient bien compris Greet et Guy Barth\u00e9lemy, \u0153uvrant \u00e0 ce que chaque personne, quelles que soient ses entraves personnelles et sociales,\u00a0 puisse se lib\u00e9rer en cr\u00e9ant, en faisant ensemble. Avec l'argent\u2026","rel":"","context":"Dans &quot;Actions&quot;","block_context":{"text":"Actions","link":"https:\/\/vsf64.fr\/index.php\/category\/actions\/"},"img":{"alt_text":"vente artisanale VSF 2016","src":"https:\/\/i0.wp.com\/vsf64.fr\/wp-content\/uploads\/2016\/12\/P1050622-Copier.jpg?fit=1200%2C900&ssl=1&resize=350%2C200","width":350,"height":200,"srcset":"https:\/\/i0.wp.com\/vsf64.fr\/wp-content\/uploads\/2016\/12\/P1050622-Copier.jpg?fit=1200%2C900&ssl=1&resize=350%2C200 1x, https:\/\/i0.wp.com\/vsf64.fr\/wp-content\/uploads\/2016\/12\/P1050622-Copier.jpg?fit=1200%2C900&ssl=1&resize=525%2C300 1.5x, https:\/\/i0.wp.com\/vsf64.fr\/wp-content\/uploads\/2016\/12\/P1050622-Copier.jpg?fit=1200%2C900&ssl=1&resize=700%2C400 2x, https:\/\/i0.wp.com\/vsf64.fr\/wp-content\/uploads\/2016\/12\/P1050622-Copier.jpg?fit=1200%2C900&ssl=1&resize=1050%2C600 3x"},"classes":[]},{"id":483,"url":"https:\/\/vsf64.fr\/index.php\/2017\/11\/05\/les-fetes-se-preparent\/","url_meta":{"origin":189,"position":4},"title":"Les f\u00eates se pr\u00e9parent","author":"maria64","date":"5 novembre 2017","format":false,"excerpt":"Des cadeaux solidaires Gr\u00e2ce aux \"Mains cr\u00e9atives\" du B\u00e9arn, de nombreux objets de d\u00e9coration et des douceurs alimentaires seront en vente le samedi 25 novembre 2017. C'est lors de l'apr\u00e8s-midi Yoga (anim\u00e9 par Eva) au Centre Socioculturel d'Orthez et au march\u00e9 de No\u00ebl de Sauveterre-de-B\u00e9arn que tous ces objets seront\u2026","rel":"","context":"Dans &quot;Actions&quot;","block_context":{"text":"Actions","link":"https:\/\/vsf64.fr\/index.php\/category\/actions\/"},"img":{"alt_text":"sapin de No\u00ebl en tissu","src":"https:\/\/i0.wp.com\/vsf64.fr\/wp-content\/uploads\/2017\/11\/P1080779.jpg?fit=576%2C768&ssl=1&resize=350%2C200","width":350,"height":200,"srcset":"https:\/\/i0.wp.com\/vsf64.fr\/wp-content\/uploads\/2017\/11\/P1080779.jpg?fit=576%2C768&ssl=1&resize=350%2C200 1x, https:\/\/i0.wp.com\/vsf64.fr\/wp-content\/uploads\/2017\/11\/P1080779.jpg?fit=576%2C768&ssl=1&resize=525%2C300 1.5x"},"classes":[]},{"id":656,"url":"https:\/\/vsf64.fr\/index.php\/2019\/07\/14\/creer-ensemble\/","url_meta":{"origin":189,"position":5},"title":"Cr\u00e9er ensemble","author":"maria64","date":"14 juillet 2019","format":false,"excerpt":"Premier atelier cr\u00e9atif Samedi apr\u00e8s-midi, une douzaine de membres de Villages Sans Fronti\u00e8res se sont r\u00e9unis au si\u00e8ge social pour cuisiner de la confiture de prunes, \u00e9tiqueter les pots de diff\u00e9rentes confitures, d\u00e9couper du tissu pour d\u00e9corer les pots mais \u00e9galement pour tricoter \/ crocheter des petits carr\u00e9s de laine\u2026","rel":"","context":"Dans &quot;Ateliers&quot;","block_context":{"text":"Ateliers","link":"https:\/\/vsf64.fr\/index.php\/category\/ateliers\/"},"img":{"alt_text":"","src":"https:\/\/i0.wp.com\/vsf64.fr\/wp-content\/uploads\/2019\/07\/P1140803-Copier.jpg?fit=1200%2C677&ssl=1&resize=350%2C200","width":350,"height":200,"srcset":"https:\/\/i0.wp.com\/vsf64.fr\/wp-content\/uploads\/2019\/07\/P1140803-Copier.jpg?fit=1200%2C677&ssl=1&resize=350%2C200 1x, https:\/\/i0.wp.com\/vsf64.fr\/wp-content\/uploads\/2019\/07\/P1140803-Copier.jpg?fit=1200%2C677&ssl=1&resize=525%2C300 1.5x, https:\/\/i0.wp.com\/vsf64.fr\/wp-content\/uploads\/2019\/07\/P1140803-Copier.jpg?fit=1200%2C677&ssl=1&resize=700%2C400 2x, https:\/\/i0.wp.com\/vsf64.fr\/wp-content\/uploads\/2019\/07\/P1140803-Copier.jpg?fit=1200%2C677&ssl=1&resize=1050%2C600 3x"},"classes":[]}],"_links":{"self":[{"href":"https:\/\/vsf64.fr\/index.php\/wp-json\/wp\/v2\/posts\/189","targetHints":{"allow":["GET"]}}],"collection":[{"href":"https:\/\/vsf64.fr\/index.php\/wp-json\/wp\/v2\/posts"}],"about":[{"href":"https:\/\/vsf64.fr\/index.php\/wp-json\/wp\/v2\/types\/post"}],"author":[{"embeddable":true,"href":"https:\/\/vsf64.fr\/index.php\/wp-json\/wp\/v2\/users\/1"}],"replies":[{"embeddable":true,"href":"https:\/\/vsf64.fr\/index.php\/wp-json\/wp\/v2\/comments?post=189"}],"version-history":[{"count":7,"href":"https:\/\/vsf64.fr\/index.php\/wp-json\/wp\/v2\/posts\/189\/revisions"}],"predecessor-version":[{"id":262,"href":"https:\/\/vsf64.fr\/index.php\/wp-json\/wp\/v2\/posts\/189\/revisions\/262"}],"wp:attachment":[{"href":"https:\/\/vsf64.fr\/index.php\/wp-json\/wp\/v2\/media?parent=189"}],"wp:term":[{"taxonomy":"category","embeddable":true,"href":"https:\/\/vsf64.fr\/index.php\/wp-json\/wp\/v2\/categories?post=189"},{"taxonomy":"post_tag","embeddable":true,"href":"https:\/\/vsf64.fr\/index.php\/wp-json\/wp\/v2\/tags?post=189"}],"curies":[{"name":"wp","href":"https:\/\/api.w.org\/{rel}","templated":true}]}}