{"id":1787,"date":"2025-09-16T17:13:51","date_gmt":"2025-09-16T16:13:51","guid":{"rendered":"https:\/\/vsf64.fr\/?p=1787"},"modified":"2025-09-16T18:04:41","modified_gmt":"2025-09-16T17:04:41","slug":"nous-etions-a-la-fete-du-sel","status":"publish","type":"post","link":"https:\/\/vsf64.fr\/index.php\/2025\/09\/16\/nous-etions-a-la-fete-du-sel\/","title":{"rendered":"Nous \u00e9tions \u00e0 la F\u00eate du Sel !"},"content":{"rendered":"\t\t<div data-elementor-type=\"wp-post\" data-elementor-id=\"1787\" class=\"elementor elementor-1787\">\n\t\t\t\t\t\t<section class=\"elementor-section elementor-top-section elementor-element elementor-element-7425a6f8 elementor-section-boxed elementor-section-height-default elementor-section-height-default\" data-id=\"7425a6f8\" data-element_type=\"section\" data-e-type=\"section\">\n\t\t\t\t\t\t<div class=\"elementor-container elementor-column-gap-default\">\n\t\t\t\t\t<div class=\"elementor-column elementor-col-100 elementor-top-column elementor-element elementor-element-7cd4c110\" data-id=\"7cd4c110\" data-element_type=\"column\" data-e-type=\"column\">\n\t\t\t<div class=\"elementor-widget-wrap elementor-element-populated\">\n\t\t\t\t\t\t<div class=\"elementor-element elementor-element-774cdd2 elementor-widget elementor-widget-text-editor\" data-id=\"774cdd2\" data-element_type=\"widget\" data-e-type=\"widget\" data-widget_type=\"text-editor.default\">\n\t\t\t\t<div class=\"elementor-widget-container\">\n\t\t\t\t\t\t\t\t\t\n<h2 style=\"text-align: center;\"><span style=\"text-decoration: underline; color: #ff6600;\"><strong>Une belle ambiance !<\/strong><\/span><\/h2>\n<p>(Diaporama de notre stand sous le texte)<\/p>\n<p>Ce samedi 13 et dimanche 14 septembre 2025, les membres de Villages Sans Fronti\u00e8res se sont retrouv\u00e9s \u00e0 Salies-de-B\u00e9arn, charmante cit\u00e9 thermale, \u00e0 l\u2019occasion de la traditionnelle F\u00eate du Sel.<\/p>\n<p>Dans les ruelles pittoresques du centre-ville, une ambiance chaleureuse r\u00e9gnait gr\u00e2ce aux nombreux stands du march\u00e9 artisanal organis\u00e9 par la Jurade du Sel.<\/p>\n<p>Nos b\u00e9n\u00e9voles, dynamiques et souriants, ont fait d\u00e9couvrir avec passion leurs confitures maison, miels savoureux et gel\u00e9es parfum\u00e9es. Et une nouveaut\u00e9 : les sachets de merveilles ! Les jeux d\u00e9cor\u00e9s \u00e0 la main, ainsi que les cr\u00e9ations cousues en France et en Inde ont \u00e9galement eu du succ\u00e8s.<\/p>\n<p>L&rsquo;\u00e9nergie communicative de nos membres a \u00e9galement permis de vendre 140 billets de tombola, un beau succ\u00e8s collectif !<\/p>\n<p>Gr\u00e2ce \u00e0 cette mobilisation, tous les fonds r\u00e9colt\u00e9s seront int\u00e9gralement envoy\u00e9s en Inde.<br data-start=\"810\" data-end=\"813\" \/>Ils soutiendront les projets de notre partenaire, l\u2019association Magan Sangrahalaya Samiti, active dans l\u2019\u00c9tat du Maharashtra.<\/p>\n<p>Ces actions b\u00e9n\u00e9ficient directement aux coop\u00e9ratives f\u00e9minines, villageois et agriculteurs locaux, pour un d\u00e9veloppement durable et solidaire.<\/p>\n<p>Le dimanche apr\u00e8s-midi, la F\u00eate du Sel a battu son plein avec le traditionnel d\u00e9fil\u00e9 de chars d\u00e9cor\u00e9s.<br data-start=\"1143\" data-end=\"1146\" \/>Les habitants des villages alentour et diverses associations locales ont rivalis\u00e9 de cr\u00e9ativit\u00e9 sur le th\u00e8me \u00ab\u00a0La f\u00eate du Sel s&rsquo;\u00e9crit avec une plume\u00a0\u00bb.<\/p>\n<p>Les rues se sont par\u00e9es de couleurs vives, au rythme des fanfares et des applaudissements.<br data-start=\"1335\" data-end=\"1338\" \/>Les confettis, lanc\u00e9s par les enfants et les adultes, ont ajout\u00e9 une touche de magie \u00e0 cette journ\u00e9e festive.<\/p>\n<p>Entre partage, solidarit\u00e9 et convivialit\u00e9, ce week-end restera dans nos m\u00e9moires comme un bon moment partag\u00e9.<\/p>\n<p>Un grand merci \u00e0 tous les participants, b\u00e9n\u00e9voles et visiteurs pour leur engagement; cette aventure humaine n\u2019aurait pas \u00e9t\u00e9 possible sans vous.<\/p>\n<p>Rendez-vous l\u2019ann\u00e9e prochaine pour une nouvelle \u00e9dition, encore plus belle et solidaire !<\/p>\n\t\t\t\t\t\t\t\t<\/div>\n\t\t\t\t<\/div>\n\t\t\t\t\t<\/div>\n\t\t<\/div>\n\t\t\t\t\t<\/div>\n\t\t<\/section>\n\t\t\t\t<section class=\"elementor-section elementor-top-section elementor-element elementor-element-b309c92 elementor-section-boxed elementor-section-height-default elementor-section-height-default\" data-id=\"b309c92\" data-element_type=\"section\" data-e-type=\"section\">\n\t\t\t\t\t\t<div class=\"elementor-container elementor-column-gap-default\">\n\t\t\t\t\t<div class=\"elementor-column elementor-col-100 elementor-top-column elementor-element elementor-element-5003053\" data-id=\"5003053\" data-element_type=\"column\" data-e-type=\"column\">\n\t\t\t<div class=\"elementor-widget-wrap elementor-element-populated\">\n\t\t\t\t\t\t<div class=\"elementor-element elementor-element-251d8ce elementor-widget elementor-widget-video\" data-id=\"251d8ce\" data-element_type=\"widget\" data-e-type=\"widget\" data-settings=\"{&quot;video_type&quot;:&quot;vimeo&quot;,&quot;autoplay&quot;:&quot;yes&quot;,&quot;loop&quot;:&quot;yes&quot;}\" data-widget_type=\"video.default\">\n\t\t\t\t<div class=\"elementor-widget-container\">\n\t\t\t\t\t\t\t<div class=\"elementor-wrapper elementor-open-inline\">\n\t\t\t<iframe class=\"elementor-video-iframe\" allowfullscreen allow=\"autoplay\" title=\"Lecteur vid\u00e9o vimeo\" src=\"https:\/\/player.vimeo.com\/video\/1119131472?autoplay=1&amp;color&amp;autopause=0&amp;loop=1&amp;muted=0&amp;title=1&amp;portrait=1&amp;byline=1#t=\"><\/iframe>\t\t<\/div>\n\t\t\t\t\t\t<\/div>\n\t\t\t\t<\/div>\n\t\t\t\t\t<\/div>\n\t\t<\/div>\n\t\t\t\t\t<\/div>\n\t\t<\/section>\n\t\t\t\t<\/div>\n\t\t","protected":false},"excerpt":{"rendered":"<p>Une belle ambiance ! (Diaporama de notre stand sous le texte) Ce samedi 13 et dimanche 14 septembre 2025, les membres de Villages Sans Fronti\u00e8res se sont retrouv\u00e9s \u00e0 Salies-de-B\u00e9arn, charmante cit\u00e9 thermale, \u00e0 l\u2019occasion de la traditionnelle F\u00eate du &hellip; <a href=\"https:\/\/vsf64.fr\/index.php\/2025\/09\/16\/nous-etions-a-la-fete-du-sel\/\">Continuer la lecture <span class=\"meta-nav\">&rarr;<\/span><\/a><\/p>\n","protected":false},"author":1,"featured_media":0,"comment_status":"closed","ping_status":"closed","sticky":false,"template":"","format":"standard","meta":{"jetpack_post_was_ever_published":false,"_jetpack_newsletter_access":"","_jetpack_dont_email_post_to_subs":false,"_jetpack_newsletter_tier_id":0,"_jetpack_memberships_contains_paywalled_content":false,"_jetpack_memberships_contains_paid_content":false,"footnotes":"","jetpack_publicize_message":"","jetpack_publicize_feature_enabled":true,"jetpack_social_post_already_shared":true,"jetpack_social_options":{"image_generator_settings":{"template":"highway","default_image_id":0,"font":"","enabled":false},"version":2}},"categories":[6,4],"tags":[],"class_list":["post-1787","post","type-post","status-publish","format-standard","hentry","category-actions","category-manifestation"],"jetpack_publicize_connections":[],"jetpack_featured_media_url":"","jetpack_sharing_enabled":true,"jetpack_shortlink":"https:\/\/wp.me\/p8Gxst-sP","jetpack-related-posts":[{"id":1679,"url":"https:\/\/vsf64.fr\/index.php\/2024\/09\/19\/bilan-de-la-participation-a-la-fete-du-sel\/","url_meta":{"origin":1787,"position":0},"title":"Bilan de la participation \u00e0 la F\u00eate du Sel","author":"maria64","date":"19 septembre 2024","format":false,"excerpt":"Un grand succ\u00e8s ! Cette ann\u00e9e encore, notre association a particip\u00e9 \u00e0 la traditionnelle F\u00eate du Sel de Salies-de-B\u00e9arn (organis\u00e9e par la Jurade du Sel), et notre stand a \u00e9t\u00e9 anim\u00e9 par une belle \u00e9quipe de b\u00e9n\u00e9voles motiv\u00e9s. Leur \u00e9nergie communicative et leurs sourires ont permis d'accueillir de nombreux clients\u2026","rel":"","context":"Dans &quot;Actions&quot;","block_context":{"text":"Actions","link":"https:\/\/vsf64.fr\/index.php\/category\/actions\/"},"img":{"alt_text":"","src":"https:\/\/i0.wp.com\/vsf64.fr\/wp-content\/uploads\/2024\/09\/Fete-du-Sel-2024-2.jpg?fit=800%2C599&ssl=1&resize=350%2C200","width":350,"height":200,"srcset":"https:\/\/i0.wp.com\/vsf64.fr\/wp-content\/uploads\/2024\/09\/Fete-du-Sel-2024-2.jpg?fit=800%2C599&ssl=1&resize=350%2C200 1x, https:\/\/i0.wp.com\/vsf64.fr\/wp-content\/uploads\/2024\/09\/Fete-du-Sel-2024-2.jpg?fit=800%2C599&ssl=1&resize=525%2C300 1.5x, https:\/\/i0.wp.com\/vsf64.fr\/wp-content\/uploads\/2024\/09\/Fete-du-Sel-2024-2.jpg?fit=800%2C599&ssl=1&resize=700%2C400 2x"},"classes":[]},{"id":673,"url":"https:\/\/vsf64.fr\/index.php\/2019\/09\/08\/preparation-de-la-fete-du-sel-des-14-et-15-septembre-2019\/","url_meta":{"origin":1787,"position":1},"title":"Pr\u00e9paration de la F\u00eate du Sel des 14 et 15 septembre 2019","author":"maria64","date":"8 septembre 2019","format":false,"excerpt":"Apr\u00e8s deux ateliers cr\u00e9atifs qui ont r\u00e9uni une partie des membres de l'association, nous nous pr\u00e9parons maintenant pour la F\u00eate du Sel qui aura lieu le week-end prochain \u00e0 Salies-de-B\u00e9arn. Nous y tiendrons un stand (comme l'ann\u00e9e derni\u00e8re) pour y vendre les diff\u00e9rentes fabrications \"fait main\" ou \"fait maison\" (confitures,\u2026","rel":"","context":"Dans &quot;Non class\u00e9&quot;","block_context":{"text":"Non class\u00e9","link":"https:\/\/vsf64.fr\/index.php\/category\/non-classe\/"},"img":{"alt_text":"","src":"https:\/\/i0.wp.com\/vsf64.fr\/wp-content\/uploads\/2019\/09\/R%C3%A9publique-septembre-2019-1024x668.jpg?resize=350%2C200","width":350,"height":200,"srcset":"https:\/\/i0.wp.com\/vsf64.fr\/wp-content\/uploads\/2019\/09\/R%C3%A9publique-septembre-2019-1024x668.jpg?resize=350%2C200 1x, https:\/\/i0.wp.com\/vsf64.fr\/wp-content\/uploads\/2019\/09\/R%C3%A9publique-septembre-2019-1024x668.jpg?resize=525%2C300 1.5x"},"classes":[]},{"id":1458,"url":"https:\/\/vsf64.fr\/index.php\/2023\/09\/17\/la-fete-du-sel\/","url_meta":{"origin":1787,"position":2},"title":"La f\u00eate du Sel","author":"maria64","date":"17 septembre 2023","format":false,"excerpt":"\u00a0 \u00a0Une nouvelle action men\u00e9e \u00e0 bien Les 9 et 10 septembre 2023, la F\u00eate du Sel \u00e0 Salies de B\u00e9arn nous a permis de tenir un stand, anim\u00e9 par les membres de l'association. De bon matin, la toute nouvelle tonnelle (barnum) de l'association a \u00e9t\u00e9 inaugur\u00e9e et mont\u00e9e par\u2026","rel":"","context":"Dans &quot;Non class\u00e9&quot;","block_context":{"text":"Non class\u00e9","link":"https:\/\/vsf64.fr\/index.php\/category\/non-classe\/"},"img":{"alt_text":"","src":"https:\/\/i0.wp.com\/vsf64.fr\/wp-content\/uploads\/2023\/09\/IMG_20230910_160921-Copier.jpg?resize=350%2C200&ssl=1","width":350,"height":200,"srcset":"https:\/\/i0.wp.com\/vsf64.fr\/wp-content\/uploads\/2023\/09\/IMG_20230910_160921-Copier.jpg?resize=350%2C200&ssl=1 1x, https:\/\/i0.wp.com\/vsf64.fr\/wp-content\/uploads\/2023\/09\/IMG_20230910_160921-Copier.jpg?resize=525%2C300&ssl=1 1.5x, https:\/\/i0.wp.com\/vsf64.fr\/wp-content\/uploads\/2023\/09\/IMG_20230910_160921-Copier.jpg?resize=700%2C400&ssl=1 2x"},"classes":[]},{"id":678,"url":"https:\/\/vsf64.fr\/index.php\/2019\/09\/15\/une-belle-fete-du-sel-les-14-et-15-septembre-2019\/","url_meta":{"origin":1787,"position":3},"title":"Une belle F\u00eate du Sel les 14 et 15 septembre 2019","author":"maria64","date":"15 septembre 2019","format":false,"excerpt":"Une r\u00e9ussite De nombreux membres de Villages Sans Fronti\u00e8res se sont mobilis\u00e9s pour organiser cet \u00e9v\u00e8nement festif. D\u00e8s le samedi matin de bonne heure, certains \u00e9taient pr\u00eats \u00e0 monter la tonnelle, installer les tables, \u00e9taler les nappes, pr\u00e9senter les diff\u00e9rentes productions cr\u00e9\u00e9es par les membres de l'association. Puis d'autres sont\u2026","rel":"","context":"Dans &quot;Actions&quot;","block_context":{"text":"Actions","link":"https:\/\/vsf64.fr\/index.php\/category\/actions\/"},"img":{"alt_text":"","src":"https:\/\/i0.wp.com\/vsf64.fr\/wp-content\/uploads\/2019\/09\/IMG_20190914_102317-640x480.jpg?fit=640%2C361&ssl=1&resize=350%2C200","width":350,"height":200,"srcset":"https:\/\/i0.wp.com\/vsf64.fr\/wp-content\/uploads\/2019\/09\/IMG_20190914_102317-640x480.jpg?fit=640%2C361&ssl=1&resize=350%2C200 1x, https:\/\/i0.wp.com\/vsf64.fr\/wp-content\/uploads\/2019\/09\/IMG_20190914_102317-640x480.jpg?fit=640%2C361&ssl=1&resize=525%2C300 1.5x"},"classes":[]},{"id":576,"url":"https:\/\/vsf64.fr\/index.php\/2018\/09\/15\/manifestation-reussie\/","url_meta":{"origin":1787,"position":4},"title":"Manifestation r\u00e9ussie !","author":"maria64","date":"15 septembre 2018","format":false,"excerpt":"Le week-end du 8 et 9 septembre 2018 une partie des membres de \"Villages Sans Fronti\u00e8res\" s'\u00e9tait mobilis\u00e9e pour tenir le stand durant la F\u00eate du Sel de Salies-de-B\u00e9arn. Nous proposions \u00e0 la vente des Soli'Sacs, des bijoux cr\u00e9\u00e9s ou recycl\u00e9s, des biscuits et g\u00e2teaux, des stylos rigolos (fabriqu\u00e9s en\u2026","rel":"","context":"Dans &quot;Actions&quot;","block_context":{"text":"Actions","link":"https:\/\/vsf64.fr\/index.php\/category\/actions\/"},"img":{"alt_text":"Stand VSF F\u00eate du Sel 2018","src":"https:\/\/i0.wp.com\/vsf64.fr\/wp-content\/uploads\/2018\/09\/FETE-DU-SEL-2018.jpg?fit=1200%2C899&ssl=1&resize=350%2C200","width":350,"height":200,"srcset":"https:\/\/i0.wp.com\/vsf64.fr\/wp-content\/uploads\/2018\/09\/FETE-DU-SEL-2018.jpg?fit=1200%2C899&ssl=1&resize=350%2C200 1x, https:\/\/i0.wp.com\/vsf64.fr\/wp-content\/uploads\/2018\/09\/FETE-DU-SEL-2018.jpg?fit=1200%2C899&ssl=1&resize=525%2C300 1.5x, https:\/\/i0.wp.com\/vsf64.fr\/wp-content\/uploads\/2018\/09\/FETE-DU-SEL-2018.jpg?fit=1200%2C899&ssl=1&resize=700%2C400 2x, https:\/\/i0.wp.com\/vsf64.fr\/wp-content\/uploads\/2018\/09\/FETE-DU-SEL-2018.jpg?fit=1200%2C899&ssl=1&resize=1050%2C600 3x"},"classes":[]},{"id":564,"url":"https:\/\/vsf64.fr\/index.php\/2018\/08\/20\/apres-midi-creation\/","url_meta":{"origin":1787,"position":5},"title":"Apr\u00e8s-midi cr\u00e9ation","author":"maria64","date":"20 ao\u00fbt 2018","format":false,"excerpt":"Ce samedi les petites \"mains cr\u00e9atives\" du B\u00e9arn ont \u00e9t\u00e9 bien occup\u00e9es \u00e0 pr\u00e9parer le stand qui se tiendra \u00e0 la F\u00eate du Sel de Salies-de-B\u00e9arn (8 et 9 septembre). Des bijoux ont \u00e9t\u00e9 r\u00e9alis\u00e9s, des \u00e9tiquettes coll\u00e9es, des pots de miel d\u00e9cor\u00e9s, et des cr\u00e9ations en tissus rembourr\u00e9es. Merci\u2026","rel":"","context":"Dans &quot;Actions&quot;","block_context":{"text":"Actions","link":"https:\/\/vsf64.fr\/index.php\/category\/actions\/"},"img":{"alt_text":"","src":"https:\/\/i0.wp.com\/vsf64.fr\/wp-content\/uploads\/2018\/08\/P1120242-Copier.jpg?fit=1200%2C900&ssl=1&resize=350%2C200","width":350,"height":200,"srcset":"https:\/\/i0.wp.com\/vsf64.fr\/wp-content\/uploads\/2018\/08\/P1120242-Copier.jpg?fit=1200%2C900&ssl=1&resize=350%2C200 1x, https:\/\/i0.wp.com\/vsf64.fr\/wp-content\/uploads\/2018\/08\/P1120242-Copier.jpg?fit=1200%2C900&ssl=1&resize=525%2C300 1.5x, https:\/\/i0.wp.com\/vsf64.fr\/wp-content\/uploads\/2018\/08\/P1120242-Copier.jpg?fit=1200%2C900&ssl=1&resize=700%2C400 2x, https:\/\/i0.wp.com\/vsf64.fr\/wp-content\/uploads\/2018\/08\/P1120242-Copier.jpg?fit=1200%2C900&ssl=1&resize=1050%2C600 3x"},"classes":[]}],"_links":{"self":[{"href":"https:\/\/vsf64.fr\/index.php\/wp-json\/wp\/v2\/posts\/1787","targetHints":{"allow":["GET"]}}],"collection":[{"href":"https:\/\/vsf64.fr\/index.php\/wp-json\/wp\/v2\/posts"}],"about":[{"href":"https:\/\/vsf64.fr\/index.php\/wp-json\/wp\/v2\/types\/post"}],"author":[{"embeddable":true,"href":"https:\/\/vsf64.fr\/index.php\/wp-json\/wp\/v2\/users\/1"}],"replies":[{"embeddable":true,"href":"https:\/\/vsf64.fr\/index.php\/wp-json\/wp\/v2\/comments?post=1787"}],"version-history":[{"count":6,"href":"https:\/\/vsf64.fr\/index.php\/wp-json\/wp\/v2\/posts\/1787\/revisions"}],"predecessor-version":[{"id":1794,"href":"https:\/\/vsf64.fr\/index.php\/wp-json\/wp\/v2\/posts\/1787\/revisions\/1794"}],"wp:attachment":[{"href":"https:\/\/vsf64.fr\/index.php\/wp-json\/wp\/v2\/media?parent=1787"}],"wp:term":[{"taxonomy":"category","embeddable":true,"href":"https:\/\/vsf64.fr\/index.php\/wp-json\/wp\/v2\/categories?post=1787"},{"taxonomy":"post_tag","embeddable":true,"href":"https:\/\/vsf64.fr\/index.php\/wp-json\/wp\/v2\/tags?post=1787"}],"curies":[{"name":"wp","href":"https:\/\/api.w.org\/{rel}","templated":true}]}}