{"id":1780,"date":"2025-08-28T15:18:05","date_gmt":"2025-08-28T14:18:05","guid":{"rendered":"https:\/\/vsf64.fr\/?p=1780"},"modified":"2025-08-28T15:18:49","modified_gmt":"2025-08-28T14:18:49","slug":"les-actualites-aout-septembre-2025","status":"publish","type":"post","link":"https:\/\/vsf64.fr\/index.php\/2025\/08\/28\/les-actualites-aout-septembre-2025\/","title":{"rendered":"Les actualit\u00e9s ao\u00fbt &#8211; septembre 2025"},"content":{"rendered":"\n<h2 style=\"text-align: center;\"><span style=\"text-decoration: underline; color: #ff6600;\">Tenue de deux stands<\/span><\/h2>\n<p>Nous participons dans quelques jours au Forum des Associations de Salies avec un stand d&rsquo;information, puis en septembre \u00e0 la F\u00eate du Sel les 13 et 14 septembre, durant laquelle nous esp\u00e9rons vendre beaucoup de confitures, miel, \u00ab\u00a0galominos\u00a0\u00bb, \u00ab\u00a0Tic-tac-tou\u00a0\u00bb, ainsi que des lingettes lavables, etc.<\/p>\n<p>Tout cela bien s\u00fbr pour r\u00e9colter des fonds qui seront envoy\u00e9s pour soutenir les projets en Inde.<\/p>\n<p><a href=\"https:\/\/i0.wp.com\/vsf64.fr\/wp-content\/uploads\/2025\/08\/photo_1-1.jpeg?ssl=1\" data-rel=\"lightbox-image-0\" data-rl_title=\"\" data-rl_caption=\"\" title=\"\"><img data-recalc-dims=\"1\" fetchpriority=\"high\" decoding=\"async\" data-attachment-id=\"1782\" data-permalink=\"https:\/\/vsf64.fr\/index.php\/2025\/08\/28\/les-actualites-aout-septembre-2025\/photo_1-1\/\" data-orig-file=\"https:\/\/i0.wp.com\/vsf64.fr\/wp-content\/uploads\/2025\/08\/photo_1-1.jpeg?fit=1449%2C2048&amp;ssl=1\" data-orig-size=\"1449,2048\" data-comments-opened=\"0\" data-image-meta=\"{&quot;aperture&quot;:&quot;0&quot;,&quot;credit&quot;:&quot;&quot;,&quot;camera&quot;:&quot;&quot;,&quot;caption&quot;:&quot;&quot;,&quot;created_timestamp&quot;:&quot;0&quot;,&quot;copyright&quot;:&quot;&quot;,&quot;focal_length&quot;:&quot;0&quot;,&quot;iso&quot;:&quot;0&quot;,&quot;shutter_speed&quot;:&quot;0&quot;,&quot;title&quot;:&quot;&quot;,&quot;orientation&quot;:&quot;1&quot;}\" data-image-title=\"Forum Assos 2025\" data-image-description=\"\" data-image-caption=\"\" data-large-file=\"https:\/\/i0.wp.com\/vsf64.fr\/wp-content\/uploads\/2025\/08\/photo_1-1.jpeg?fit=640%2C904&amp;ssl=1\" class=\"aligncenter size-large wp-image-1782\" src=\"https:\/\/i0.wp.com\/vsf64.fr\/wp-content\/uploads\/2025\/08\/photo_1-1.jpeg?resize=640%2C904&#038;ssl=1\" alt=\"\" width=\"640\" height=\"904\" srcset=\"https:\/\/i0.wp.com\/vsf64.fr\/wp-content\/uploads\/2025\/08\/photo_1-1.jpeg?resize=725%2C1024&amp;ssl=1 725w, https:\/\/i0.wp.com\/vsf64.fr\/wp-content\/uploads\/2025\/08\/photo_1-1.jpeg?resize=212%2C300&amp;ssl=1 212w, https:\/\/i0.wp.com\/vsf64.fr\/wp-content\/uploads\/2025\/08\/photo_1-1.jpeg?resize=768%2C1085&amp;ssl=1 768w, https:\/\/i0.wp.com\/vsf64.fr\/wp-content\/uploads\/2025\/08\/photo_1-1.jpeg?resize=1087%2C1536&amp;ssl=1 1087w, https:\/\/i0.wp.com\/vsf64.fr\/wp-content\/uploads\/2025\/08\/photo_1-1.jpeg?w=1449&amp;ssl=1 1449w, https:\/\/i0.wp.com\/vsf64.fr\/wp-content\/uploads\/2025\/08\/photo_1-1.jpeg?w=1280&amp;ssl=1 1280w\" sizes=\"(max-width: 640px) 100vw, 640px\" \/><\/a><a href=\"https:\/\/i0.wp.com\/vsf64.fr\/wp-content\/uploads\/2025\/08\/FDS.jpg?ssl=1\" data-rel=\"lightbox-image-1\" data-rl_title=\"\" data-rl_caption=\"\" title=\"\"><img data-recalc-dims=\"1\" decoding=\"async\" data-attachment-id=\"1781\" data-permalink=\"https:\/\/vsf64.fr\/index.php\/2025\/08\/28\/les-actualites-aout-septembre-2025\/fds\/\" data-orig-file=\"https:\/\/i0.wp.com\/vsf64.fr\/wp-content\/uploads\/2025\/08\/FDS.jpg?fit=977%2C760&amp;ssl=1\" data-orig-size=\"977,760\" data-comments-opened=\"0\" data-image-meta=\"{&quot;aperture&quot;:&quot;0&quot;,&quot;credit&quot;:&quot;&quot;,&quot;camera&quot;:&quot;&quot;,&quot;caption&quot;:&quot;&quot;,&quot;created_timestamp&quot;:&quot;0&quot;,&quot;copyright&quot;:&quot;&quot;,&quot;focal_length&quot;:&quot;0&quot;,&quot;iso&quot;:&quot;0&quot;,&quot;shutter_speed&quot;:&quot;0&quot;,&quot;title&quot;:&quot;&quot;,&quot;orientation&quot;:&quot;0&quot;}\" data-image-title=\"FDS\" data-image-description=\"\" data-image-caption=\"\" data-large-file=\"https:\/\/i0.wp.com\/vsf64.fr\/wp-content\/uploads\/2025\/08\/FDS.jpg?fit=640%2C498&amp;ssl=1\" class=\"aligncenter size-full wp-image-1781\" src=\"https:\/\/i0.wp.com\/vsf64.fr\/wp-content\/uploads\/2025\/08\/FDS.jpg?resize=640%2C498&#038;ssl=1\" alt=\"\" width=\"640\" height=\"498\" srcset=\"https:\/\/i0.wp.com\/vsf64.fr\/wp-content\/uploads\/2025\/08\/FDS.jpg?w=977&amp;ssl=1 977w, https:\/\/i0.wp.com\/vsf64.fr\/wp-content\/uploads\/2025\/08\/FDS.jpg?resize=300%2C233&amp;ssl=1 300w, https:\/\/i0.wp.com\/vsf64.fr\/wp-content\/uploads\/2025\/08\/FDS.jpg?resize=768%2C597&amp;ssl=1 768w\" sizes=\"(max-width: 640px) 100vw, 640px\" \/><\/a><\/p>\n\n\n","protected":false},"excerpt":{"rendered":"<p>Tenue de deux stands Nous participons dans quelques jours au Forum des Associations de Salies avec un stand d&rsquo;information, puis en septembre \u00e0 la F\u00eate du Sel les 13 et 14 septembre, durant laquelle nous esp\u00e9rons vendre beaucoup de confitures, &hellip; <a href=\"https:\/\/vsf64.fr\/index.php\/2025\/08\/28\/les-actualites-aout-septembre-2025\/\">Continuer la lecture <span class=\"meta-nav\">&rarr;<\/span><\/a><\/p>\n","protected":false},"author":1,"featured_media":0,"comment_status":"closed","ping_status":"closed","sticky":false,"template":"","format":"standard","meta":{"jetpack_post_was_ever_published":false,"_jetpack_newsletter_access":"","_jetpack_dont_email_post_to_subs":false,"_jetpack_newsletter_tier_id":0,"_jetpack_memberships_contains_paywalled_content":false,"_jetpack_memberships_contains_paid_content":false,"footnotes":"","jetpack_publicize_message":"","jetpack_publicize_feature_enabled":true,"jetpack_social_post_already_shared":true,"jetpack_social_options":{"image_generator_settings":{"template":"highway","default_image_id":0,"font":"","enabled":false},"version":2}},"categories":[6,4],"tags":[],"class_list":["post-1780","post","type-post","status-publish","format-standard","hentry","category-actions","category-manifestation"],"jetpack_publicize_connections":[],"jetpack_featured_media_url":"","jetpack_sharing_enabled":true,"jetpack_shortlink":"https:\/\/wp.me\/p8Gxst-sI","jetpack-related-posts":[{"id":673,"url":"https:\/\/vsf64.fr\/index.php\/2019\/09\/08\/preparation-de-la-fete-du-sel-des-14-et-15-septembre-2019\/","url_meta":{"origin":1780,"position":0},"title":"Pr\u00e9paration de la F\u00eate du Sel des 14 et 15 septembre 2019","author":"maria64","date":"8 septembre 2019","format":false,"excerpt":"Apr\u00e8s deux ateliers cr\u00e9atifs qui ont r\u00e9uni une partie des membres de l'association, nous nous pr\u00e9parons maintenant pour la F\u00eate du Sel qui aura lieu le week-end prochain \u00e0 Salies-de-B\u00e9arn. Nous y tiendrons un stand (comme l'ann\u00e9e derni\u00e8re) pour y vendre les diff\u00e9rentes fabrications \"fait main\" ou \"fait maison\" (confitures,\u2026","rel":"","context":"Dans &quot;Non class\u00e9&quot;","block_context":{"text":"Non class\u00e9","link":"https:\/\/vsf64.fr\/index.php\/category\/non-classe\/"},"img":{"alt_text":"","src":"https:\/\/i0.wp.com\/vsf64.fr\/wp-content\/uploads\/2019\/09\/R%C3%A9publique-septembre-2019-1024x668.jpg?resize=350%2C200","width":350,"height":200,"srcset":"https:\/\/i0.wp.com\/vsf64.fr\/wp-content\/uploads\/2019\/09\/R%C3%A9publique-septembre-2019-1024x668.jpg?resize=350%2C200 1x, https:\/\/i0.wp.com\/vsf64.fr\/wp-content\/uploads\/2019\/09\/R%C3%A9publique-septembre-2019-1024x668.jpg?resize=525%2C300 1.5x"},"classes":[]},{"id":678,"url":"https:\/\/vsf64.fr\/index.php\/2019\/09\/15\/une-belle-fete-du-sel-les-14-et-15-septembre-2019\/","url_meta":{"origin":1780,"position":1},"title":"Une belle F\u00eate du Sel les 14 et 15 septembre 2019","author":"maria64","date":"15 septembre 2019","format":false,"excerpt":"Une r\u00e9ussite De nombreux membres de Villages Sans Fronti\u00e8res se sont mobilis\u00e9s pour organiser cet \u00e9v\u00e8nement festif. D\u00e8s le samedi matin de bonne heure, certains \u00e9taient pr\u00eats \u00e0 monter la tonnelle, installer les tables, \u00e9taler les nappes, pr\u00e9senter les diff\u00e9rentes productions cr\u00e9\u00e9es par les membres de l'association. Puis d'autres sont\u2026","rel":"","context":"Dans &quot;Actions&quot;","block_context":{"text":"Actions","link":"https:\/\/vsf64.fr\/index.php\/category\/actions\/"},"img":{"alt_text":"","src":"https:\/\/i0.wp.com\/vsf64.fr\/wp-content\/uploads\/2019\/09\/IMG_20190914_102317-640x480.jpg?fit=640%2C361&ssl=1&resize=350%2C200","width":350,"height":200,"srcset":"https:\/\/i0.wp.com\/vsf64.fr\/wp-content\/uploads\/2019\/09\/IMG_20190914_102317-640x480.jpg?fit=640%2C361&ssl=1&resize=350%2C200 1x, https:\/\/i0.wp.com\/vsf64.fr\/wp-content\/uploads\/2019\/09\/IMG_20190914_102317-640x480.jpg?fit=640%2C361&ssl=1&resize=525%2C300 1.5x"},"classes":[]},{"id":471,"url":"https:\/\/vsf64.fr\/index.php\/2017\/09\/10\/un-samedi-creatif\/","url_meta":{"origin":1780,"position":2},"title":"Un samedi cr\u00e9atif","author":"maria64","date":"10 septembre 2017","format":false,"excerpt":"Ce samedi un nouvel atelier a eu lieu pour pr\u00e9parer les ventes de fin d'ann\u00e9e. Cuisson de confiture, \u00e9tiquetage des pots de miel (printemps, acacia et fleurs sauvages) et des diff\u00e9rentes confitures (prunes, figues, p\u00eaches), cr\u00e9ation d'objets de d\u00e9coration pour No\u00ebl. Les Mains Cr\u00e9atives ont assur\u00e9 ! Bient\u00f4t nous vous\u2026","rel":"","context":"Dans &quot;Ateliers&quot;","block_context":{"text":"Ateliers","link":"https:\/\/vsf64.fr\/index.php\/category\/ateliers\/"},"img":{"alt_text":"","src":"https:\/\/i0.wp.com\/vsf64.fr\/wp-content\/uploads\/2017\/09\/P1080399-1600x1200.jpg?fit=1200%2C803&ssl=1&resize=350%2C200","width":350,"height":200,"srcset":"https:\/\/i0.wp.com\/vsf64.fr\/wp-content\/uploads\/2017\/09\/P1080399-1600x1200.jpg?fit=1200%2C803&ssl=1&resize=350%2C200 1x, https:\/\/i0.wp.com\/vsf64.fr\/wp-content\/uploads\/2017\/09\/P1080399-1600x1200.jpg?fit=1200%2C803&ssl=1&resize=525%2C300 1.5x, https:\/\/i0.wp.com\/vsf64.fr\/wp-content\/uploads\/2017\/09\/P1080399-1600x1200.jpg?fit=1200%2C803&ssl=1&resize=700%2C400 2x, https:\/\/i0.wp.com\/vsf64.fr\/wp-content\/uploads\/2017\/09\/P1080399-1600x1200.jpg?fit=1200%2C803&ssl=1&resize=1050%2C600 3x"},"classes":[]},{"id":591,"url":"https:\/\/vsf64.fr\/index.php\/2018\/09\/30\/week-end-yoga-de-lenergie\/","url_meta":{"origin":1780,"position":3},"title":"Week-end Yoga de l&rsquo;\u00c9nergie","author":"maria64","date":"30 septembre 2018","format":false,"excerpt":"Ensemble pour Villages Sans Fronti\u00e8res Ce week-end a \u00e9t\u00e9 riche, rempli de bien-\u00eatre et d'\u00e9changes autour du stage de yoga organis\u00e9 par Eva. La pr\u00e9sence exceptionnelle de Eliane-Claire Thiercelin nous a beaucoup apport\u00e9 et nous sommes ravis de temps de partage du coeur. Tous les participants, y compris le soleil,\u2026","rel":"","context":"Dans &quot;Actions&quot;","block_context":{"text":"Actions","link":"https:\/\/vsf64.fr\/index.php\/category\/actions\/"},"img":{"alt_text":"Stage yoga E. C. Thiercelin","src":"https:\/\/i0.wp.com\/vsf64.fr\/wp-content\/uploads\/2018\/09\/DSC00983.bis-Copier.jpg?fit=1200%2C900&ssl=1&resize=350%2C200","width":350,"height":200,"srcset":"https:\/\/i0.wp.com\/vsf64.fr\/wp-content\/uploads\/2018\/09\/DSC00983.bis-Copier.jpg?fit=1200%2C900&ssl=1&resize=350%2C200 1x, https:\/\/i0.wp.com\/vsf64.fr\/wp-content\/uploads\/2018\/09\/DSC00983.bis-Copier.jpg?fit=1200%2C900&ssl=1&resize=525%2C300 1.5x, https:\/\/i0.wp.com\/vsf64.fr\/wp-content\/uploads\/2018\/09\/DSC00983.bis-Copier.jpg?fit=1200%2C900&ssl=1&resize=700%2C400 2x, https:\/\/i0.wp.com\/vsf64.fr\/wp-content\/uploads\/2018\/09\/DSC00983.bis-Copier.jpg?fit=1200%2C900&ssl=1&resize=1050%2C600 3x"},"classes":[]},{"id":1664,"url":"https:\/\/vsf64.fr\/index.php\/2024\/09\/04\/vsf-fete-ses-40-ans\/","url_meta":{"origin":1780,"position":4},"title":"VSF f\u00eate ses 40 ans !","author":"maria64","date":"4 septembre 2024","format":false,"excerpt":"Un bel anniversaire Nous f\u00eatons cette ann\u00e9e les 40 ans d'existence de notre association qui a \u00e9t\u00e9 donc cr\u00e9\u00e9e en 1984 par ses fondateurs Guy et Greet Barth\u00e9lemy. Les \"petites mains\" de Villages Sans Fronti\u00e8res se sont d\u00e9j\u00e0 r\u00e9unies plusieurs fois pour d\u00e9corer et \u00e9tiqueter les tr\u00e8s nombreux pots de\u2026","rel":"","context":"Dans &quot;Non class\u00e9&quot;","block_context":{"text":"Non class\u00e9","link":"https:\/\/vsf64.fr\/index.php\/category\/non-classe\/"},"img":{"alt_text":"","src":"https:\/\/i0.wp.com\/vsf64.fr\/wp-content\/uploads\/2024\/09\/pub-FB-pour-artisans-.jpg?resize=350%2C200&ssl=1","width":350,"height":200,"srcset":"https:\/\/i0.wp.com\/vsf64.fr\/wp-content\/uploads\/2024\/09\/pub-FB-pour-artisans-.jpg?resize=350%2C200&ssl=1 1x, https:\/\/i0.wp.com\/vsf64.fr\/wp-content\/uploads\/2024\/09\/pub-FB-pour-artisans-.jpg?resize=525%2C300&ssl=1 1.5x"},"classes":[]},{"id":576,"url":"https:\/\/vsf64.fr\/index.php\/2018\/09\/15\/manifestation-reussie\/","url_meta":{"origin":1780,"position":5},"title":"Manifestation r\u00e9ussie !","author":"maria64","date":"15 septembre 2018","format":false,"excerpt":"Le week-end du 8 et 9 septembre 2018 une partie des membres de \"Villages Sans Fronti\u00e8res\" s'\u00e9tait mobilis\u00e9e pour tenir le stand durant la F\u00eate du Sel de Salies-de-B\u00e9arn. Nous proposions \u00e0 la vente des Soli'Sacs, des bijoux cr\u00e9\u00e9s ou recycl\u00e9s, des biscuits et g\u00e2teaux, des stylos rigolos (fabriqu\u00e9s en\u2026","rel":"","context":"Dans &quot;Actions&quot;","block_context":{"text":"Actions","link":"https:\/\/vsf64.fr\/index.php\/category\/actions\/"},"img":{"alt_text":"Stand VSF F\u00eate du Sel 2018","src":"https:\/\/i0.wp.com\/vsf64.fr\/wp-content\/uploads\/2018\/09\/FETE-DU-SEL-2018.jpg?fit=1200%2C899&ssl=1&resize=350%2C200","width":350,"height":200,"srcset":"https:\/\/i0.wp.com\/vsf64.fr\/wp-content\/uploads\/2018\/09\/FETE-DU-SEL-2018.jpg?fit=1200%2C899&ssl=1&resize=350%2C200 1x, https:\/\/i0.wp.com\/vsf64.fr\/wp-content\/uploads\/2018\/09\/FETE-DU-SEL-2018.jpg?fit=1200%2C899&ssl=1&resize=525%2C300 1.5x, https:\/\/i0.wp.com\/vsf64.fr\/wp-content\/uploads\/2018\/09\/FETE-DU-SEL-2018.jpg?fit=1200%2C899&ssl=1&resize=700%2C400 2x, https:\/\/i0.wp.com\/vsf64.fr\/wp-content\/uploads\/2018\/09\/FETE-DU-SEL-2018.jpg?fit=1200%2C899&ssl=1&resize=1050%2C600 3x"},"classes":[]}],"_links":{"self":[{"href":"https:\/\/vsf64.fr\/index.php\/wp-json\/wp\/v2\/posts\/1780","targetHints":{"allow":["GET"]}}],"collection":[{"href":"https:\/\/vsf64.fr\/index.php\/wp-json\/wp\/v2\/posts"}],"about":[{"href":"https:\/\/vsf64.fr\/index.php\/wp-json\/wp\/v2\/types\/post"}],"author":[{"embeddable":true,"href":"https:\/\/vsf64.fr\/index.php\/wp-json\/wp\/v2\/users\/1"}],"replies":[{"embeddable":true,"href":"https:\/\/vsf64.fr\/index.php\/wp-json\/wp\/v2\/comments?post=1780"}],"version-history":[{"count":3,"href":"https:\/\/vsf64.fr\/index.php\/wp-json\/wp\/v2\/posts\/1780\/revisions"}],"predecessor-version":[{"id":1785,"href":"https:\/\/vsf64.fr\/index.php\/wp-json\/wp\/v2\/posts\/1780\/revisions\/1785"}],"wp:attachment":[{"href":"https:\/\/vsf64.fr\/index.php\/wp-json\/wp\/v2\/media?parent=1780"}],"wp:term":[{"taxonomy":"category","embeddable":true,"href":"https:\/\/vsf64.fr\/index.php\/wp-json\/wp\/v2\/categories?post=1780"},{"taxonomy":"post_tag","embeddable":true,"href":"https:\/\/vsf64.fr\/index.php\/wp-json\/wp\/v2\/tags?post=1780"}],"curies":[{"name":"wp","href":"https:\/\/api.w.org\/{rel}","templated":true}]}}