{"id":1768,"date":"2025-07-28T14:36:54","date_gmt":"2025-07-28T13:36:54","guid":{"rendered":"https:\/\/vsf64.fr\/?p=1768"},"modified":"2025-07-28T15:20:05","modified_gmt":"2025-07-28T14:20:05","slug":"que-sest-il-passe-recemment","status":"publish","type":"post","link":"https:\/\/vsf64.fr\/index.php\/2025\/07\/28\/que-sest-il-passe-recemment\/","title":{"rendered":"Que s&rsquo;est-il pass\u00e9 r\u00e9cemment ?"},"content":{"rendered":"\n<h2 style=\"text-align: center;\" data-start=\"51\" data-end=\"85\"><span style=\"text-decoration: underline; color: #ff6600;\">Premier semestre 2025<\/span><\/h2>\n<p data-start=\"87\" data-end=\"180\">Les membres de VSF ont continu\u00e9 \u00e0 \u0153uvrer activement depuis le march\u00e9 de No\u00ebl en d\u00e9cembre 2024 \u00e0 Salies.<\/p>\n<p data-start=\"182\" data-end=\"347\">Au d\u00e9but de l&rsquo;ann\u00e9e, une mission en Inde a permis de faire le point sur les diff\u00e9rents projets en cours, offrant ainsi une vision claire des avanc\u00e9es sur le terrain.<\/p>\n<p data-start=\"349\" data-end=\"458\">Par la suite, l&rsquo;Assembl\u00e9e G\u00e9n\u00e9rale a r\u00e9uni une grande partie des membres pour faire le bilan de l&rsquo;ann\u00e9e 2024.<\/p>\n<p data-start=\"460\" data-end=\"561\">De plus, gr\u00e2ce \u00e0 Jean-Fran\u00e7ois et \u00e0 M. Lavielle, un article a \u00e9t\u00e9 publi\u00e9 dans le <em data-start=\"524\" data-end=\"560\">Journal La R\u00e9publique des Pyr\u00e9n\u00e9es<\/em>. Merci !<\/p>\n<p data-start=\"460\" data-end=\"561\"><a href=\"https:\/\/i0.wp.com\/vsf64.fr\/wp-content\/uploads\/2025\/07\/1753706868268-scaled-e1753709343942.jpg?ssl=1\" data-rel=\"lightbox-image-0\" data-rl_title=\"\" data-rl_caption=\"\" title=\"\"><img data-recalc-dims=\"1\" fetchpriority=\"high\" decoding=\"async\" data-attachment-id=\"1769\" data-permalink=\"https:\/\/vsf64.fr\/index.php\/2025\/07\/28\/que-sest-il-passe-recemment\/attachment\/1753706868268\/\" data-orig-file=\"https:\/\/i0.wp.com\/vsf64.fr\/wp-content\/uploads\/2025\/07\/1753706868268-scaled-e1753709343942.jpg?fit=1262%2C2560&amp;ssl=1\" data-orig-size=\"1262,2560\" data-comments-opened=\"0\" data-image-meta=\"{&quot;aperture&quot;:&quot;0&quot;,&quot;credit&quot;:&quot;&quot;,&quot;camera&quot;:&quot;&quot;,&quot;caption&quot;:&quot;&quot;,&quot;created_timestamp&quot;:&quot;0&quot;,&quot;copyright&quot;:&quot;&quot;,&quot;focal_length&quot;:&quot;0&quot;,&quot;iso&quot;:&quot;0&quot;,&quot;shutter_speed&quot;:&quot;0&quot;,&quot;title&quot;:&quot;&quot;,&quot;orientation&quot;:&quot;1&quot;}\" data-image-title=\"Article La R\u00e9p 2025\" data-image-description=\"\" data-image-caption=\"\" data-large-file=\"https:\/\/i0.wp.com\/vsf64.fr\/wp-content\/uploads\/2025\/07\/1753706868268-scaled-e1753709343942.jpg?fit=505%2C1024&amp;ssl=1\" class=\"aligncenter wp-image-1769 size-full\" src=\"https:\/\/i0.wp.com\/vsf64.fr\/wp-content\/uploads\/2025\/07\/1753706868268-scaled-e1753709343942.jpg?resize=640%2C1298&#038;ssl=1\" alt=\"\" width=\"640\" height=\"1298\" srcset=\"https:\/\/i0.wp.com\/vsf64.fr\/wp-content\/uploads\/2025\/07\/1753706868268-scaled-e1753709343942.jpg?w=1262&amp;ssl=1 1262w, https:\/\/i0.wp.com\/vsf64.fr\/wp-content\/uploads\/2025\/07\/1753706868268-scaled-e1753709343942.jpg?resize=148%2C300&amp;ssl=1 148w, https:\/\/i0.wp.com\/vsf64.fr\/wp-content\/uploads\/2025\/07\/1753706868268-scaled-e1753709343942.jpg?resize=505%2C1024&amp;ssl=1 505w, https:\/\/i0.wp.com\/vsf64.fr\/wp-content\/uploads\/2025\/07\/1753706868268-scaled-e1753709343942.jpg?resize=768%2C1558&amp;ssl=1 768w, https:\/\/i0.wp.com\/vsf64.fr\/wp-content\/uploads\/2025\/07\/1753706868268-scaled-e1753709343942.jpg?resize=757%2C1536&amp;ssl=1 757w, https:\/\/i0.wp.com\/vsf64.fr\/wp-content\/uploads\/2025\/07\/1753706868268-scaled-e1753709343942.jpg?resize=1010%2C2048&amp;ssl=1 1010w\" sizes=\"(max-width: 640px) 100vw, 640px\" \/><\/a><\/p>\n\n\n","protected":false},"excerpt":{"rendered":"<p>Premier semestre 2025 Les membres de VSF ont continu\u00e9 \u00e0 \u0153uvrer activement depuis le march\u00e9 de No\u00ebl en d\u00e9cembre 2024 \u00e0 Salies. Au d\u00e9but de l&rsquo;ann\u00e9e, une mission en Inde a permis de faire le point sur les diff\u00e9rents projets &hellip; <a href=\"https:\/\/vsf64.fr\/index.php\/2025\/07\/28\/que-sest-il-passe-recemment\/\">Continuer la lecture <span class=\"meta-nav\">&rarr;<\/span><\/a><\/p>\n","protected":false},"author":1,"featured_media":0,"comment_status":"closed","ping_status":"closed","sticky":false,"template":"","format":"standard","meta":{"jetpack_post_was_ever_published":false,"_jetpack_newsletter_access":"","_jetpack_dont_email_post_to_subs":false,"_jetpack_newsletter_tier_id":0,"_jetpack_memberships_contains_paywalled_content":false,"_jetpack_memberships_contains_paid_content":false,"footnotes":"","jetpack_publicize_message":"","jetpack_publicize_feature_enabled":true,"jetpack_social_post_already_shared":true,"jetpack_social_options":{"image_generator_settings":{"template":"highway","default_image_id":0,"font":"","enabled":false},"version":2}},"categories":[22,64],"tags":[58,41,33,34,20,9,63,36,24],"class_list":["post-1768","post","type-post","status-publish","format-standard","hentry","category-officiel","category-presse","tag-actions","tag-article","tag-assemblee-generale","tag-bilan","tag-humanitaire","tag-inde","tag-la-republique-des-pyrenees","tag-presse","tag-villages-sans-frontieres"],"jetpack_publicize_connections":[],"jetpack_featured_media_url":"","jetpack_sharing_enabled":true,"jetpack_shortlink":"https:\/\/wp.me\/p8Gxst-sw","jetpack-related-posts":[{"id":1611,"url":"https:\/\/vsf64.fr\/index.php\/2024\/04\/27\/notre-assemblee-generale-a-eu-lieu\/","url_meta":{"origin":1768,"position":0},"title":"Notre Assembl\u00e9e G\u00e9n\u00e9rale a eu lieu","author":"maria64","date":"27 avril 2024","format":false,"excerpt":"Le bilan de l'ann\u00e9e 2023 Comme le d\u00e9crit si bien Jean-Fran\u00e7ois dans l'article ci-dessous, l'ann\u00e9e 2023 a \u00e9t\u00e9 active, pour Villages Sans Fronti\u00e8res et ses membres.","rel":"","context":"Dans &quot;Non class\u00e9&quot;","block_context":{"text":"Non class\u00e9","link":"https:\/\/vsf64.fr\/index.php\/category\/non-classe\/"},"img":{"alt_text":"","src":"https:\/\/i0.wp.com\/vsf64.fr\/wp-content\/uploads\/2024\/04\/Article-la-Rep-suite-AG-Copier.png?resize=350%2C200&ssl=1","width":350,"height":200,"srcset":"https:\/\/i0.wp.com\/vsf64.fr\/wp-content\/uploads\/2024\/04\/Article-la-Rep-suite-AG-Copier.png?resize=350%2C200&ssl=1 1x, https:\/\/i0.wp.com\/vsf64.fr\/wp-content\/uploads\/2024\/04\/Article-la-Rep-suite-AG-Copier.png?resize=525%2C300&ssl=1 1.5x"},"classes":[]},{"id":1072,"url":"https:\/\/vsf64.fr\/index.php\/2021\/05\/13\/suite-a-lassemblee-generale-bilan-moral-2020\/","url_meta":{"origin":1768,"position":1},"title":"Suite \u00e0 l&rsquo;Assembl\u00e9e G\u00e9n\u00e9rale &#8211; Bilan moral 2020","author":"maria64","date":"13 mai 2021","format":false,"excerpt":"Assembl\u00e9e G\u00e9n\u00e9rale 2021 Comme de nombreuses associations cette ann\u00e9e, nous avons eu recours \u00e0 la visioconf\u00e9rence pour la tenue de notre assembl\u00e9e g\u00e9n\u00e9rale de l'ann\u00e9e 2020.Voici le bilan moral qui a \u00e9t\u00e9 pr\u00e9sent\u00e9 :Mission Inde\u00a0:2 membres de Villages Sans Fronti\u00e8res (VSF) sont all\u00e9s en Inde en f\u00e9vrier 2020.Dans un premier\u2026","rel":"","context":"Dans &quot;Non class\u00e9&quot;","block_context":{"text":"Non class\u00e9","link":"https:\/\/vsf64.fr\/index.php\/category\/non-classe\/"},"img":{"alt_text":"","src":"https:\/\/i0.wp.com\/vsf64.fr\/wp-content\/uploads\/2021\/05\/AG-extra-flou.jpg?fit=1200%2C639&ssl=1&resize=350%2C200","width":350,"height":200,"srcset":"https:\/\/i0.wp.com\/vsf64.fr\/wp-content\/uploads\/2021\/05\/AG-extra-flou.jpg?fit=1200%2C639&ssl=1&resize=350%2C200 1x, https:\/\/i0.wp.com\/vsf64.fr\/wp-content\/uploads\/2021\/05\/AG-extra-flou.jpg?fit=1200%2C639&ssl=1&resize=525%2C300 1.5x, https:\/\/i0.wp.com\/vsf64.fr\/wp-content\/uploads\/2021\/05\/AG-extra-flou.jpg?fit=1200%2C639&ssl=1&resize=700%2C400 2x, https:\/\/i0.wp.com\/vsf64.fr\/wp-content\/uploads\/2021\/05\/AG-extra-flou.jpg?fit=1200%2C639&ssl=1&resize=1050%2C600 3x"},"classes":[]},{"id":507,"url":"https:\/\/vsf64.fr\/index.php\/2018\/04\/10\/assemblee-generale-2018\/","url_meta":{"origin":1768,"position":2},"title":"Assembl\u00e9e G\u00e9n\u00e9rale 2018","author":"maria64","date":"10 avril 2018","format":false,"excerpt":"Bilan de l'ann\u00e9e 2017 L'Assembl\u00e9e G\u00e9n\u00e9rale de notre association aura lieu samedi 21 avril 2018 au si\u00e8ge social. Nous pourrons faire le bilan de l'ann\u00e9e \u00e9coul\u00e9e, voir des photos de la derni\u00e8re mission en Inde et envisager les prochaines actions pour 2018. Merci de confirmer votre pr\u00e9sence (afin de pr\u00e9voir\u2026","rel":"","context":"Dans &quot;Officiel&quot;","block_context":{"text":"Officiel","link":"https:\/\/vsf64.fr\/index.php\/category\/officiel\/"},"img":{"alt_text":"AG2018 copie","src":"https:\/\/i0.wp.com\/vsf64.fr\/wp-content\/uploads\/2018\/04\/AG2018-copie.jpg?resize=350%2C200","width":350,"height":200,"srcset":"https:\/\/i0.wp.com\/vsf64.fr\/wp-content\/uploads\/2018\/04\/AG2018-copie.jpg?resize=350%2C200 1x, https:\/\/i0.wp.com\/vsf64.fr\/wp-content\/uploads\/2018\/04\/AG2018-copie.jpg?resize=525%2C300 1.5x, https:\/\/i0.wp.com\/vsf64.fr\/wp-content\/uploads\/2018\/04\/AG2018-copie.jpg?resize=700%2C400 2x"},"classes":[]},{"id":524,"url":"https:\/\/vsf64.fr\/index.php\/2018\/04\/25\/les-membres-de-villages-sans-frontieres-se-sont-reunis\/","url_meta":{"origin":1768,"position":3},"title":"Les membres de Villages sans fronti\u00e8res se sont r\u00e9unis","author":"maria64","date":"25 avril 2018","format":false,"excerpt":"\u00a0 L\u2019assembl\u00e9e g\u00e9n\u00e9rale de Villages\u00a0Sans Fronti\u00e8res a eu lieu samedi 21 avril au si\u00e8ge de l\u2019association. Une vingtaine de membres de Salies et des alentours est venue \u00e9couter la pr\u00e9sentation de Maria, pr\u00e9sidente, de Pascal, tr\u00e9sorier et d\u2019Irina, secr\u00e9taire. Irina a d\u2019abord pr\u00e9sent\u00e9 les actions 2017 de l\u2019association, qui ont\u2026","rel":"","context":"Dans &quot;Officiel&quot;","block_context":{"text":"Officiel","link":"https:\/\/vsf64.fr\/index.php\/category\/officiel\/"},"img":{"alt_text":"AG","src":"https:\/\/i0.wp.com\/vsf64.fr\/wp-content\/uploads\/2018\/04\/P1110176-Copier.jpg?fit=1200%2C900&ssl=1&resize=350%2C200","width":350,"height":200,"srcset":"https:\/\/i0.wp.com\/vsf64.fr\/wp-content\/uploads\/2018\/04\/P1110176-Copier.jpg?fit=1200%2C900&ssl=1&resize=350%2C200 1x, https:\/\/i0.wp.com\/vsf64.fr\/wp-content\/uploads\/2018\/04\/P1110176-Copier.jpg?fit=1200%2C900&ssl=1&resize=525%2C300 1.5x, https:\/\/i0.wp.com\/vsf64.fr\/wp-content\/uploads\/2018\/04\/P1110176-Copier.jpg?fit=1200%2C900&ssl=1&resize=700%2C400 2x, https:\/\/i0.wp.com\/vsf64.fr\/wp-content\/uploads\/2018\/04\/P1110176-Copier.jpg?fit=1200%2C900&ssl=1&resize=1050%2C600 3x"},"classes":[]},{"id":539,"url":"https:\/\/vsf64.fr\/index.php\/2018\/04\/28\/dans-la-presse-la-republique-des-pyrenees\/","url_meta":{"origin":1768,"position":4},"title":"Dans la presse &#8211; La R\u00e9publique des Pyr\u00e9n\u00e9es","author":"maria64","date":"28 avril 2018","format":false,"excerpt":"Merci Jean-Fran\u00e7ois !","rel":"","context":"Dans &quot;Non class\u00e9&quot;","block_context":{"text":"Non class\u00e9","link":"https:\/\/vsf64.fr\/index.php\/category\/non-classe\/"},"img":{"alt_text":"Presse","src":"https:\/\/i0.wp.com\/vsf64.fr\/wp-content\/uploads\/2018\/04\/La-Rep-28-04-18bis-Copier.jpg?fit=1200%2C1036&ssl=1&resize=350%2C200","width":350,"height":200,"srcset":"https:\/\/i0.wp.com\/vsf64.fr\/wp-content\/uploads\/2018\/04\/La-Rep-28-04-18bis-Copier.jpg?fit=1200%2C1036&ssl=1&resize=350%2C200 1x, https:\/\/i0.wp.com\/vsf64.fr\/wp-content\/uploads\/2018\/04\/La-Rep-28-04-18bis-Copier.jpg?fit=1200%2C1036&ssl=1&resize=525%2C300 1.5x, https:\/\/i0.wp.com\/vsf64.fr\/wp-content\/uploads\/2018\/04\/La-Rep-28-04-18bis-Copier.jpg?fit=1200%2C1036&ssl=1&resize=700%2C400 2x, https:\/\/i0.wp.com\/vsf64.fr\/wp-content\/uploads\/2018\/04\/La-Rep-28-04-18bis-Copier.jpg?fit=1200%2C1036&ssl=1&resize=1050%2C600 3x"},"classes":[]},{"id":1289,"url":"https:\/\/vsf64.fr\/index.php\/2022\/04\/09\/bilan-sur-lannee-2021\/","url_meta":{"origin":1768,"position":5},"title":"Bilan sur l&rsquo;ann\u00e9e 2021","author":"maria64","date":"9 avril 2022","format":false,"excerpt":"Suite \u00e0 notre Assembl\u00e9e G\u00e9n\u00e9rale, voici un r\u00e9sum\u00e9 de ce qui s'est d\u00e9roul\u00e9 en 2021, dans le cadre de notre association :\u00a0 Etant donn\u00e9 les conditions sanitaires particuli\u00e8res li\u00e9es au Covid 19, nos actions ont \u00e9t\u00e9 frein\u00e9es aussi bien en Inde qu\u2019en France. Non r\u00e9alis\u00e9es ou seulement partiellement, en raison\u2026","rel":"","context":"Dans &quot;Non class\u00e9&quot;","block_context":{"text":"Non class\u00e9","link":"https:\/\/vsf64.fr\/index.php\/category\/non-classe\/"},"img":{"alt_text":"","src":"https:\/\/i0.wp.com\/vsf64.fr\/wp-content\/uploads\/2015\/11\/Logo-VSF3-1024x1024.jpg?resize=350%2C200","width":350,"height":200,"srcset":"https:\/\/i0.wp.com\/vsf64.fr\/wp-content\/uploads\/2015\/11\/Logo-VSF3-1024x1024.jpg?resize=350%2C200 1x, https:\/\/i0.wp.com\/vsf64.fr\/wp-content\/uploads\/2015\/11\/Logo-VSF3-1024x1024.jpg?resize=525%2C300 1.5x"},"classes":[]}],"_links":{"self":[{"href":"https:\/\/vsf64.fr\/index.php\/wp-json\/wp\/v2\/posts\/1768","targetHints":{"allow":["GET"]}}],"collection":[{"href":"https:\/\/vsf64.fr\/index.php\/wp-json\/wp\/v2\/posts"}],"about":[{"href":"https:\/\/vsf64.fr\/index.php\/wp-json\/wp\/v2\/types\/post"}],"author":[{"embeddable":true,"href":"https:\/\/vsf64.fr\/index.php\/wp-json\/wp\/v2\/users\/1"}],"replies":[{"embeddable":true,"href":"https:\/\/vsf64.fr\/index.php\/wp-json\/wp\/v2\/comments?post=1768"}],"version-history":[{"count":5,"href":"https:\/\/vsf64.fr\/index.php\/wp-json\/wp\/v2\/posts\/1768\/revisions"}],"predecessor-version":[{"id":1774,"href":"https:\/\/vsf64.fr\/index.php\/wp-json\/wp\/v2\/posts\/1768\/revisions\/1774"}],"wp:attachment":[{"href":"https:\/\/vsf64.fr\/index.php\/wp-json\/wp\/v2\/media?parent=1768"}],"wp:term":[{"taxonomy":"category","embeddable":true,"href":"https:\/\/vsf64.fr\/index.php\/wp-json\/wp\/v2\/categories?post=1768"},{"taxonomy":"post_tag","embeddable":true,"href":"https:\/\/vsf64.fr\/index.php\/wp-json\/wp\/v2\/tags?post=1768"}],"curies":[{"name":"wp","href":"https:\/\/api.w.org\/{rel}","templated":true}]}}