{"id":1734,"date":"2024-12-09T20:08:03","date_gmt":"2024-12-09T19:08:03","guid":{"rendered":"https:\/\/vsf64.fr\/?p=1734"},"modified":"2024-12-09T20:08:03","modified_gmt":"2024-12-09T19:08:03","slug":"la-solidarite-une-maniere-de-vivre","status":"publish","type":"post","link":"https:\/\/vsf64.fr\/index.php\/2024\/12\/09\/la-solidarite-une-maniere-de-vivre\/","title":{"rendered":"La solidarit\u00e9, une mani\u00e8re de vivre"},"content":{"rendered":"\n<h2 style=\"text-align: center;\"><span style=\"text-decoration: underline; color: #ff6600;\">Festisol<\/span><\/h2>\n<p>Villages Sans Fronti\u00e8res a particip\u00e9 cette ann\u00e9e \u00e0 Festisol &#8211; Salies. C&rsquo;est un \u00e9v\u00e9nement fran\u00e7ais annuel de sensibilisation \u00e0 la solidarit\u00e9 internationale et au d\u00e9veloppement durable. Organis\u00e9 chaque troisi\u00e8me semaine de novembre depuis 1998, le festival est coordonn\u00e9 par le <a class=\"mw-redirect\" title=\"Centre de recherche et d\u2019information pour le d\u00e9veloppement\" href=\"https:\/\/fr.wikipedia.org\/wiki\/Centre_de_recherche_et_d%E2%80%99information_pour_le_d%C3%A9veloppement\">Centre de recherche et d&rsquo;information pour le d\u00e9veloppement.<\/a><\/p>\n<p><a href=\"https:\/\/i0.wp.com\/vsf64.fr\/wp-content\/uploads\/2024\/12\/Article-presse-scaled.jpg?ssl=1\" data-rel=\"lightbox-image-0\" data-rl_title=\"\" data-rl_caption=\"\" title=\"\"><img data-recalc-dims=\"1\" fetchpriority=\"high\" decoding=\"async\" data-attachment-id=\"1737\" data-permalink=\"https:\/\/vsf64.fr\/index.php\/2024\/12\/09\/la-solidarite-une-maniere-de-vivre\/article-presse\/\" data-orig-file=\"https:\/\/i0.wp.com\/vsf64.fr\/wp-content\/uploads\/2024\/12\/Article-presse-scaled.jpg?fit=2560%2C1834&amp;ssl=1\" data-orig-size=\"2560,1834\" data-comments-opened=\"0\" data-image-meta=\"{&quot;aperture&quot;:&quot;0&quot;,&quot;credit&quot;:&quot;&quot;,&quot;camera&quot;:&quot;&quot;,&quot;caption&quot;:&quot;&quot;,&quot;created_timestamp&quot;:&quot;0&quot;,&quot;copyright&quot;:&quot;&quot;,&quot;focal_length&quot;:&quot;0&quot;,&quot;iso&quot;:&quot;0&quot;,&quot;shutter_speed&quot;:&quot;0&quot;,&quot;title&quot;:&quot;&quot;,&quot;orientation&quot;:&quot;0&quot;}\" data-image-title=\"Article presse\" data-image-description=\"\" data-image-caption=\"\" data-large-file=\"https:\/\/i0.wp.com\/vsf64.fr\/wp-content\/uploads\/2024\/12\/Article-presse-scaled.jpg?fit=640%2C458&amp;ssl=1\" class=\"aligncenter size-large wp-image-1737\" src=\"https:\/\/i0.wp.com\/vsf64.fr\/wp-content\/uploads\/2024\/12\/Article-presse.jpg?resize=640%2C458&#038;ssl=1\" alt=\"\" width=\"640\" height=\"458\" srcset=\"https:\/\/i0.wp.com\/vsf64.fr\/wp-content\/uploads\/2024\/12\/Article-presse-scaled.jpg?resize=1024%2C733&amp;ssl=1 1024w, https:\/\/i0.wp.com\/vsf64.fr\/wp-content\/uploads\/2024\/12\/Article-presse-scaled.jpg?resize=300%2C215&amp;ssl=1 300w, https:\/\/i0.wp.com\/vsf64.fr\/wp-content\/uploads\/2024\/12\/Article-presse-scaled.jpg?resize=768%2C550&amp;ssl=1 768w, https:\/\/i0.wp.com\/vsf64.fr\/wp-content\/uploads\/2024\/12\/Article-presse-scaled.jpg?resize=1536%2C1100&amp;ssl=1 1536w, https:\/\/i0.wp.com\/vsf64.fr\/wp-content\/uploads\/2024\/12\/Article-presse-scaled.jpg?resize=2048%2C1467&amp;ssl=1 2048w, https:\/\/i0.wp.com\/vsf64.fr\/wp-content\/uploads\/2024\/12\/Article-presse-scaled.jpg?w=1280&amp;ssl=1 1280w, https:\/\/i0.wp.com\/vsf64.fr\/wp-content\/uploads\/2024\/12\/Article-presse-scaled.jpg?w=1920&amp;ssl=1 1920w\" sizes=\"(max-width: 640px) 100vw, 640px\" \/><\/a><\/p>\n<p><a href=\"https:\/\/i0.wp.com\/vsf64.fr\/wp-content\/uploads\/2024\/12\/468547739_122127106316552507_8949883866701772166_n.jpg?ssl=1\" data-rel=\"lightbox-image-1\" data-rl_title=\"\" data-rl_caption=\"\" title=\"\"><img data-recalc-dims=\"1\" decoding=\"async\" data-attachment-id=\"1736\" data-permalink=\"https:\/\/vsf64.fr\/index.php\/2024\/12\/09\/la-solidarite-une-maniere-de-vivre\/468547739_122127106316552507_8949883866701772166_n\/\" data-orig-file=\"https:\/\/i0.wp.com\/vsf64.fr\/wp-content\/uploads\/2024\/12\/468547739_122127106316552507_8949883866701772166_n.jpg?fit=1599%2C1599&amp;ssl=1\" data-orig-size=\"1599,1599\" data-comments-opened=\"0\" data-image-meta=\"{&quot;aperture&quot;:&quot;0&quot;,&quot;credit&quot;:&quot;&quot;,&quot;camera&quot;:&quot;&quot;,&quot;caption&quot;:&quot;&quot;,&quot;created_timestamp&quot;:&quot;0&quot;,&quot;copyright&quot;:&quot;&quot;,&quot;focal_length&quot;:&quot;0&quot;,&quot;iso&quot;:&quot;0&quot;,&quot;shutter_speed&quot;:&quot;0&quot;,&quot;title&quot;:&quot;&quot;,&quot;orientation&quot;:&quot;0&quot;}\" data-image-title=\"468547739_122127106316552507_8949883866701772166_n\" data-image-description=\"\" data-image-caption=\"\" data-large-file=\"https:\/\/i0.wp.com\/vsf64.fr\/wp-content\/uploads\/2024\/12\/468547739_122127106316552507_8949883866701772166_n.jpg?fit=640%2C640&amp;ssl=1\" class=\"aligncenter size-large wp-image-1736\" src=\"https:\/\/i0.wp.com\/vsf64.fr\/wp-content\/uploads\/2024\/12\/468547739_122127106316552507_8949883866701772166_n.jpg?resize=640%2C640&#038;ssl=1\" alt=\"\" width=\"640\" height=\"640\" srcset=\"https:\/\/i0.wp.com\/vsf64.fr\/wp-content\/uploads\/2024\/12\/468547739_122127106316552507_8949883866701772166_n.jpg?resize=1024%2C1024&amp;ssl=1 1024w, https:\/\/i0.wp.com\/vsf64.fr\/wp-content\/uploads\/2024\/12\/468547739_122127106316552507_8949883866701772166_n.jpg?resize=300%2C300&amp;ssl=1 300w, https:\/\/i0.wp.com\/vsf64.fr\/wp-content\/uploads\/2024\/12\/468547739_122127106316552507_8949883866701772166_n.jpg?resize=150%2C150&amp;ssl=1 150w, https:\/\/i0.wp.com\/vsf64.fr\/wp-content\/uploads\/2024\/12\/468547739_122127106316552507_8949883866701772166_n.jpg?resize=768%2C768&amp;ssl=1 768w, https:\/\/i0.wp.com\/vsf64.fr\/wp-content\/uploads\/2024\/12\/468547739_122127106316552507_8949883866701772166_n.jpg?resize=1536%2C1536&amp;ssl=1 1536w, https:\/\/i0.wp.com\/vsf64.fr\/wp-content\/uploads\/2024\/12\/468547739_122127106316552507_8949883866701772166_n.jpg?w=1599&amp;ssl=1 1599w, https:\/\/i0.wp.com\/vsf64.fr\/wp-content\/uploads\/2024\/12\/468547739_122127106316552507_8949883866701772166_n.jpg?w=1280&amp;ssl=1 1280w\" sizes=\"(max-width: 640px) 100vw, 640px\" \/><\/a>Notre participation a consist\u00e9 \u00e0 animer un jeu avec 16 cases, contenant des questions sous forme de QR codes qu&rsquo;il fallait d\u00e9crypter \u00e0 l&rsquo;aide d&rsquo;une tablette.<\/p>\n<p>Les questions portaient sur le th\u00e8me de l&rsquo;ann\u00e9e, \u00e0 savoir \u00ab\u00a0<strong>Environnement et droits des peuples\u00a0\u00bb.<\/strong><\/p>\n<p>Exemples de quelques questions \u00e0 choix multiples :<\/p>\n<ul>\n<li>\n<p><span style=\"font-family: Calibri, sans-serif; color: #0000ff;\"><span style=\"font-size: large;\"><b>Quel est le pays en Afrique qui a perdu beaucoup de ses for\u00eats parce qu&rsquo;il cultive beaucoup de cacao ?<\/b><\/span><\/span><\/p>\n<ol>\n<li>\n<p><span style=\"color: #0000ff;\"><span style=\"font-family: Calibri, sans-serif;\"><span style=\"font-size: large;\">La Mauritanie<\/span><\/span><\/span><\/p>\n<\/li>\n<li>\n<p><span style=\"color: #0000ff;\"><span style=\"font-family: Calibri, sans-serif;\"><span style=\"font-size: large;\">Le S\u00e9n\u00e9gal<\/span><\/span><\/span><\/p>\n<\/li>\n<li>\n<p><span style=\"color: #0000ff;\"><span style=\"font-family: Calibri, sans-serif;\"><span style=\"font-size: large;\">La C\u00f4te d\u2019Ivoire<\/span><\/span><\/span><\/p>\n<\/li>\n<li>\n<p><span style=\"color: #0000ff;\"><span style=\"font-family: Calibri, sans-serif;\"><span style=\"font-size: large;\">Le Togo<\/span><\/span><\/span><\/p>\n<\/li>\n<\/ol>\n<\/li>\n<li>\n<p><span style=\"color: #800080;\"><strong><span style=\"font-family: Calibri, sans-serif;\"><span style=\"font-size: large;\">Quel est le principal document international qui reconna\u00eet les droits des peuples autochtones ?<\/span><\/span><\/strong><\/span><\/p>\n<p><span style=\"font-family: Calibri, sans-serif; color: #800080;\"><span style=\"font-size: large;\">a. La D\u00e9claration universelle des droits de l&rsquo;homme<\/span><\/span><\/p>\n<p><span style=\"color: #800080;\"><span style=\"font-family: Calibri, sans-serif;\"><span style=\"font-size: large;\">b. La Convention relative aux droits de l&rsquo;enfant<\/span><\/span><\/span><\/p>\n<p><span style=\"font-family: Calibri, sans-serif; color: #800080;\"><span style=\"font-size: large;\">c. La D\u00e9claration des Nations Unies sur les droits des peuples autochtones<\/span><\/span><\/p>\n<p><span style=\"font-family: Calibri, sans-serif; color: #800080;\"><span style=\"font-size: large;\">d. Le Pacte international relatif aux droits civils et politiques<\/span><\/span><\/p>\n<\/li>\n<\/ul>\n<p>ou encore :<\/p>\n<ul>\n<li>\n<p><span style=\"font-family: Calibri, sans-serif; color: #008000;\"><span style=\"font-size: large;\"><b>Les femmes ont-elles obtenu le droit de vote en France avant ou apr\u00e8s la sortie de <i>Blanche-Neige et les Sept Nains<\/i> ?\u00a0<\/b><\/span><\/span><\/p>\n<\/li>\n<\/ul>\n<p>\u00a0<\/p>\n<p>\u00a0<\/p>\n\n\n","protected":false},"excerpt":{"rendered":"<p>Festisol Villages Sans Fronti\u00e8res a particip\u00e9 cette ann\u00e9e \u00e0 Festisol &#8211; Salies. C&rsquo;est un \u00e9v\u00e9nement fran\u00e7ais annuel de sensibilisation \u00e0 la solidarit\u00e9 internationale et au d\u00e9veloppement durable. Organis\u00e9 chaque troisi\u00e8me semaine de novembre depuis 1998, le festival est coordonn\u00e9 par &hellip; <a href=\"https:\/\/vsf64.fr\/index.php\/2024\/12\/09\/la-solidarite-une-maniere-de-vivre\/\">Continuer la lecture <span class=\"meta-nav\">&rarr;<\/span><\/a><\/p>\n","protected":false},"author":1,"featured_media":0,"comment_status":"closed","ping_status":"closed","sticky":false,"template":"","format":"standard","meta":{"jetpack_post_was_ever_published":false,"_jetpack_newsletter_access":"","_jetpack_dont_email_post_to_subs":false,"_jetpack_newsletter_tier_id":0,"_jetpack_memberships_contains_paywalled_content":false,"_jetpack_memberships_contains_paid_content":false,"footnotes":"","jetpack_publicize_message":"","jetpack_publicize_feature_enabled":true,"jetpack_social_post_already_shared":true,"jetpack_social_options":{"image_generator_settings":{"template":"highway","default_image_id":0,"font":"","enabled":false},"version":2}},"categories":[1],"tags":[60,62,61],"class_list":["post-1734","post","type-post","status-publish","format-standard","hentry","category-non-classe","tag-action","tag-festisol","tag-participation"],"jetpack_publicize_connections":[],"jetpack_featured_media_url":"","jetpack_sharing_enabled":true,"jetpack_shortlink":"https:\/\/wp.me\/p8Gxst-rY","jetpack-related-posts":[{"id":583,"url":"https:\/\/vsf64.fr\/index.php\/2018\/09\/14\/reflexologie-et-solidarite\/","url_meta":{"origin":1734,"position":0},"title":"R\u00e9flexologie et solidarit\u00e9","author":"maria64","date":"14 septembre 2018","format":false,"excerpt":"Sofia, r\u00e9flexologue professionnelle et membre de VSF, propose des s\u00e9ances de bien-\u00eatre et de soins gr\u00e2ce \u00e0 la r\u00e9flexologie. Prix exceptionnel pour d\u00e9couvrir les bienfaits de cette technique.","rel":"","context":"Dans &quot;Actions&quot;","block_context":{"text":"Actions","link":"https:\/\/vsf64.fr\/index.php\/category\/actions\/"},"img":{"alt_text":"Semaine mondiale r\u00e9flexologie 2018","src":"https:\/\/i0.wp.com\/vsf64.fr\/wp-content\/uploads\/2018\/09\/FB_IMG_1536606186261.jpg?resize=350%2C200","width":350,"height":200,"srcset":"https:\/\/i0.wp.com\/vsf64.fr\/wp-content\/uploads\/2018\/09\/FB_IMG_1536606186261.jpg?resize=350%2C200 1x, https:\/\/i0.wp.com\/vsf64.fr\/wp-content\/uploads\/2018\/09\/FB_IMG_1536606186261.jpg?resize=525%2C300 1.5x, https:\/\/i0.wp.com\/vsf64.fr\/wp-content\/uploads\/2018\/09\/FB_IMG_1536606186261.jpg?resize=700%2C400 2x"},"classes":[]},{"id":735,"url":"https:\/\/vsf64.fr\/index.php\/2020\/03\/18\/solidarite-ici-et-ailleurs\/","url_meta":{"origin":1734,"position":1},"title":"Solidarit\u00e9 ici et ailleurs","author":"maria64","date":"18 mars 2020","format":false,"excerpt":"En ces temps troubl\u00e9s, il est plus que jamais d'actualit\u00e9 de faire preuve de solidarit\u00e9 les uns envers les autres. Durant l'ann\u00e9e nous nous mobilisons en France pour apporter notre soutien en Inde pour la scolarisation d'enfants d\u00e9munis, pour des coop\u00e9ratives f\u00e9minines et pour la protection animale. Notre r\u00e9cente mission\u2026","rel":"","context":"Dans &quot;R\u00e9flexions&quot;","block_context":{"text":"R\u00e9flexions","link":"https:\/\/vsf64.fr\/index.php\/category\/reflexions\/"},"img":{"alt_text":"","src":"https:\/\/i0.wp.com\/vsf64.fr\/wp-content\/uploads\/2020\/03\/IMG_20200217_161208-Copier.jpg?fit=676%2C1200&ssl=1&resize=350%2C200","width":350,"height":200,"srcset":"https:\/\/i0.wp.com\/vsf64.fr\/wp-content\/uploads\/2020\/03\/IMG_20200217_161208-Copier.jpg?fit=676%2C1200&ssl=1&resize=350%2C200 1x, https:\/\/i0.wp.com\/vsf64.fr\/wp-content\/uploads\/2020\/03\/IMG_20200217_161208-Copier.jpg?fit=676%2C1200&ssl=1&resize=525%2C300 1.5x"},"classes":[]},{"id":1787,"url":"https:\/\/vsf64.fr\/index.php\/2025\/09\/16\/nous-etions-a-la-fete-du-sel\/","url_meta":{"origin":1734,"position":2},"title":"Nous \u00e9tions \u00e0 la F\u00eate du Sel !","author":"maria64","date":"16 septembre 2025","format":false,"excerpt":"Une belle ambiance ! (Diaporama de notre stand sous le texte) Ce samedi 13 et dimanche 14 septembre 2025, les membres de Villages Sans Fronti\u00e8res se sont retrouv\u00e9s \u00e0 Salies-de-B\u00e9arn, charmante cit\u00e9 thermale, \u00e0 l\u2019occasion de la traditionnelle F\u00eate du Sel. Dans les ruelles pittoresques du centre-ville, une ambiance chaleureuse\u2026","rel":"","context":"Dans &quot;Actions&quot;","block_context":{"text":"Actions","link":"https:\/\/vsf64.fr\/index.php\/category\/actions\/"},"img":{"alt_text":"","src":"","width":0,"height":0},"classes":[]},{"id":265,"url":"https:\/\/vsf64.fr\/index.php\/2016\/01\/06\/nouvelle-annee-nouveaux-projets\/","url_meta":{"origin":1734,"position":3},"title":"Nouvelle ann\u00e9e &#8211; nouveaux projets","author":"maria64","date":"6 janvier 2016","format":false,"excerpt":"Bonne Ann\u00e9e 2016 ! Une nouvelle page s'ouvre... La vie est un livre merveilleux ! Que 2016 apporte beaucoup de paix, de bonheur et de solidarit\u00e9. Pour l'association Villages Sans Fronti\u00e8res l'ann\u00e9e va commencer avec une mission en Inde qui d\u00e9butera le 24 janvier. Maria et Pascal vont aller rencontrer\u2026","rel":"","context":"Dans &quot;Non class\u00e9&quot;","block_context":{"text":"Non class\u00e9","link":"https:\/\/vsf64.fr\/index.php\/category\/non-classe\/"},"img":{"alt_text":"Bonne Ann\u00e9e 2016","src":"https:\/\/i0.wp.com\/vsf64.fr\/wp-content\/uploads\/2016\/01\/Happy-New-Year-2016-300x169.jpg?resize=350%2C200","width":350,"height":200},"classes":[]},{"id":446,"url":"https:\/\/vsf64.fr\/index.php\/2017\/04\/25\/danser-pour-villages-sans-frontieres\/","url_meta":{"origin":1734,"position":4},"title":"Danser pour Villages Sans Fronti\u00e8res","author":"maria64","date":"25 avril 2017","format":false,"excerpt":"Danse, danse, danse... Invit\u00e9s par Th\u00e9r\u00e8se, l'organisatrice de cette soir\u00e9e, les nombreux danseurs ont \u00e9volu\u00e9 avec beaucoup de plaisir sur les deux pistes de danse du bar \"Le Pingouin Alternatif\" (Arthez-de-B\u00e9arn). Soir\u00e9e tr\u00e8s r\u00e9ussie ! La recette servira \u00e0 financer des actions soutenues par notre association en Inde. Merci \u00e0\u2026","rel":"","context":"Dans &quot;Actions&quot;","block_context":{"text":"Actions","link":"https:\/\/vsf64.fr\/index.php\/category\/actions\/"},"img":{"alt_text":"soir\u00e9e danse 22-04-17","src":"https:\/\/i0.wp.com\/vsf64.fr\/wp-content\/uploads\/2017\/04\/DSC09274bis-1600x1200.jpg?fit=1200%2C900&ssl=1&resize=350%2C200","width":350,"height":200,"srcset":"https:\/\/i0.wp.com\/vsf64.fr\/wp-content\/uploads\/2017\/04\/DSC09274bis-1600x1200.jpg?fit=1200%2C900&ssl=1&resize=350%2C200 1x, https:\/\/i0.wp.com\/vsf64.fr\/wp-content\/uploads\/2017\/04\/DSC09274bis-1600x1200.jpg?fit=1200%2C900&ssl=1&resize=525%2C300 1.5x, https:\/\/i0.wp.com\/vsf64.fr\/wp-content\/uploads\/2017\/04\/DSC09274bis-1600x1200.jpg?fit=1200%2C900&ssl=1&resize=700%2C400 2x, https:\/\/i0.wp.com\/vsf64.fr\/wp-content\/uploads\/2017\/04\/DSC09274bis-1600x1200.jpg?fit=1200%2C900&ssl=1&resize=1050%2C600 3x"},"classes":[]},{"id":324,"url":"https:\/\/vsf64.fr\/index.php\/2016\/07\/04\/miel-solidaire\/","url_meta":{"origin":1734,"position":5},"title":"Miel solidaire","author":"maria64","date":"4 juillet 2016","format":false,"excerpt":"Le miel nouveau est arriv\u00e9 ! Des pots de miel de printemps * sont vendus au profit des actions de Villages Sans Fronti\u00e8res. Les sommes r\u00e9colt\u00e9es serviront \u00e0 financer des projets apicoles en Inde. Passez vos commandes en nous contactant par e-mail ou t\u00e9l\u00e9phone (coordonn\u00e9es dans la rubrique \"contact\") *\u2026","rel":"","context":"Dans &quot;Actions&quot;","block_context":{"text":"Actions","link":"https:\/\/vsf64.fr\/index.php\/category\/actions\/"},"img":{"alt_text":"miel 2016","src":"https:\/\/i0.wp.com\/vsf64.fr\/wp-content\/uploads\/2016\/07\/miel.jpg?fit=700%2C700&ssl=1&resize=350%2C200","width":350,"height":200,"srcset":"https:\/\/i0.wp.com\/vsf64.fr\/wp-content\/uploads\/2016\/07\/miel.jpg?fit=700%2C700&ssl=1&resize=350%2C200 1x, https:\/\/i0.wp.com\/vsf64.fr\/wp-content\/uploads\/2016\/07\/miel.jpg?fit=700%2C700&ssl=1&resize=525%2C300 1.5x, https:\/\/i0.wp.com\/vsf64.fr\/wp-content\/uploads\/2016\/07\/miel.jpg?fit=700%2C700&ssl=1&resize=700%2C400 2x"},"classes":[]}],"_links":{"self":[{"href":"https:\/\/vsf64.fr\/index.php\/wp-json\/wp\/v2\/posts\/1734","targetHints":{"allow":["GET"]}}],"collection":[{"href":"https:\/\/vsf64.fr\/index.php\/wp-json\/wp\/v2\/posts"}],"about":[{"href":"https:\/\/vsf64.fr\/index.php\/wp-json\/wp\/v2\/types\/post"}],"author":[{"embeddable":true,"href":"https:\/\/vsf64.fr\/index.php\/wp-json\/wp\/v2\/users\/1"}],"replies":[{"embeddable":true,"href":"https:\/\/vsf64.fr\/index.php\/wp-json\/wp\/v2\/comments?post=1734"}],"version-history":[{"count":3,"href":"https:\/\/vsf64.fr\/index.php\/wp-json\/wp\/v2\/posts\/1734\/revisions"}],"predecessor-version":[{"id":1739,"href":"https:\/\/vsf64.fr\/index.php\/wp-json\/wp\/v2\/posts\/1734\/revisions\/1739"}],"wp:attachment":[{"href":"https:\/\/vsf64.fr\/index.php\/wp-json\/wp\/v2\/media?parent=1734"}],"wp:term":[{"taxonomy":"category","embeddable":true,"href":"https:\/\/vsf64.fr\/index.php\/wp-json\/wp\/v2\/categories?post=1734"},{"taxonomy":"post_tag","embeddable":true,"href":"https:\/\/vsf64.fr\/index.php\/wp-json\/wp\/v2\/tags?post=1734"}],"curies":[{"name":"wp","href":"https:\/\/api.w.org\/{rel}","templated":true}]}}