{"id":1679,"date":"2024-09-19T15:31:48","date_gmt":"2024-09-19T14:31:48","guid":{"rendered":"https:\/\/vsf64.fr\/?p=1679"},"modified":"2024-09-19T15:31:48","modified_gmt":"2024-09-19T14:31:48","slug":"bilan-de-la-participation-a-la-fete-du-sel","status":"publish","type":"post","link":"https:\/\/vsf64.fr\/index.php\/2024\/09\/19\/bilan-de-la-participation-a-la-fete-du-sel\/","title":{"rendered":"Bilan de la participation \u00e0 la F\u00eate du Sel"},"content":{"rendered":"\n<h3 style=\"text-align: center;\"><span style=\"text-decoration: underline; color: #008000;\"><strong>Un grand succ\u00e8s !<\/strong><\/span><\/h3>\n<p><a href=\"https:\/\/i0.wp.com\/vsf64.fr\/wp-content\/uploads\/2024\/09\/Fete-du-Sel-2024-1.jpeg?ssl=1\" data-rel=\"lightbox-image-0\" data-rl_title=\"\" data-rl_caption=\"\" title=\"\"><img data-recalc-dims=\"1\" fetchpriority=\"high\" decoding=\"async\" data-attachment-id=\"1685\" data-permalink=\"https:\/\/vsf64.fr\/index.php\/2024\/09\/19\/bilan-de-la-participation-a-la-fete-du-sel\/fete-du-sel-2024-1\/\" data-orig-file=\"https:\/\/i0.wp.com\/vsf64.fr\/wp-content\/uploads\/2024\/09\/Fete-du-Sel-2024-1.jpeg?fit=800%2C676&amp;ssl=1\" data-orig-size=\"800,676\" data-comments-opened=\"0\" data-image-meta=\"{&quot;aperture&quot;:&quot;0&quot;,&quot;credit&quot;:&quot;&quot;,&quot;camera&quot;:&quot;&quot;,&quot;caption&quot;:&quot;&quot;,&quot;created_timestamp&quot;:&quot;0&quot;,&quot;copyright&quot;:&quot;&quot;,&quot;focal_length&quot;:&quot;0&quot;,&quot;iso&quot;:&quot;0&quot;,&quot;shutter_speed&quot;:&quot;0&quot;,&quot;title&quot;:&quot;&quot;,&quot;orientation&quot;:&quot;0&quot;}\" data-image-title=\"F\u00eate du Sel 2024 (1)\" data-image-description=\"\" data-image-caption=\"\" data-large-file=\"https:\/\/i0.wp.com\/vsf64.fr\/wp-content\/uploads\/2024\/09\/Fete-du-Sel-2024-1.jpeg?fit=640%2C541&amp;ssl=1\" class=\"aligncenter size-medium wp-image-1685\" src=\"https:\/\/i0.wp.com\/vsf64.fr\/wp-content\/uploads\/2024\/09\/Fete-du-Sel-2024-1.jpeg?resize=300%2C254&#038;ssl=1\" alt=\"\" width=\"300\" height=\"254\" srcset=\"https:\/\/i0.wp.com\/vsf64.fr\/wp-content\/uploads\/2024\/09\/Fete-du-Sel-2024-1.jpeg?resize=300%2C254&amp;ssl=1 300w, https:\/\/i0.wp.com\/vsf64.fr\/wp-content\/uploads\/2024\/09\/Fete-du-Sel-2024-1.jpeg?resize=768%2C649&amp;ssl=1 768w, https:\/\/i0.wp.com\/vsf64.fr\/wp-content\/uploads\/2024\/09\/Fete-du-Sel-2024-1.jpeg?w=800&amp;ssl=1 800w\" sizes=\"(max-width: 300px) 100vw, 300px\" \/><\/a>Cette ann\u00e9e encore, notre association a particip\u00e9 \u00e0 la traditionnelle F\u00eate du Sel de Salies-de-B\u00e9arn (organis\u00e9e par la Jurade du Sel), et notre stand a \u00e9t\u00e9 anim\u00e9 par une belle \u00e9quipe de b\u00e9n\u00e9voles motiv\u00e9s. Leur \u00e9nergie communicative et leurs sourires ont permis d&rsquo;accueillir de nombreux clients et sympathisants, dont certains \u00e9taient curieux de d\u00e9couvrir nos projets humanitaires. Cette ann\u00e9e nous avons partag\u00e9 notre stand avec le Comit\u00e9 de Jumelage Salies-Sabou (Burkina Faso), association amie et &#8230; locale !<a href=\"https:\/\/i0.wp.com\/vsf64.fr\/wp-content\/uploads\/2024\/09\/Fete-du-Sel-2024-10.jpg?ssl=1\" data-rel=\"lightbox-image-1\" data-rl_title=\"\" data-rl_caption=\"\" title=\"\"><img data-recalc-dims=\"1\" decoding=\"async\" data-attachment-id=\"1696\" data-permalink=\"https:\/\/vsf64.fr\/index.php\/2024\/09\/19\/bilan-de-la-participation-a-la-fete-du-sel\/fete-du-sel-2024-10\/\" data-orig-file=\"https:\/\/i0.wp.com\/vsf64.fr\/wp-content\/uploads\/2024\/09\/Fete-du-Sel-2024-10.jpg?fit=800%2C599&amp;ssl=1\" data-orig-size=\"800,599\" data-comments-opened=\"0\" data-image-meta=\"{&quot;aperture&quot;:&quot;1.89&quot;,&quot;credit&quot;:&quot;&quot;,&quot;camera&quot;:&quot;Redmi Note 9 Pro&quot;,&quot;caption&quot;:&quot;&quot;,&quot;created_timestamp&quot;:&quot;1726393762&quot;,&quot;copyright&quot;:&quot;&quot;,&quot;focal_length&quot;:&quot;5.43&quot;,&quot;iso&quot;:&quot;100&quot;,&quot;shutter_speed&quot;:&quot;0.0036630036630037&quot;,&quot;title&quot;:&quot;&quot;,&quot;orientation&quot;:&quot;1&quot;}\" data-image-title=\"F\u00eate du Sel 2024 (10)\" data-image-description=\"\" data-image-caption=\"\" data-large-file=\"https:\/\/i0.wp.com\/vsf64.fr\/wp-content\/uploads\/2024\/09\/Fete-du-Sel-2024-10.jpg?fit=640%2C479&amp;ssl=1\" class=\"aligncenter size-medium wp-image-1696\" src=\"https:\/\/i0.wp.com\/vsf64.fr\/wp-content\/uploads\/2024\/09\/Fete-du-Sel-2024-10.jpg?resize=300%2C225&#038;ssl=1\" alt=\"\" width=\"300\" height=\"225\" srcset=\"https:\/\/i0.wp.com\/vsf64.fr\/wp-content\/uploads\/2024\/09\/Fete-du-Sel-2024-10.jpg?resize=300%2C225&amp;ssl=1 300w, https:\/\/i0.wp.com\/vsf64.fr\/wp-content\/uploads\/2024\/09\/Fete-du-Sel-2024-10.jpg?resize=768%2C575&amp;ssl=1 768w, https:\/\/i0.wp.com\/vsf64.fr\/wp-content\/uploads\/2024\/09\/Fete-du-Sel-2024-10.jpg?w=800&amp;ssl=1 800w\" sizes=\"(max-width: 300px) 100vw, 300px\" \/><\/a>Gr\u00e2ce \u00e0 l&rsquo;affluence et \u00e0 l&rsquo;engagement de tous les b\u00e9n\u00e9voles, nous avons largement d\u00e9pass\u00e9 les ventes de l&rsquo;ann\u00e9e pr\u00e9c\u00e9dente. Un grand merci \u00e0 tous ceux qui ont contribu\u00e9 \u00e0 ce succ\u00e8s !<\/p>\n<p><a href=\"https:\/\/i0.wp.com\/vsf64.fr\/wp-content\/uploads\/2024\/09\/Fete-du-Sel-2024-2.jpg?ssl=1\" data-rel=\"lightbox-image-2\" data-rl_title=\"\" data-rl_caption=\"\" title=\"\"><img data-recalc-dims=\"1\" decoding=\"async\" data-attachment-id=\"1688\" data-permalink=\"https:\/\/vsf64.fr\/index.php\/2024\/09\/19\/bilan-de-la-participation-a-la-fete-du-sel\/fete-du-sel-2024-2-2\/\" data-orig-file=\"https:\/\/i0.wp.com\/vsf64.fr\/wp-content\/uploads\/2024\/09\/Fete-du-Sel-2024-2.jpg?fit=800%2C599&amp;ssl=1\" data-orig-size=\"800,599\" data-comments-opened=\"0\" data-image-meta=\"{&quot;aperture&quot;:&quot;1.89&quot;,&quot;credit&quot;:&quot;&quot;,&quot;camera&quot;:&quot;Redmi Note 9 Pro&quot;,&quot;caption&quot;:&quot;&quot;,&quot;created_timestamp&quot;:&quot;1726314518&quot;,&quot;copyright&quot;:&quot;&quot;,&quot;focal_length&quot;:&quot;5.43&quot;,&quot;iso&quot;:&quot;100&quot;,&quot;shutter_speed&quot;:&quot;0.0018587360594796&quot;,&quot;title&quot;:&quot;&quot;,&quot;orientation&quot;:&quot;1&quot;}\" data-image-title=\"F\u00eate du Sel 2024 (2)\" data-image-description=\"\" data-image-caption=\"\" data-large-file=\"https:\/\/i0.wp.com\/vsf64.fr\/wp-content\/uploads\/2024\/09\/Fete-du-Sel-2024-2.jpg?fit=640%2C479&amp;ssl=1\" class=\"size-medium wp-image-1688 alignleft\" src=\"https:\/\/i0.wp.com\/vsf64.fr\/wp-content\/uploads\/2024\/09\/Fete-du-Sel-2024-2.jpg?resize=300%2C225&#038;ssl=1\" alt=\"\" width=\"300\" height=\"225\" srcset=\"https:\/\/i0.wp.com\/vsf64.fr\/wp-content\/uploads\/2024\/09\/Fete-du-Sel-2024-2.jpg?resize=300%2C225&amp;ssl=1 300w, https:\/\/i0.wp.com\/vsf64.fr\/wp-content\/uploads\/2024\/09\/Fete-du-Sel-2024-2.jpg?resize=768%2C575&amp;ssl=1 768w, https:\/\/i0.wp.com\/vsf64.fr\/wp-content\/uploads\/2024\/09\/Fete-du-Sel-2024-2.jpg?w=800&amp;ssl=1 800w\" sizes=\"(max-width: 300px) 100vw, 300px\" \/><\/a><a href=\"https:\/\/i0.wp.com\/vsf64.fr\/wp-content\/uploads\/2024\/09\/Fete-du-Sel-2024-2.jpeg?ssl=1\" data-rel=\"lightbox-image-3\" data-rl_title=\"\" data-rl_caption=\"\" title=\"\"><img data-recalc-dims=\"1\" loading=\"lazy\" decoding=\"async\" data-attachment-id=\"1687\" data-permalink=\"https:\/\/vsf64.fr\/index.php\/2024\/09\/19\/bilan-de-la-participation-a-la-fete-du-sel\/fete-du-sel-2024-2\/\" data-orig-file=\"https:\/\/i0.wp.com\/vsf64.fr\/wp-content\/uploads\/2024\/09\/Fete-du-Sel-2024-2.jpeg?fit=800%2C800&amp;ssl=1\" data-orig-size=\"800,800\" data-comments-opened=\"0\" data-image-meta=\"{&quot;aperture&quot;:&quot;0&quot;,&quot;credit&quot;:&quot;&quot;,&quot;camera&quot;:&quot;&quot;,&quot;caption&quot;:&quot;&quot;,&quot;created_timestamp&quot;:&quot;0&quot;,&quot;copyright&quot;:&quot;&quot;,&quot;focal_length&quot;:&quot;0&quot;,&quot;iso&quot;:&quot;0&quot;,&quot;shutter_speed&quot;:&quot;0&quot;,&quot;title&quot;:&quot;&quot;,&quot;orientation&quot;:&quot;0&quot;}\" data-image-title=\"F\u00eate du Sel 2024 (2)\" data-image-description=\"\" data-image-caption=\"\" data-large-file=\"https:\/\/i0.wp.com\/vsf64.fr\/wp-content\/uploads\/2024\/09\/Fete-du-Sel-2024-2.jpeg?fit=640%2C640&amp;ssl=1\" class=\" wp-image-1687 alignnone\" src=\"https:\/\/i0.wp.com\/vsf64.fr\/wp-content\/uploads\/2024\/09\/Fete-du-Sel-2024-2.jpeg?resize=243%2C243&#038;ssl=1\" alt=\"\" width=\"243\" height=\"243\" srcset=\"https:\/\/i0.wp.com\/vsf64.fr\/wp-content\/uploads\/2024\/09\/Fete-du-Sel-2024-2.jpeg?resize=300%2C300&amp;ssl=1 300w, https:\/\/i0.wp.com\/vsf64.fr\/wp-content\/uploads\/2024\/09\/Fete-du-Sel-2024-2.jpeg?resize=150%2C150&amp;ssl=1 150w, https:\/\/i0.wp.com\/vsf64.fr\/wp-content\/uploads\/2024\/09\/Fete-du-Sel-2024-2.jpeg?resize=768%2C768&amp;ssl=1 768w, https:\/\/i0.wp.com\/vsf64.fr\/wp-content\/uploads\/2024\/09\/Fete-du-Sel-2024-2.jpeg?w=800&amp;ssl=1 800w\" sizes=\"(max-width: 243px) 100vw, 243px\" \/><\/a><a href=\"https:\/\/i0.wp.com\/vsf64.fr\/wp-content\/uploads\/2024\/09\/Fete-du-Sel-2024-13.jpg?ssl=1\" data-rel=\"lightbox-image-4\" data-rl_title=\"\" data-rl_caption=\"\" title=\"\"><img data-recalc-dims=\"1\" loading=\"lazy\" decoding=\"async\" data-attachment-id=\"1699\" data-permalink=\"https:\/\/vsf64.fr\/index.php\/2024\/09\/19\/bilan-de-la-participation-a-la-fete-du-sel\/fete-du-sel-2024-13\/\" data-orig-file=\"https:\/\/i0.wp.com\/vsf64.fr\/wp-content\/uploads\/2024\/09\/Fete-du-Sel-2024-13.jpg?fit=800%2C599&amp;ssl=1\" data-orig-size=\"800,599\" data-comments-opened=\"0\" data-image-meta=\"{&quot;aperture&quot;:&quot;1.89&quot;,&quot;credit&quot;:&quot;&quot;,&quot;camera&quot;:&quot;Redmi Note 9 Pro&quot;,&quot;caption&quot;:&quot;&quot;,&quot;created_timestamp&quot;:&quot;1726394103&quot;,&quot;copyright&quot;:&quot;&quot;,&quot;focal_length&quot;:&quot;5.43&quot;,&quot;iso&quot;:&quot;100&quot;,&quot;shutter_speed&quot;:&quot;0.0028901734104046&quot;,&quot;title&quot;:&quot;&quot;,&quot;orientation&quot;:&quot;1&quot;}\" data-image-title=\"F\u00eate du Sel 2024 (13)\" data-image-description=\"\" data-image-caption=\"\" data-large-file=\"https:\/\/i0.wp.com\/vsf64.fr\/wp-content\/uploads\/2024\/09\/Fete-du-Sel-2024-13.jpg?fit=640%2C479&amp;ssl=1\" class=\"aligncenter size-medium wp-image-1699\" src=\"https:\/\/i0.wp.com\/vsf64.fr\/wp-content\/uploads\/2024\/09\/Fete-du-Sel-2024-13.jpg?resize=300%2C225&#038;ssl=1\" alt=\"\" width=\"300\" height=\"225\" srcset=\"https:\/\/i0.wp.com\/vsf64.fr\/wp-content\/uploads\/2024\/09\/Fete-du-Sel-2024-13.jpg?resize=300%2C225&amp;ssl=1 300w, https:\/\/i0.wp.com\/vsf64.fr\/wp-content\/uploads\/2024\/09\/Fete-du-Sel-2024-13.jpg?resize=768%2C575&amp;ssl=1 768w, https:\/\/i0.wp.com\/vsf64.fr\/wp-content\/uploads\/2024\/09\/Fete-du-Sel-2024-13.jpg?w=800&amp;ssl=1 800w\" sizes=\"(max-width: 300px) 100vw, 300px\" \/><\/a><\/p>\n<p>Pour marquer les 40 ans de l&rsquo;association, nous avons organis\u00e9 une tombola sp\u00e9ciale. Les lots, compos\u00e9s des articles que nous proposons habituellement \u00e0 la vente, ont suscit\u00e9 un vif int\u00e9r\u00eat. Le tirage, r\u00e9alis\u00e9 par deux enfants (sous l&rsquo;\u0153il bienveillant de notre mascotte &#8211; le mannequin d\u00e9guis\u00e9 en sorci\u00e8re), a permis de faire dix heureux gagnants, apportant une touche de joie et de convivialit\u00e9 suppl\u00e9mentaire \u00e0 l&rsquo;\u00e9v\u00e9nement.<\/p>\n<p><a href=\"https:\/\/i0.wp.com\/vsf64.fr\/wp-content\/uploads\/2024\/09\/Fete-du-Sel-2024-11.jpg?ssl=1\" data-rel=\"lightbox-image-5\" data-rl_title=\"\" data-rl_caption=\"\" title=\"\"><img data-recalc-dims=\"1\" loading=\"lazy\" decoding=\"async\" data-attachment-id=\"1697\" data-permalink=\"https:\/\/vsf64.fr\/index.php\/2024\/09\/19\/bilan-de-la-participation-a-la-fete-du-sel\/fete-du-sel-2024-11\/\" data-orig-file=\"https:\/\/i0.wp.com\/vsf64.fr\/wp-content\/uploads\/2024\/09\/Fete-du-Sel-2024-11.jpg?fit=800%2C599&amp;ssl=1\" data-orig-size=\"800,599\" data-comments-opened=\"0\" data-image-meta=\"{&quot;aperture&quot;:&quot;1.89&quot;,&quot;credit&quot;:&quot;&quot;,&quot;camera&quot;:&quot;Redmi Note 9 Pro&quot;,&quot;caption&quot;:&quot;&quot;,&quot;created_timestamp&quot;:&quot;1726393773&quot;,&quot;copyright&quot;:&quot;&quot;,&quot;focal_length&quot;:&quot;5.43&quot;,&quot;iso&quot;:&quot;100&quot;,&quot;shutter_speed&quot;:&quot;0.0019723865877712&quot;,&quot;title&quot;:&quot;&quot;,&quot;orientation&quot;:&quot;1&quot;}\" data-image-title=\"F\u00eate du Sel 2024 (11)\" data-image-description=\"\" data-image-caption=\"\" data-large-file=\"https:\/\/i0.wp.com\/vsf64.fr\/wp-content\/uploads\/2024\/09\/Fete-du-Sel-2024-11.jpg?fit=640%2C479&amp;ssl=1\" class=\"size-medium wp-image-1697 alignnone\" src=\"https:\/\/i0.wp.com\/vsf64.fr\/wp-content\/uploads\/2024\/09\/Fete-du-Sel-2024-11.jpg?resize=300%2C225&#038;ssl=1\" alt=\"\" width=\"300\" height=\"225\" srcset=\"https:\/\/i0.wp.com\/vsf64.fr\/wp-content\/uploads\/2024\/09\/Fete-du-Sel-2024-11.jpg?resize=300%2C225&amp;ssl=1 300w, https:\/\/i0.wp.com\/vsf64.fr\/wp-content\/uploads\/2024\/09\/Fete-du-Sel-2024-11.jpg?resize=768%2C575&amp;ssl=1 768w, https:\/\/i0.wp.com\/vsf64.fr\/wp-content\/uploads\/2024\/09\/Fete-du-Sel-2024-11.jpg?w=800&amp;ssl=1 800w\" sizes=\"(max-width: 300px) 100vw, 300px\" \/><\/a><a href=\"https:\/\/i0.wp.com\/vsf64.fr\/wp-content\/uploads\/2024\/09\/Fete-du-Sel-2024-4.jpg?ssl=1\" data-rel=\"lightbox-image-6\" data-rl_title=\"\" data-rl_caption=\"\" title=\"\"><img data-recalc-dims=\"1\" loading=\"lazy\" decoding=\"async\" data-attachment-id=\"1690\" data-permalink=\"https:\/\/vsf64.fr\/index.php\/2024\/09\/19\/bilan-de-la-participation-a-la-fete-du-sel\/fete-du-sel-2024-4\/\" data-orig-file=\"https:\/\/i0.wp.com\/vsf64.fr\/wp-content\/uploads\/2024\/09\/Fete-du-Sel-2024-4.jpg?fit=589%2C478&amp;ssl=1\" data-orig-size=\"589,478\" data-comments-opened=\"0\" data-image-meta=\"{&quot;aperture&quot;:&quot;1.89&quot;,&quot;credit&quot;:&quot;Picasa&quot;,&quot;camera&quot;:&quot;Redmi Note 9 Pro&quot;,&quot;caption&quot;:&quot;&quot;,&quot;created_timestamp&quot;:&quot;1726314613&quot;,&quot;copyright&quot;:&quot;&quot;,&quot;focal_length&quot;:&quot;5.43&quot;,&quot;iso&quot;:&quot;100&quot;,&quot;shutter_speed&quot;:&quot;0.00038774718883288&quot;,&quot;title&quot;:&quot;&quot;,&quot;orientation&quot;:&quot;0&quot;}\" data-image-title=\"F\u00eate du Sel 2024 (4)\" data-image-description=\"\" data-image-caption=\"\" data-large-file=\"https:\/\/i0.wp.com\/vsf64.fr\/wp-content\/uploads\/2024\/09\/Fete-du-Sel-2024-4.jpg?fit=589%2C478&amp;ssl=1\" class=\" wp-image-1690 alignleft\" src=\"https:\/\/i0.wp.com\/vsf64.fr\/wp-content\/uploads\/2024\/09\/Fete-du-Sel-2024-4.jpg?resize=269%2C218&#038;ssl=1\" alt=\"\" width=\"269\" height=\"218\" srcset=\"https:\/\/i0.wp.com\/vsf64.fr\/wp-content\/uploads\/2024\/09\/Fete-du-Sel-2024-4.jpg?resize=300%2C243&amp;ssl=1 300w, https:\/\/i0.wp.com\/vsf64.fr\/wp-content\/uploads\/2024\/09\/Fete-du-Sel-2024-4.jpg?w=589&amp;ssl=1 589w\" sizes=\"(max-width: 269px) 100vw, 269px\" \/><\/a><\/p>\n<p>Nous tenons \u00e0 remercier chaleureusement tous les participants, ainsi que les b\u00e9n\u00e9voles, sans qui cet \u00e9v\u00e9nement n&rsquo;aurait pas \u00e9t\u00e9 aussi r\u00e9ussi. Ensemble, nous avons fait de cette \u00e9dition de la F\u00eate du Sel un moment fort pour l&rsquo;association !<\/p>\n<p><a href=\"https:\/\/i0.wp.com\/vsf64.fr\/wp-content\/uploads\/2024\/09\/Fete-du-Sel-2024-9.jpg?ssl=1\" data-rel=\"lightbox-image-7\" data-rl_title=\"\" data-rl_caption=\"\" title=\"\"><img data-recalc-dims=\"1\" loading=\"lazy\" decoding=\"async\" data-attachment-id=\"1695\" data-permalink=\"https:\/\/vsf64.fr\/index.php\/2024\/09\/19\/bilan-de-la-participation-a-la-fete-du-sel\/fete-du-sel-2024-9\/\" data-orig-file=\"https:\/\/i0.wp.com\/vsf64.fr\/wp-content\/uploads\/2024\/09\/Fete-du-Sel-2024-9.jpg?fit=599%2C800&amp;ssl=1\" data-orig-size=\"599,800\" data-comments-opened=\"0\" data-image-meta=\"{&quot;aperture&quot;:&quot;1.89&quot;,&quot;credit&quot;:&quot;Picasa&quot;,&quot;camera&quot;:&quot;Redmi Note 9 Pro&quot;,&quot;caption&quot;:&quot;&quot;,&quot;created_timestamp&quot;:&quot;1726393742&quot;,&quot;copyright&quot;:&quot;&quot;,&quot;focal_length&quot;:&quot;5.43&quot;,&quot;iso&quot;:&quot;100&quot;,&quot;shutter_speed&quot;:&quot;0.0022522522522523&quot;,&quot;title&quot;:&quot;&quot;,&quot;orientation&quot;:&quot;0&quot;}\" data-image-title=\"F\u00eate du Sel 2024 (9)\" data-image-description=\"\" data-image-caption=\"\" data-large-file=\"https:\/\/i0.wp.com\/vsf64.fr\/wp-content\/uploads\/2024\/09\/Fete-du-Sel-2024-9.jpg?fit=599%2C800&amp;ssl=1\" class=\"size-medium wp-image-1695 alignleft\" src=\"https:\/\/i0.wp.com\/vsf64.fr\/wp-content\/uploads\/2024\/09\/Fete-du-Sel-2024-9.jpg?resize=225%2C300&#038;ssl=1\" alt=\"\" width=\"225\" height=\"300\" srcset=\"https:\/\/i0.wp.com\/vsf64.fr\/wp-content\/uploads\/2024\/09\/Fete-du-Sel-2024-9.jpg?resize=225%2C300&amp;ssl=1 225w, https:\/\/i0.wp.com\/vsf64.fr\/wp-content\/uploads\/2024\/09\/Fete-du-Sel-2024-9.jpg?w=599&amp;ssl=1 599w\" sizes=\"(max-width: 225px) 100vw, 225px\" \/><\/a> <a href=\"https:\/\/i0.wp.com\/vsf64.fr\/wp-content\/uploads\/2024\/09\/Fete-du-Sel-2024-8.jpg?ssl=1\" data-rel=\"lightbox-image-8\" data-rl_title=\"\" data-rl_caption=\"\" title=\"\"><img data-recalc-dims=\"1\" loading=\"lazy\" decoding=\"async\" data-attachment-id=\"1694\" data-permalink=\"https:\/\/vsf64.fr\/index.php\/2024\/09\/19\/bilan-de-la-participation-a-la-fete-du-sel\/fete-du-sel-2024-8\/\" data-orig-file=\"https:\/\/i0.wp.com\/vsf64.fr\/wp-content\/uploads\/2024\/09\/Fete-du-Sel-2024-8.jpg?fit=525%2C593&amp;ssl=1\" data-orig-size=\"525,593\" data-comments-opened=\"0\" data-image-meta=\"{&quot;aperture&quot;:&quot;1.89&quot;,&quot;credit&quot;:&quot;Picasa&quot;,&quot;camera&quot;:&quot;Redmi Note 9 Pro&quot;,&quot;caption&quot;:&quot;&quot;,&quot;created_timestamp&quot;:&quot;1726393728&quot;,&quot;copyright&quot;:&quot;&quot;,&quot;focal_length&quot;:&quot;5.43&quot;,&quot;iso&quot;:&quot;100&quot;,&quot;shutter_speed&quot;:&quot;0.0096153846153846&quot;,&quot;title&quot;:&quot;&quot;,&quot;orientation&quot;:&quot;0&quot;}\" data-image-title=\"F\u00eate du Sel 2024 (8)\" data-image-description=\"\" data-image-caption=\"\" data-large-file=\"https:\/\/i0.wp.com\/vsf64.fr\/wp-content\/uploads\/2024\/09\/Fete-du-Sel-2024-8.jpg?fit=525%2C593&amp;ssl=1\" class=\"size-medium wp-image-1694 alignnone\" src=\"https:\/\/i0.wp.com\/vsf64.fr\/wp-content\/uploads\/2024\/09\/Fete-du-Sel-2024-8.jpg?resize=266%2C300&#038;ssl=1\" alt=\"\" width=\"266\" height=\"300\" srcset=\"https:\/\/i0.wp.com\/vsf64.fr\/wp-content\/uploads\/2024\/09\/Fete-du-Sel-2024-8.jpg?resize=266%2C300&amp;ssl=1 266w, https:\/\/i0.wp.com\/vsf64.fr\/wp-content\/uploads\/2024\/09\/Fete-du-Sel-2024-8.jpg?w=525&amp;ssl=1 525w\" sizes=\"(max-width: 266px) 100vw, 266px\" \/><\/a><\/p>\n<p><a href=\"https:\/\/i0.wp.com\/vsf64.fr\/wp-content\/uploads\/2024\/09\/Fete-du-Sel-2024-7.jpg?ssl=1\" data-rel=\"lightbox-image-9\" data-rl_title=\"\" data-rl_caption=\"\" title=\"\"><img data-recalc-dims=\"1\" loading=\"lazy\" decoding=\"async\" data-attachment-id=\"1693\" data-permalink=\"https:\/\/vsf64.fr\/index.php\/2024\/09\/19\/bilan-de-la-participation-a-la-fete-du-sel\/fete-du-sel-2024-7\/\" data-orig-file=\"https:\/\/i0.wp.com\/vsf64.fr\/wp-content\/uploads\/2024\/09\/Fete-du-Sel-2024-7.jpg?fit=599%2C738&amp;ssl=1\" data-orig-size=\"599,738\" data-comments-opened=\"0\" data-image-meta=\"{&quot;aperture&quot;:&quot;1.89&quot;,&quot;credit&quot;:&quot;Picasa&quot;,&quot;camera&quot;:&quot;Redmi Note 9 Pro&quot;,&quot;caption&quot;:&quot;&quot;,&quot;created_timestamp&quot;:&quot;1726393712&quot;,&quot;copyright&quot;:&quot;&quot;,&quot;focal_length&quot;:&quot;5.43&quot;,&quot;iso&quot;:&quot;100&quot;,&quot;shutter_speed&quot;:&quot;0.0033557046979866&quot;,&quot;title&quot;:&quot;&quot;,&quot;orientation&quot;:&quot;0&quot;}\" data-image-title=\"F\u00eate du Sel 2024 (7)\" data-image-description=\"\" data-image-caption=\"\" data-large-file=\"https:\/\/i0.wp.com\/vsf64.fr\/wp-content\/uploads\/2024\/09\/Fete-du-Sel-2024-7.jpg?fit=599%2C738&amp;ssl=1\" class=\"size-medium wp-image-1693 alignnone\" src=\"https:\/\/i0.wp.com\/vsf64.fr\/wp-content\/uploads\/2024\/09\/Fete-du-Sel-2024-7.jpg?resize=243%2C300&#038;ssl=1\" alt=\"\" width=\"243\" height=\"300\" srcset=\"https:\/\/i0.wp.com\/vsf64.fr\/wp-content\/uploads\/2024\/09\/Fete-du-Sel-2024-7.jpg?resize=243%2C300&amp;ssl=1 243w, https:\/\/i0.wp.com\/vsf64.fr\/wp-content\/uploads\/2024\/09\/Fete-du-Sel-2024-7.jpg?w=599&amp;ssl=1 599w\" sizes=\"(max-width: 243px) 100vw, 243px\" \/><\/a> <a href=\"https:\/\/i0.wp.com\/vsf64.fr\/wp-content\/uploads\/2024\/09\/Fete-du-Sel-2024-6.jpg?ssl=1\" data-rel=\"lightbox-image-10\" data-rl_title=\"\" data-rl_caption=\"\" title=\"\"><img data-recalc-dims=\"1\" loading=\"lazy\" decoding=\"async\" data-attachment-id=\"1692\" data-permalink=\"https:\/\/vsf64.fr\/index.php\/2024\/09\/19\/bilan-de-la-participation-a-la-fete-du-sel\/fete-du-sel-2024-6\/\" data-orig-file=\"https:\/\/i0.wp.com\/vsf64.fr\/wp-content\/uploads\/2024\/09\/Fete-du-Sel-2024-6.jpg?fit=599%2C800&amp;ssl=1\" data-orig-size=\"599,800\" data-comments-opened=\"0\" data-image-meta=\"{&quot;aperture&quot;:&quot;1.89&quot;,&quot;credit&quot;:&quot;&quot;,&quot;camera&quot;:&quot;Redmi Note 9 Pro&quot;,&quot;caption&quot;:&quot;&quot;,&quot;created_timestamp&quot;:&quot;1726393696&quot;,&quot;copyright&quot;:&quot;&quot;,&quot;focal_length&quot;:&quot;5.43&quot;,&quot;iso&quot;:&quot;100&quot;,&quot;shutter_speed&quot;:&quot;0.0033557046979866&quot;,&quot;title&quot;:&quot;&quot;,&quot;orientation&quot;:&quot;1&quot;}\" data-image-title=\"F\u00eate du Sel 2024 (6)\" data-image-description=\"\" data-image-caption=\"\" data-large-file=\"https:\/\/i0.wp.com\/vsf64.fr\/wp-content\/uploads\/2024\/09\/Fete-du-Sel-2024-6.jpg?fit=599%2C800&amp;ssl=1\" class=\"size-medium wp-image-1692 alignnone\" src=\"https:\/\/i0.wp.com\/vsf64.fr\/wp-content\/uploads\/2024\/09\/Fete-du-Sel-2024-6.jpg?resize=225%2C300&#038;ssl=1\" alt=\"\" width=\"225\" height=\"300\" srcset=\"https:\/\/i0.wp.com\/vsf64.fr\/wp-content\/uploads\/2024\/09\/Fete-du-Sel-2024-6.jpg?resize=225%2C300&amp;ssl=1 225w, https:\/\/i0.wp.com\/vsf64.fr\/wp-content\/uploads\/2024\/09\/Fete-du-Sel-2024-6.jpg?w=599&amp;ssl=1 599w\" sizes=\"(max-width: 225px) 100vw, 225px\" \/><\/a><\/p>\n<p>Tout cela a \u00e9t\u00e9 possible gr\u00e2ce aux nombreuses \u00ab\u00a0petites mains\u00a0\u00bb qui ont \u0153uvr\u00e9 en amont, soit lors des ateliers de pr\u00e9paration, soit depuis chez elles (r\u00e9alisation de confitures, miel, collecte et nettoyage de pots de confitures vides, d\u00e9coupage de tissu de d\u00e9coration, etc.).<\/p>\n<p><a href=\"https:\/\/i0.wp.com\/vsf64.fr\/wp-content\/uploads\/2024\/09\/Atelier-2024.jpg?ssl=1\" data-rel=\"lightbox-image-11\" data-rl_title=\"\" data-rl_caption=\"\" title=\"\"><img data-recalc-dims=\"1\" loading=\"lazy\" decoding=\"async\" data-attachment-id=\"1684\" data-permalink=\"https:\/\/vsf64.fr\/index.php\/2024\/09\/19\/bilan-de-la-participation-a-la-fete-du-sel\/atelier-2024\/\" data-orig-file=\"https:\/\/i0.wp.com\/vsf64.fr\/wp-content\/uploads\/2024\/09\/Atelier-2024.jpg?fit=800%2C546&amp;ssl=1\" data-orig-size=\"800,546\" data-comments-opened=\"0\" data-image-meta=\"{&quot;aperture&quot;:&quot;1.89&quot;,&quot;credit&quot;:&quot;&quot;,&quot;camera&quot;:&quot;Redmi Note 9 Pro&quot;,&quot;caption&quot;:&quot;&quot;,&quot;created_timestamp&quot;:&quot;1722703008&quot;,&quot;copyright&quot;:&quot;&quot;,&quot;focal_length&quot;:&quot;5.43&quot;,&quot;iso&quot;:&quot;100&quot;,&quot;shutter_speed&quot;:&quot;0.0071428571428571&quot;,&quot;title&quot;:&quot;&quot;,&quot;orientation&quot;:&quot;1&quot;}\" data-image-title=\"Atelier 2024\" data-image-description=\"\" data-image-caption=\"\" data-large-file=\"https:\/\/i0.wp.com\/vsf64.fr\/wp-content\/uploads\/2024\/09\/Atelier-2024.jpg?fit=640%2C437&amp;ssl=1\" class=\"aligncenter size-medium wp-image-1684\" src=\"https:\/\/i0.wp.com\/vsf64.fr\/wp-content\/uploads\/2024\/09\/Atelier-2024.jpg?resize=300%2C205&#038;ssl=1\" alt=\"\" width=\"300\" height=\"205\" srcset=\"https:\/\/i0.wp.com\/vsf64.fr\/wp-content\/uploads\/2024\/09\/Atelier-2024.jpg?resize=300%2C205&amp;ssl=1 300w, https:\/\/i0.wp.com\/vsf64.fr\/wp-content\/uploads\/2024\/09\/Atelier-2024.jpg?resize=768%2C524&amp;ssl=1 768w, https:\/\/i0.wp.com\/vsf64.fr\/wp-content\/uploads\/2024\/09\/Atelier-2024.jpg?w=800&amp;ssl=1 800w\" sizes=\"(max-width: 300px) 100vw, 300px\" \/><\/a><\/p>\n<p>Il ne faut pas oublier\u00a0 :<\/p>\n<ul>\n<li>ceux qui ont aid\u00e9 \u00e0 monter et pr\u00e9senter le stand,<\/li>\n<li>\u00a0celle qui a mis \u00e0 disposition sa salle de yoga pour stocker tout le mat\u00e9riel n\u00e9cessaire pour cette f\u00eate,<\/li>\n<li>\u00a0celle qui a r\u00e9alis\u00e9 de jolis cygnes en origami,<\/li>\n<li>ceux qui ont fait connaitre l&rsquo;association \u00e0 leurs amis,<\/li>\n<li>ceux qui ont donn\u00e9 de leur temps et des sourires sinc\u00e8res et accueillants,<\/li>\n<li>Ceux qui nous ont fait parvenir des messages sympathiques d&rsquo;encouragements venant du d\u00e9partement voisin, de Paris ou de l&rsquo;autre bout du monde : Tout cela a particip\u00e9 \u00e0 ce grand succ\u00e8s.<\/li>\n<li>(appr\u00e9cions aussi le travail des milliers d&rsquo;abeilles qui ont r\u00e9colt\u00e9 du miel tout en pollinisant des millions de fleurs)<\/li>\n<\/ul>\n<p>Un grand merci \u00e0 tous !<a href=\"https:\/\/i0.wp.com\/vsf64.fr\/wp-content\/uploads\/2015\/11\/Logo-VSF3.jpg?ssl=1\" data-rel=\"lightbox-image-12\" data-rl_title=\"\" data-rl_caption=\"\" title=\"\"><img data-recalc-dims=\"1\" loading=\"lazy\" decoding=\"async\" data-attachment-id=\"408\" data-permalink=\"https:\/\/vsf64.fr\/?attachment_id=408\" data-orig-file=\"https:\/\/i0.wp.com\/vsf64.fr\/wp-content\/uploads\/2015\/11\/Logo-VSF3.jpg?fit=2362%2C2362&amp;ssl=1\" data-orig-size=\"2362,2362\" data-comments-opened=\"0\" data-image-meta=\"{&quot;aperture&quot;:&quot;0&quot;,&quot;credit&quot;:&quot;&quot;,&quot;camera&quot;:&quot;&quot;,&quot;caption&quot;:&quot;&quot;,&quot;created_timestamp&quot;:&quot;0&quot;,&quot;copyright&quot;:&quot;&quot;,&quot;focal_length&quot;:&quot;0&quot;,&quot;iso&quot;:&quot;0&quot;,&quot;shutter_speed&quot;:&quot;0&quot;,&quot;title&quot;:&quot;&quot;,&quot;orientation&quot;:&quot;0&quot;}\" data-image-title=\"Logo VSF\" data-image-description=\"\" data-image-caption=\"\" data-large-file=\"https:\/\/i0.wp.com\/vsf64.fr\/wp-content\/uploads\/2015\/11\/Logo-VSF3.jpg?fit=640%2C640&amp;ssl=1\" class=\"aligncenter  wp-image-408\" src=\"https:\/\/i0.wp.com\/vsf64.fr\/wp-content\/uploads\/2015\/11\/Logo-VSF3.jpg?resize=227%2C227&#038;ssl=1\" alt=\"\" width=\"227\" height=\"227\" srcset=\"https:\/\/i0.wp.com\/vsf64.fr\/wp-content\/uploads\/2015\/11\/Logo-VSF3.jpg?resize=300%2C300&amp;ssl=1 300w, https:\/\/i0.wp.com\/vsf64.fr\/wp-content\/uploads\/2015\/11\/Logo-VSF3.jpg?resize=150%2C150&amp;ssl=1 150w, https:\/\/i0.wp.com\/vsf64.fr\/wp-content\/uploads\/2015\/11\/Logo-VSF3.jpg?resize=1024%2C1024&amp;ssl=1 1024w, https:\/\/i0.wp.com\/vsf64.fr\/wp-content\/uploads\/2015\/11\/Logo-VSF3.jpg?resize=600%2C600&amp;ssl=1 600w, https:\/\/i0.wp.com\/vsf64.fr\/wp-content\/uploads\/2015\/11\/Logo-VSF3.jpg?w=1280&amp;ssl=1 1280w, https:\/\/i0.wp.com\/vsf64.fr\/wp-content\/uploads\/2015\/11\/Logo-VSF3.jpg?w=1920&amp;ssl=1 1920w\" sizes=\"(max-width: 227px) 100vw, 227px\" \/><\/a><\/p>\n\n\n\n\n","protected":false},"excerpt":{"rendered":"<p>Un grand succ\u00e8s ! Cette ann\u00e9e encore, notre association a particip\u00e9 \u00e0 la traditionnelle F\u00eate du Sel de Salies-de-B\u00e9arn (organis\u00e9e par la Jurade du Sel), et notre stand a \u00e9t\u00e9 anim\u00e9 par une belle \u00e9quipe de b\u00e9n\u00e9voles motiv\u00e9s. Leur \u00e9nergie &hellip; <a href=\"https:\/\/vsf64.fr\/index.php\/2024\/09\/19\/bilan-de-la-participation-a-la-fete-du-sel\/\">Continuer la lecture <span class=\"meta-nav\">&rarr;<\/span><\/a><\/p>\n","protected":false},"author":1,"featured_media":1688,"comment_status":"closed","ping_status":"closed","sticky":false,"template":"","format":"standard","meta":{"jetpack_post_was_ever_published":false,"_jetpack_newsletter_access":"","_jetpack_dont_email_post_to_subs":false,"_jetpack_newsletter_tier_id":0,"_jetpack_memberships_contains_paywalled_content":false,"_jetpack_memberships_contains_paid_content":false,"footnotes":"","jetpack_publicize_message":"","jetpack_publicize_feature_enabled":true,"jetpack_social_post_already_shared":true,"jetpack_social_options":{"image_generator_settings":{"template":"highway","default_image_id":0,"font":"","enabled":false},"version":2}},"categories":[6,4],"tags":[56,58,59,44,24,57],"class_list":["post-1679","post","type-post","status-publish","format-standard","has-post-thumbnail","hentry","category-actions","category-manifestation","tag-56","tag-actions","tag-evenement","tag-fete-du-sel","tag-villages-sans-frontieres","tag-vsf"],"jetpack_publicize_connections":[],"jetpack_featured_media_url":"https:\/\/i0.wp.com\/vsf64.fr\/wp-content\/uploads\/2024\/09\/Fete-du-Sel-2024-2.jpg?fit=800%2C599&ssl=1","jetpack_sharing_enabled":true,"jetpack_shortlink":"https:\/\/wp.me\/p8Gxst-r5","jetpack-related-posts":[{"id":576,"url":"https:\/\/vsf64.fr\/index.php\/2018\/09\/15\/manifestation-reussie\/","url_meta":{"origin":1679,"position":0},"title":"Manifestation r\u00e9ussie !","author":"maria64","date":"15 septembre 2018","format":false,"excerpt":"Le week-end du 8 et 9 septembre 2018 une partie des membres de \"Villages Sans Fronti\u00e8res\" s'\u00e9tait mobilis\u00e9e pour tenir le stand durant la F\u00eate du Sel de Salies-de-B\u00e9arn. Nous proposions \u00e0 la vente des Soli'Sacs, des bijoux cr\u00e9\u00e9s ou recycl\u00e9s, des biscuits et g\u00e2teaux, des stylos rigolos (fabriqu\u00e9s en\u2026","rel":"","context":"Dans &quot;Actions&quot;","block_context":{"text":"Actions","link":"https:\/\/vsf64.fr\/index.php\/category\/actions\/"},"img":{"alt_text":"Stand VSF F\u00eate du Sel 2018","src":"https:\/\/i0.wp.com\/vsf64.fr\/wp-content\/uploads\/2018\/09\/FETE-DU-SEL-2018.jpg?fit=1200%2C899&ssl=1&resize=350%2C200","width":350,"height":200,"srcset":"https:\/\/i0.wp.com\/vsf64.fr\/wp-content\/uploads\/2018\/09\/FETE-DU-SEL-2018.jpg?fit=1200%2C899&ssl=1&resize=350%2C200 1x, https:\/\/i0.wp.com\/vsf64.fr\/wp-content\/uploads\/2018\/09\/FETE-DU-SEL-2018.jpg?fit=1200%2C899&ssl=1&resize=525%2C300 1.5x, https:\/\/i0.wp.com\/vsf64.fr\/wp-content\/uploads\/2018\/09\/FETE-DU-SEL-2018.jpg?fit=1200%2C899&ssl=1&resize=700%2C400 2x, https:\/\/i0.wp.com\/vsf64.fr\/wp-content\/uploads\/2018\/09\/FETE-DU-SEL-2018.jpg?fit=1200%2C899&ssl=1&resize=1050%2C600 3x"},"classes":[]},{"id":1458,"url":"https:\/\/vsf64.fr\/index.php\/2023\/09\/17\/la-fete-du-sel\/","url_meta":{"origin":1679,"position":1},"title":"La f\u00eate du Sel","author":"maria64","date":"17 septembre 2023","format":false,"excerpt":"\u00a0 \u00a0Une nouvelle action men\u00e9e \u00e0 bien Les 9 et 10 septembre 2023, la F\u00eate du Sel \u00e0 Salies de B\u00e9arn nous a permis de tenir un stand, anim\u00e9 par les membres de l'association. De bon matin, la toute nouvelle tonnelle (barnum) de l'association a \u00e9t\u00e9 inaugur\u00e9e et mont\u00e9e par\u2026","rel":"","context":"Dans &quot;Non class\u00e9&quot;","block_context":{"text":"Non class\u00e9","link":"https:\/\/vsf64.fr\/index.php\/category\/non-classe\/"},"img":{"alt_text":"","src":"https:\/\/i0.wp.com\/vsf64.fr\/wp-content\/uploads\/2023\/09\/IMG_20230910_160921-Copier.jpg?resize=350%2C200&ssl=1","width":350,"height":200,"srcset":"https:\/\/i0.wp.com\/vsf64.fr\/wp-content\/uploads\/2023\/09\/IMG_20230910_160921-Copier.jpg?resize=350%2C200&ssl=1 1x, https:\/\/i0.wp.com\/vsf64.fr\/wp-content\/uploads\/2023\/09\/IMG_20230910_160921-Copier.jpg?resize=525%2C300&ssl=1 1.5x, https:\/\/i0.wp.com\/vsf64.fr\/wp-content\/uploads\/2023\/09\/IMG_20230910_160921-Copier.jpg?resize=700%2C400&ssl=1 2x"},"classes":[]},{"id":1664,"url":"https:\/\/vsf64.fr\/index.php\/2024\/09\/04\/vsf-fete-ses-40-ans\/","url_meta":{"origin":1679,"position":2},"title":"VSF f\u00eate ses 40 ans !","author":"maria64","date":"4 septembre 2024","format":false,"excerpt":"Un bel anniversaire Nous f\u00eatons cette ann\u00e9e les 40 ans d'existence de notre association qui a \u00e9t\u00e9 donc cr\u00e9\u00e9e en 1984 par ses fondateurs Guy et Greet Barth\u00e9lemy. Les \"petites mains\" de Villages Sans Fronti\u00e8res se sont d\u00e9j\u00e0 r\u00e9unies plusieurs fois pour d\u00e9corer et \u00e9tiqueter les tr\u00e8s nombreux pots de\u2026","rel":"","context":"Dans &quot;Non class\u00e9&quot;","block_context":{"text":"Non class\u00e9","link":"https:\/\/vsf64.fr\/index.php\/category\/non-classe\/"},"img":{"alt_text":"","src":"https:\/\/i0.wp.com\/vsf64.fr\/wp-content\/uploads\/2024\/09\/pub-FB-pour-artisans-.jpg?resize=350%2C200&ssl=1","width":350,"height":200,"srcset":"https:\/\/i0.wp.com\/vsf64.fr\/wp-content\/uploads\/2024\/09\/pub-FB-pour-artisans-.jpg?resize=350%2C200&ssl=1 1x, https:\/\/i0.wp.com\/vsf64.fr\/wp-content\/uploads\/2024\/09\/pub-FB-pour-artisans-.jpg?resize=525%2C300&ssl=1 1.5x"},"classes":[]},{"id":1787,"url":"https:\/\/vsf64.fr\/index.php\/2025\/09\/16\/nous-etions-a-la-fete-du-sel\/","url_meta":{"origin":1679,"position":3},"title":"Nous \u00e9tions \u00e0 la F\u00eate du Sel !","author":"maria64","date":"16 septembre 2025","format":false,"excerpt":"Une belle ambiance ! (Diaporama de notre stand sous le texte) Ce samedi 13 et dimanche 14 septembre 2025, les membres de Villages Sans Fronti\u00e8res se sont retrouv\u00e9s \u00e0 Salies-de-B\u00e9arn, charmante cit\u00e9 thermale, \u00e0 l\u2019occasion de la traditionnelle F\u00eate du Sel. Dans les ruelles pittoresques du centre-ville, une ambiance chaleureuse\u2026","rel":"","context":"Dans &quot;Actions&quot;","block_context":{"text":"Actions","link":"https:\/\/vsf64.fr\/index.php\/category\/actions\/"},"img":{"alt_text":"","src":"","width":0,"height":0},"classes":[]},{"id":564,"url":"https:\/\/vsf64.fr\/index.php\/2018\/08\/20\/apres-midi-creation\/","url_meta":{"origin":1679,"position":4},"title":"Apr\u00e8s-midi cr\u00e9ation","author":"maria64","date":"20 ao\u00fbt 2018","format":false,"excerpt":"Ce samedi les petites \"mains cr\u00e9atives\" du B\u00e9arn ont \u00e9t\u00e9 bien occup\u00e9es \u00e0 pr\u00e9parer le stand qui se tiendra \u00e0 la F\u00eate du Sel de Salies-de-B\u00e9arn (8 et 9 septembre). Des bijoux ont \u00e9t\u00e9 r\u00e9alis\u00e9s, des \u00e9tiquettes coll\u00e9es, des pots de miel d\u00e9cor\u00e9s, et des cr\u00e9ations en tissus rembourr\u00e9es. Merci\u2026","rel":"","context":"Dans &quot;Actions&quot;","block_context":{"text":"Actions","link":"https:\/\/vsf64.fr\/index.php\/category\/actions\/"},"img":{"alt_text":"","src":"https:\/\/i0.wp.com\/vsf64.fr\/wp-content\/uploads\/2018\/08\/P1120242-Copier.jpg?fit=1200%2C900&ssl=1&resize=350%2C200","width":350,"height":200,"srcset":"https:\/\/i0.wp.com\/vsf64.fr\/wp-content\/uploads\/2018\/08\/P1120242-Copier.jpg?fit=1200%2C900&ssl=1&resize=350%2C200 1x, https:\/\/i0.wp.com\/vsf64.fr\/wp-content\/uploads\/2018\/08\/P1120242-Copier.jpg?fit=1200%2C900&ssl=1&resize=525%2C300 1.5x, https:\/\/i0.wp.com\/vsf64.fr\/wp-content\/uploads\/2018\/08\/P1120242-Copier.jpg?fit=1200%2C900&ssl=1&resize=700%2C400 2x, https:\/\/i0.wp.com\/vsf64.fr\/wp-content\/uploads\/2018\/08\/P1120242-Copier.jpg?fit=1200%2C900&ssl=1&resize=1050%2C600 3x"},"classes":[]},{"id":673,"url":"https:\/\/vsf64.fr\/index.php\/2019\/09\/08\/preparation-de-la-fete-du-sel-des-14-et-15-septembre-2019\/","url_meta":{"origin":1679,"position":5},"title":"Pr\u00e9paration de la F\u00eate du Sel des 14 et 15 septembre 2019","author":"maria64","date":"8 septembre 2019","format":false,"excerpt":"Apr\u00e8s deux ateliers cr\u00e9atifs qui ont r\u00e9uni une partie des membres de l'association, nous nous pr\u00e9parons maintenant pour la F\u00eate du Sel qui aura lieu le week-end prochain \u00e0 Salies-de-B\u00e9arn. Nous y tiendrons un stand (comme l'ann\u00e9e derni\u00e8re) pour y vendre les diff\u00e9rentes fabrications \"fait main\" ou \"fait maison\" (confitures,\u2026","rel":"","context":"Dans &quot;Non class\u00e9&quot;","block_context":{"text":"Non class\u00e9","link":"https:\/\/vsf64.fr\/index.php\/category\/non-classe\/"},"img":{"alt_text":"","src":"https:\/\/i0.wp.com\/vsf64.fr\/wp-content\/uploads\/2019\/09\/R%C3%A9publique-septembre-2019-1024x668.jpg?resize=350%2C200","width":350,"height":200,"srcset":"https:\/\/i0.wp.com\/vsf64.fr\/wp-content\/uploads\/2019\/09\/R%C3%A9publique-septembre-2019-1024x668.jpg?resize=350%2C200 1x, https:\/\/i0.wp.com\/vsf64.fr\/wp-content\/uploads\/2019\/09\/R%C3%A9publique-septembre-2019-1024x668.jpg?resize=525%2C300 1.5x"},"classes":[]}],"_links":{"self":[{"href":"https:\/\/vsf64.fr\/index.php\/wp-json\/wp\/v2\/posts\/1679","targetHints":{"allow":["GET"]}}],"collection":[{"href":"https:\/\/vsf64.fr\/index.php\/wp-json\/wp\/v2\/posts"}],"about":[{"href":"https:\/\/vsf64.fr\/index.php\/wp-json\/wp\/v2\/types\/post"}],"author":[{"embeddable":true,"href":"https:\/\/vsf64.fr\/index.php\/wp-json\/wp\/v2\/users\/1"}],"replies":[{"embeddable":true,"href":"https:\/\/vsf64.fr\/index.php\/wp-json\/wp\/v2\/comments?post=1679"}],"version-history":[{"count":8,"href":"https:\/\/vsf64.fr\/index.php\/wp-json\/wp\/v2\/posts\/1679\/revisions"}],"predecessor-version":[{"id":1715,"href":"https:\/\/vsf64.fr\/index.php\/wp-json\/wp\/v2\/posts\/1679\/revisions\/1715"}],"wp:featuredmedia":[{"embeddable":true,"href":"https:\/\/vsf64.fr\/index.php\/wp-json\/wp\/v2\/media\/1688"}],"wp:attachment":[{"href":"https:\/\/vsf64.fr\/index.php\/wp-json\/wp\/v2\/media?parent=1679"}],"wp:term":[{"taxonomy":"category","embeddable":true,"href":"https:\/\/vsf64.fr\/index.php\/wp-json\/wp\/v2\/categories?post=1679"},{"taxonomy":"post_tag","embeddable":true,"href":"https:\/\/vsf64.fr\/index.php\/wp-json\/wp\/v2\/tags?post=1679"}],"curies":[{"name":"wp","href":"https:\/\/api.w.org\/{rel}","templated":true}]}}