{"id":1611,"date":"2024-04-27T13:25:57","date_gmt":"2024-04-27T12:25:57","guid":{"rendered":"https:\/\/vsf64.fr\/?p=1611"},"modified":"2024-04-27T13:26:18","modified_gmt":"2024-04-27T12:26:18","slug":"notre-assemblee-generale-a-eu-lieu","status":"publish","type":"post","link":"https:\/\/vsf64.fr\/index.php\/2024\/04\/27\/notre-assemblee-generale-a-eu-lieu\/","title":{"rendered":"Notre Assembl\u00e9e G\u00e9n\u00e9rale a eu lieu"},"content":{"rendered":"\n\n\n<h3 style=\"text-align: center;\"><strong><span style=\"text-decoration: underline;\"><span style=\"color: #008000; text-decoration: underline;\">Le bilan de l&rsquo;ann\u00e9e 2023<\/span><\/span><\/strong><\/h3>\n<p>Comme le d\u00e9crit si bien Jean-Fran\u00e7ois dans l&rsquo;article ci-dessous, l&rsquo;ann\u00e9e 2023 a \u00e9t\u00e9 active, pour Villages Sans Fronti\u00e8res et ses membres.<\/p>\n<div id=\"attachment_1613\" style=\"width: 551px\" class=\"wp-caption aligncenter\"><a href=\"https:\/\/i0.wp.com\/vsf64.fr\/wp-content\/uploads\/2024\/04\/Article-la-Rep-suite-AG-Copier.png?ssl=1\" data-rel=\"lightbox-image-0\" data-rl_title=\"\" data-rl_caption=\"\" title=\"\"><img data-recalc-dims=\"1\" fetchpriority=\"high\" decoding=\"async\" aria-describedby=\"caption-attachment-1613\" data-attachment-id=\"1613\" data-permalink=\"https:\/\/vsf64.fr\/index.php\/2024\/04\/27\/notre-assemblee-generale-a-eu-lieu\/article-la-rep-suite-ag-copier\/\" data-orig-file=\"https:\/\/i0.wp.com\/vsf64.fr\/wp-content\/uploads\/2024\/04\/Article-la-Rep-suite-AG-Copier.png?fit=541%2C768&amp;ssl=1\" data-orig-size=\"541,768\" data-comments-opened=\"0\" data-image-meta=\"{&quot;aperture&quot;:&quot;0&quot;,&quot;credit&quot;:&quot;&quot;,&quot;camera&quot;:&quot;&quot;,&quot;caption&quot;:&quot;&quot;,&quot;created_timestamp&quot;:&quot;0&quot;,&quot;copyright&quot;:&quot;&quot;,&quot;focal_length&quot;:&quot;0&quot;,&quot;iso&quot;:&quot;0&quot;,&quot;shutter_speed&quot;:&quot;0&quot;,&quot;title&quot;:&quot;&quot;,&quot;orientation&quot;:&quot;0&quot;}\" data-image-title=\"Article la R\u00e9p suite AG (Copier)\" data-image-description=\"\" data-image-caption=\"&lt;p&gt;Article J.F. Liaudois &amp;#8211; Journal La R\u00e9publique des Pyr\u00e9n\u00e9es&lt;\/p&gt;\n\" data-large-file=\"https:\/\/i0.wp.com\/vsf64.fr\/wp-content\/uploads\/2024\/04\/Article-la-Rep-suite-AG-Copier.png?fit=541%2C768&amp;ssl=1\" class=\"wp-image-1613 size-full\" src=\"https:\/\/i0.wp.com\/vsf64.fr\/wp-content\/uploads\/2024\/04\/Article-la-Rep-suite-AG-Copier.png?resize=541%2C768&#038;ssl=1\" alt=\"Article AG 13-4-2024\" width=\"541\" height=\"768\" srcset=\"https:\/\/i0.wp.com\/vsf64.fr\/wp-content\/uploads\/2024\/04\/Article-la-Rep-suite-AG-Copier.png?w=541&amp;ssl=1 541w, https:\/\/i0.wp.com\/vsf64.fr\/wp-content\/uploads\/2024\/04\/Article-la-Rep-suite-AG-Copier.png?resize=211%2C300&amp;ssl=1 211w\" sizes=\"(max-width: 541px) 100vw, 541px\" \/><\/a><p id=\"caption-attachment-1613\" class=\"wp-caption-text\">Article J.F. Liaudois &#8211; Journal La R\u00e9publique des Pyr\u00e9n\u00e9es<\/p><\/div>\n\n\n\n\n","protected":false},"excerpt":{"rendered":"<p>Le bilan de l&rsquo;ann\u00e9e 2023 Comme le d\u00e9crit si bien Jean-Fran\u00e7ois dans l&rsquo;article ci-dessous, l&rsquo;ann\u00e9e 2023 a \u00e9t\u00e9 active, pour Villages Sans Fronti\u00e8res et ses membres.<\/p>\n","protected":false},"author":1,"featured_media":0,"comment_status":"closed","ping_status":"closed","sticky":false,"template":"","format":"standard","meta":{"jetpack_post_was_ever_published":false,"_jetpack_newsletter_access":"","_jetpack_dont_email_post_to_subs":false,"_jetpack_newsletter_tier_id":0,"_jetpack_memberships_contains_paywalled_content":false,"_jetpack_memberships_contains_paid_content":false,"footnotes":"","jetpack_publicize_message":"","jetpack_publicize_feature_enabled":true,"jetpack_social_post_already_shared":true,"jetpack_social_options":{"image_generator_settings":{"template":"highway","default_image_id":0,"font":"","enabled":false},"version":2}},"categories":[1],"tags":[],"class_list":["post-1611","post","type-post","status-publish","format-standard","hentry","category-non-classe"],"jetpack_publicize_connections":[],"jetpack_featured_media_url":"","jetpack_sharing_enabled":true,"jetpack_shortlink":"https:\/\/wp.me\/p8Gxst-pZ","jetpack-related-posts":[{"id":507,"url":"https:\/\/vsf64.fr\/index.php\/2018\/04\/10\/assemblee-generale-2018\/","url_meta":{"origin":1611,"position":0},"title":"Assembl\u00e9e G\u00e9n\u00e9rale 2018","author":"maria64","date":"10 avril 2018","format":false,"excerpt":"Bilan de l'ann\u00e9e 2017 L'Assembl\u00e9e G\u00e9n\u00e9rale de notre association aura lieu samedi 21 avril 2018 au si\u00e8ge social. Nous pourrons faire le bilan de l'ann\u00e9e \u00e9coul\u00e9e, voir des photos de la derni\u00e8re mission en Inde et envisager les prochaines actions pour 2018. Merci de confirmer votre pr\u00e9sence (afin de pr\u00e9voir\u2026","rel":"","context":"Dans &quot;Officiel&quot;","block_context":{"text":"Officiel","link":"https:\/\/vsf64.fr\/index.php\/category\/officiel\/"},"img":{"alt_text":"AG2018 copie","src":"https:\/\/i0.wp.com\/vsf64.fr\/wp-content\/uploads\/2018\/04\/AG2018-copie.jpg?resize=350%2C200","width":350,"height":200,"srcset":"https:\/\/i0.wp.com\/vsf64.fr\/wp-content\/uploads\/2018\/04\/AG2018-copie.jpg?resize=350%2C200 1x, https:\/\/i0.wp.com\/vsf64.fr\/wp-content\/uploads\/2018\/04\/AG2018-copie.jpg?resize=525%2C300 1.5x, https:\/\/i0.wp.com\/vsf64.fr\/wp-content\/uploads\/2018\/04\/AG2018-copie.jpg?resize=700%2C400 2x"},"classes":[]},{"id":1768,"url":"https:\/\/vsf64.fr\/index.php\/2025\/07\/28\/que-sest-il-passe-recemment\/","url_meta":{"origin":1611,"position":1},"title":"Que s&rsquo;est-il pass\u00e9 r\u00e9cemment ?","author":"maria64","date":"28 juillet 2025","format":false,"excerpt":"Premier semestre 2025 Les membres de VSF ont continu\u00e9 \u00e0 \u0153uvrer activement depuis le march\u00e9 de No\u00ebl en d\u00e9cembre 2024 \u00e0 Salies. Au d\u00e9but de l'ann\u00e9e, une mission en Inde a permis de faire le point sur les diff\u00e9rents projets en cours, offrant ainsi une vision claire des avanc\u00e9es sur\u2026","rel":"","context":"Dans &quot;Officiel&quot;","block_context":{"text":"Officiel","link":"https:\/\/vsf64.fr\/index.php\/category\/officiel\/"},"img":{"alt_text":"","src":"https:\/\/i0.wp.com\/vsf64.fr\/wp-content\/uploads\/2025\/07\/1753706868268-scaled-e1753709343942.jpg?resize=350%2C200&ssl=1","width":350,"height":200,"srcset":"https:\/\/i0.wp.com\/vsf64.fr\/wp-content\/uploads\/2025\/07\/1753706868268-scaled-e1753709343942.jpg?resize=350%2C200&ssl=1 1x, https:\/\/i0.wp.com\/vsf64.fr\/wp-content\/uploads\/2025\/07\/1753706868268-scaled-e1753709343942.jpg?resize=525%2C300&ssl=1 1.5x, https:\/\/i0.wp.com\/vsf64.fr\/wp-content\/uploads\/2025\/07\/1753706868268-scaled-e1753709343942.jpg?resize=700%2C400&ssl=1 2x, https:\/\/i0.wp.com\/vsf64.fr\/wp-content\/uploads\/2025\/07\/1753706868268-scaled-e1753709343942.jpg?resize=1050%2C600&ssl=1 3x"},"classes":[]},{"id":1284,"url":"https:\/\/vsf64.fr\/index.php\/2022\/03\/20\/assemblee-generale-de-lannee-2021\/","url_meta":{"origin":1611,"position":2},"title":"Assembl\u00e9e G\u00e9n\u00e9rale de l&rsquo;ann\u00e9e 2021","author":"maria64","date":"20 mars 2022","format":false,"excerpt":"","rel":"","context":"Dans &quot;Non class\u00e9&quot;","block_context":{"text":"Non class\u00e9","link":"https:\/\/vsf64.fr\/index.php\/category\/non-classe\/"},"img":{"alt_text":"","src":"https:\/\/i0.wp.com\/vsf64.fr\/wp-content\/uploads\/2022\/03\/AG2022-copie.jpg?resize=350%2C200","width":350,"height":200,"srcset":"https:\/\/i0.wp.com\/vsf64.fr\/wp-content\/uploads\/2022\/03\/AG2022-copie.jpg?resize=350%2C200 1x, https:\/\/i0.wp.com\/vsf64.fr\/wp-content\/uploads\/2022\/03\/AG2022-copie.jpg?resize=525%2C300 1.5x, https:\/\/i0.wp.com\/vsf64.fr\/wp-content\/uploads\/2022\/03\/AG2022-copie.jpg?resize=700%2C400 2x"},"classes":[]},{"id":431,"url":"https:\/\/vsf64.fr\/index.php\/2017\/03\/19\/assemblee-generale-de-vsf\/","url_meta":{"origin":1611,"position":3},"title":"Assembl\u00e9e G\u00e9n\u00e9rale de VSF","author":"maria64","date":"19 mars 2017","format":false,"excerpt":"Les adh\u00e9rents de Villages Sans Fronti\u00e8res sont invit\u00e9s pour l'Assembl\u00e9e G\u00e9n\u00e9rale qui aura lieu samedi 25 mars \u00e0 15 h au si\u00e8ge social. Ce sera l'occasion de faire le bilan de l'ann\u00e9e 2016 et de pr\u00e9parer les actions et projets de 2017.","rel":"","context":"Dans &quot;Officiel&quot;","block_context":{"text":"Officiel","link":"https:\/\/vsf64.fr\/index.php\/category\/officiel\/"},"img":{"alt_text":"AG 2017","src":"https:\/\/i0.wp.com\/vsf64.fr\/wp-content\/uploads\/2017\/03\/AG2017.jpg?fit=960%2C260&ssl=1&resize=350%2C200","width":350,"height":200,"srcset":"https:\/\/i0.wp.com\/vsf64.fr\/wp-content\/uploads\/2017\/03\/AG2017.jpg?fit=960%2C260&ssl=1&resize=350%2C200 1x, https:\/\/i0.wp.com\/vsf64.fr\/wp-content\/uploads\/2017\/03\/AG2017.jpg?fit=960%2C260&ssl=1&resize=525%2C300 1.5x, https:\/\/i0.wp.com\/vsf64.fr\/wp-content\/uploads\/2017\/03\/AG2017.jpg?fit=960%2C260&ssl=1&resize=700%2C400 2x"},"classes":[]},{"id":265,"url":"https:\/\/vsf64.fr\/index.php\/2016\/01\/06\/nouvelle-annee-nouveaux-projets\/","url_meta":{"origin":1611,"position":4},"title":"Nouvelle ann\u00e9e &#8211; nouveaux projets","author":"maria64","date":"6 janvier 2016","format":false,"excerpt":"Bonne Ann\u00e9e 2016 ! Une nouvelle page s'ouvre... La vie est un livre merveilleux ! Que 2016 apporte beaucoup de paix, de bonheur et de solidarit\u00e9. Pour l'association Villages Sans Fronti\u00e8res l'ann\u00e9e va commencer avec une mission en Inde qui d\u00e9butera le 24 janvier. Maria et Pascal vont aller rencontrer\u2026","rel":"","context":"Dans &quot;Non class\u00e9&quot;","block_context":{"text":"Non class\u00e9","link":"https:\/\/vsf64.fr\/index.php\/category\/non-classe\/"},"img":{"alt_text":"Bonne Ann\u00e9e 2016","src":"https:\/\/i0.wp.com\/vsf64.fr\/wp-content\/uploads\/2016\/01\/Happy-New-Year-2016-300x169.jpg?resize=350%2C200","width":350,"height":200},"classes":[]},{"id":673,"url":"https:\/\/vsf64.fr\/index.php\/2019\/09\/08\/preparation-de-la-fete-du-sel-des-14-et-15-septembre-2019\/","url_meta":{"origin":1611,"position":5},"title":"Pr\u00e9paration de la F\u00eate du Sel des 14 et 15 septembre 2019","author":"maria64","date":"8 septembre 2019","format":false,"excerpt":"Apr\u00e8s deux ateliers cr\u00e9atifs qui ont r\u00e9uni une partie des membres de l'association, nous nous pr\u00e9parons maintenant pour la F\u00eate du Sel qui aura lieu le week-end prochain \u00e0 Salies-de-B\u00e9arn. Nous y tiendrons un stand (comme l'ann\u00e9e derni\u00e8re) pour y vendre les diff\u00e9rentes fabrications \"fait main\" ou \"fait maison\" (confitures,\u2026","rel":"","context":"Dans &quot;Non class\u00e9&quot;","block_context":{"text":"Non class\u00e9","link":"https:\/\/vsf64.fr\/index.php\/category\/non-classe\/"},"img":{"alt_text":"","src":"https:\/\/i0.wp.com\/vsf64.fr\/wp-content\/uploads\/2019\/09\/R%C3%A9publique-septembre-2019-1024x668.jpg?resize=350%2C200","width":350,"height":200,"srcset":"https:\/\/i0.wp.com\/vsf64.fr\/wp-content\/uploads\/2019\/09\/R%C3%A9publique-septembre-2019-1024x668.jpg?resize=350%2C200 1x, https:\/\/i0.wp.com\/vsf64.fr\/wp-content\/uploads\/2019\/09\/R%C3%A9publique-septembre-2019-1024x668.jpg?resize=525%2C300 1.5x"},"classes":[]}],"_links":{"self":[{"href":"https:\/\/vsf64.fr\/index.php\/wp-json\/wp\/v2\/posts\/1611","targetHints":{"allow":["GET"]}}],"collection":[{"href":"https:\/\/vsf64.fr\/index.php\/wp-json\/wp\/v2\/posts"}],"about":[{"href":"https:\/\/vsf64.fr\/index.php\/wp-json\/wp\/v2\/types\/post"}],"author":[{"embeddable":true,"href":"https:\/\/vsf64.fr\/index.php\/wp-json\/wp\/v2\/users\/1"}],"replies":[{"embeddable":true,"href":"https:\/\/vsf64.fr\/index.php\/wp-json\/wp\/v2\/comments?post=1611"}],"version-history":[{"count":4,"href":"https:\/\/vsf64.fr\/index.php\/wp-json\/wp\/v2\/posts\/1611\/revisions"}],"predecessor-version":[{"id":1616,"href":"https:\/\/vsf64.fr\/index.php\/wp-json\/wp\/v2\/posts\/1611\/revisions\/1616"}],"wp:attachment":[{"href":"https:\/\/vsf64.fr\/index.php\/wp-json\/wp\/v2\/media?parent=1611"}],"wp:term":[{"taxonomy":"category","embeddable":true,"href":"https:\/\/vsf64.fr\/index.php\/wp-json\/wp\/v2\/categories?post=1611"},{"taxonomy":"post_tag","embeddable":true,"href":"https:\/\/vsf64.fr\/index.php\/wp-json\/wp\/v2\/tags?post=1611"}],"curies":[{"name":"wp","href":"https:\/\/api.w.org\/{rel}","templated":true}]}}