{"id":1481,"date":"2023-11-12T16:22:55","date_gmt":"2023-11-12T15:22:55","guid":{"rendered":"https:\/\/vsf64.fr\/?p=1481"},"modified":"2023-11-12T16:41:12","modified_gmt":"2023-11-12T15:41:12","slug":"les-ateliers-creatifs-vsf","status":"publish","type":"post","link":"https:\/\/vsf64.fr\/index.php\/2023\/11\/12\/les-ateliers-creatifs-vsf\/","title":{"rendered":"Les ateliers cr\u00e9atifs VSF"},"content":{"rendered":"\t\t<div data-elementor-type=\"wp-post\" data-elementor-id=\"1481\" class=\"elementor elementor-1481\">\n\t\t\t\t\t\t<section class=\"elementor-section elementor-top-section elementor-element elementor-element-2292d136 elementor-section-boxed elementor-section-height-default elementor-section-height-default\" data-id=\"2292d136\" data-element_type=\"section\" data-e-type=\"section\">\n\t\t\t\t\t\t<div class=\"elementor-container elementor-column-gap-default\">\n\t\t\t\t\t<div class=\"elementor-column elementor-col-100 elementor-top-column elementor-element elementor-element-7925bc3c\" data-id=\"7925bc3c\" data-element_type=\"column\" data-e-type=\"column\">\n\t\t\t<div class=\"elementor-widget-wrap elementor-element-populated\">\n\t\t\t\t\t\t<div class=\"elementor-element elementor-element-23168b82 elementor-widget elementor-widget-text-editor\" data-id=\"23168b82\" data-element_type=\"widget\" data-e-type=\"widget\" data-widget_type=\"text-editor.default\">\n\t\t\t\t<div class=\"elementor-widget-container\">\n\t\t\t\t\t\t\t\t\t<p><\/p>\n<h2 style=\"text-align: center;\"><span style=\"text-decoration: underline; color: #ff6600;\">Les petites mains en action<\/span><\/h2>\n<p>Ce samedi 11 novembre, les 11 participants \u00e0 l&rsquo;atelier VSF (Villages Sans Fronti\u00e8res) \u00e9taient pr\u00e9sents pour pr\u00e9parer diff\u00e9rents articles qui seront propos\u00e9s \u00e0 la vente dans les semaines \u00e0 venir.<\/p>\n<p>Les confitures ont \u00e9t\u00e9 \u00e9tiquet\u00e9es et d\u00e9cor\u00e9es. Les jeux en petits galets vernis. Les mini sapins en pommes de pin agr\u00e9ment\u00e9s de petites boules brillantes.<\/p>\n<p>Prochainement les nombreux articles seront expos\u00e9s lors du march\u00e9 de No\u00ebl du 2 d\u00e9cembre au Centre Socioculturel d&rsquo;Orthez (lors du stage de yoga anim\u00e9 par Eva Pottier) ainsi que le 9 d\u00e9cembre lors du march\u00e9 de No\u00ebl \u00e0 Salies-de-B\u00e9arn (organis\u00e9 par les \u00ab\u00a0M\u00e9tiers d&rsquo;Antan\u00a0\u00bb).<\/p>\n<p>Ci-dessous une petite vid\u00e9o qui vous donnera un aper\u00e7u du travail des \u00ab\u00a0petites mains\u00a0\u00bb de cet atelier et, en prime une d\u00e9monstration par Adeline de la mani\u00e8re de r\u00e9aliser de jolis petits n\u0153uds en ruban, gr\u00e2ce \u00e0 une FOURCHETTE !!<\/p>\n<p><\/p>\t\t\t\t\t\t\t\t<\/div>\n\t\t\t\t<\/div>\n\t\t\t\t\t<\/div>\n\t\t<\/div>\n\t\t\t\t\t<\/div>\n\t\t<\/section>\n\t\t\t\t<section class=\"elementor-section elementor-top-section elementor-element elementor-element-a9bf383 elementor-section-boxed elementor-section-height-default elementor-section-height-default\" data-id=\"a9bf383\" data-element_type=\"section\" data-e-type=\"section\">\n\t\t\t\t\t\t<div class=\"elementor-container elementor-column-gap-default\">\n\t\t\t\t\t<div class=\"elementor-column elementor-col-100 elementor-top-column elementor-element elementor-element-9d02945\" data-id=\"9d02945\" data-element_type=\"column\" data-e-type=\"column\">\n\t\t\t<div class=\"elementor-widget-wrap elementor-element-populated\">\n\t\t\t\t\t\t<div class=\"elementor-element elementor-element-206b1df elementor-widget elementor-widget-video\" data-id=\"206b1df\" data-element_type=\"widget\" data-e-type=\"widget\" data-settings=\"{&quot;video_type&quot;:&quot;vimeo&quot;,&quot;autoplay&quot;:&quot;yes&quot;}\" data-widget_type=\"video.default\">\n\t\t\t\t<div class=\"elementor-widget-container\">\n\t\t\t\t\t\t\t<div class=\"elementor-wrapper elementor-open-inline\">\n\t\t\t<iframe class=\"elementor-video-iframe\" allowfullscreen allow=\"autoplay\" title=\"Lecteur vid\u00e9o vimeo\" src=\"https:\/\/player.vimeo.com\/video\/883717703?autoplay=1&amp;color&amp;autopause=0&amp;loop=0&amp;muted=0&amp;title=1&amp;portrait=1&amp;byline=1#t=\"><\/iframe>\t\t<\/div>\n\t\t\t\t\t\t<\/div>\n\t\t\t\t<\/div>\n\t\t\t\t\t<\/div>\n\t\t<\/div>\n\t\t\t\t\t<\/div>\n\t\t<\/section>\n\t\t\t\t<section class=\"elementor-section elementor-top-section elementor-element elementor-element-fb552b2 elementor-section-boxed elementor-section-height-default elementor-section-height-default\" data-id=\"fb552b2\" data-element_type=\"section\" data-e-type=\"section\">\n\t\t\t\t\t\t<div class=\"elementor-container elementor-column-gap-default\">\n\t\t\t\t\t<div class=\"elementor-column elementor-col-33 elementor-top-column elementor-element elementor-element-f691f04\" data-id=\"f691f04\" data-element_type=\"column\" data-e-type=\"column\">\n\t\t\t<div class=\"elementor-widget-wrap\">\n\t\t\t\t\t\t\t<\/div>\n\t\t<\/div>\n\t\t\t\t<div class=\"elementor-column elementor-col-33 elementor-top-column elementor-element elementor-element-91f7f54\" data-id=\"91f7f54\" data-element_type=\"column\" data-e-type=\"column\">\n\t\t\t<div class=\"elementor-widget-wrap elementor-element-populated\">\n\t\t\t\t\t\t<div class=\"elementor-element elementor-element-49bcf86 elementor-widget elementor-widget-image\" data-id=\"49bcf86\" data-element_type=\"widget\" data-e-type=\"widget\" data-widget_type=\"image.default\">\n\t\t\t\t<div class=\"elementor-widget-container\">\n\t\t\t\t\t\t\t\t\t\t\t\t\t\t\t\t<a href=\"https:\/\/i0.wp.com\/vsf64.fr\/wp-content\/uploads\/2023\/11\/Apres-midi-Yoga-CSC-2023-all.jpg\" data-elementor-open-lightbox=\"yes\" data-elementor-lightbox-title=\"Apr\u00e8s-midi Yoga CSC 2023 all\" data-e-action-hash=\"#elementor-action%3Aaction%3Dlightbox%26settings%3DeyJpZCI6MTQ4MywidXJsIjoiaHR0cHM6XC9cL3ZzZjY0LmZyXC93cC1jb250ZW50XC91cGxvYWRzXC8yMDIzXC8xMVwvQXByZXMtbWlkaS1Zb2dhLUNTQy0yMDIzLWFsbC5qcGcifQ%3D%3D\" data-rel=\"lightbox-image-0\" data-rl_title=\"\" data-rl_caption=\"\" title=\"\">\n\t\t\t\t\t\t\t<img fetchpriority=\"high\" decoding=\"async\" data-attachment-id=\"1483\" data-permalink=\"https:\/\/vsf64.fr\/index.php\/2023\/11\/12\/les-ateliers-creatifs-vsf\/apres-midi-yoga-csc-2023-all\/\" data-orig-file=\"https:\/\/i0.wp.com\/vsf64.fr\/wp-content\/uploads\/2023\/11\/Apres-midi-Yoga-CSC-2023-all.jpg?fit=1181%2C1594&amp;ssl=1\" data-orig-size=\"1181,1594\" data-comments-opened=\"0\" data-image-meta=\"{&quot;aperture&quot;:&quot;0&quot;,&quot;credit&quot;:&quot;&quot;,&quot;camera&quot;:&quot;&quot;,&quot;caption&quot;:&quot;&quot;,&quot;created_timestamp&quot;:&quot;0&quot;,&quot;copyright&quot;:&quot;&quot;,&quot;focal_length&quot;:&quot;0&quot;,&quot;iso&quot;:&quot;0&quot;,&quot;shutter_speed&quot;:&quot;0&quot;,&quot;title&quot;:&quot;&quot;,&quot;orientation&quot;:&quot;0&quot;}\" data-image-title=\"Apr\u00e8s-midi Yoga CSC 2023 all\" data-image-description=\"\" data-image-caption=\"\" data-large-file=\"https:\/\/i0.wp.com\/vsf64.fr\/wp-content\/uploads\/2023\/11\/Apres-midi-Yoga-CSC-2023-all.jpg?fit=640%2C863&amp;ssl=1\" width=\"640\" height=\"863\" src=\"https:\/\/i0.wp.com\/vsf64.fr\/wp-content\/uploads\/2023\/11\/Apres-midi-Yoga-CSC-2023-all.jpg?fit=640%2C863&amp;ssl=1\" class=\"attachment-large size-large wp-image-1483\" alt=\"\" srcset=\"https:\/\/i0.wp.com\/vsf64.fr\/wp-content\/uploads\/2023\/11\/Apres-midi-Yoga-CSC-2023-all.jpg?w=1181&amp;ssl=1 1181w, https:\/\/i0.wp.com\/vsf64.fr\/wp-content\/uploads\/2023\/11\/Apres-midi-Yoga-CSC-2023-all.jpg?resize=222%2C300&amp;ssl=1 222w, https:\/\/i0.wp.com\/vsf64.fr\/wp-content\/uploads\/2023\/11\/Apres-midi-Yoga-CSC-2023-all.jpg?resize=759%2C1024&amp;ssl=1 759w, https:\/\/i0.wp.com\/vsf64.fr\/wp-content\/uploads\/2023\/11\/Apres-midi-Yoga-CSC-2023-all.jpg?resize=768%2C1037&amp;ssl=1 768w, https:\/\/i0.wp.com\/vsf64.fr\/wp-content\/uploads\/2023\/11\/Apres-midi-Yoga-CSC-2023-all.jpg?resize=1138%2C1536&amp;ssl=1 1138w\" sizes=\"(max-width: 640px) 100vw, 640px\" data-attachment-id=\"1483\" data-permalink=\"https:\/\/vsf64.fr\/index.php\/2023\/11\/12\/les-ateliers-creatifs-vsf\/apres-midi-yoga-csc-2023-all\/\" data-orig-file=\"https:\/\/i0.wp.com\/vsf64.fr\/wp-content\/uploads\/2023\/11\/Apres-midi-Yoga-CSC-2023-all.jpg?fit=1181%2C1594&amp;ssl=1\" data-orig-size=\"1181,1594\" data-comments-opened=\"0\" data-image-meta=\"{&quot;aperture&quot;:&quot;0&quot;,&quot;credit&quot;:&quot;&quot;,&quot;camera&quot;:&quot;&quot;,&quot;caption&quot;:&quot;&quot;,&quot;created_timestamp&quot;:&quot;0&quot;,&quot;copyright&quot;:&quot;&quot;,&quot;focal_length&quot;:&quot;0&quot;,&quot;iso&quot;:&quot;0&quot;,&quot;shutter_speed&quot;:&quot;0&quot;,&quot;title&quot;:&quot;&quot;,&quot;orientation&quot;:&quot;0&quot;}\" data-image-title=\"Apr\u00e8s-midi Yoga CSC 2023 all\" data-image-description=\"\" data-image-caption=\"\" data-large-file=\"https:\/\/i0.wp.com\/vsf64.fr\/wp-content\/uploads\/2023\/11\/Apres-midi-Yoga-CSC-2023-all.jpg?fit=640%2C863&amp;ssl=1\" \/>\t\t\t\t\t\t\t\t<\/a>\n\t\t\t\t\t\t\t\t\t\t\t\t\t\t\t<\/div>\n\t\t\t\t<\/div>\n\t\t\t\t\t<\/div>\n\t\t<\/div>\n\t\t\t\t<div class=\"elementor-column elementor-col-33 elementor-top-column elementor-element elementor-element-7ac71e3\" data-id=\"7ac71e3\" data-element_type=\"column\" data-e-type=\"column\">\n\t\t\t<div class=\"elementor-widget-wrap\">\n\t\t\t\t\t\t\t<\/div>\n\t\t<\/div>\n\t\t\t\t\t<\/div>\n\t\t<\/section>\n\t\t\t\t<\/div>\n\t\t","protected":false},"excerpt":{"rendered":"<p>Les petites mains en action Ce samedi 11 novembre, les 11 participants \u00e0 l&rsquo;atelier VSF (Villages Sans Fronti\u00e8res) \u00e9taient pr\u00e9sents pour pr\u00e9parer diff\u00e9rents articles qui seront propos\u00e9s \u00e0 la vente dans les semaines \u00e0 venir. Les confitures ont \u00e9t\u00e9 \u00e9tiquet\u00e9es &hellip; <a href=\"https:\/\/vsf64.fr\/index.php\/2023\/11\/12\/les-ateliers-creatifs-vsf\/\">Continuer la lecture <span class=\"meta-nav\">&rarr;<\/span><\/a><\/p>\n","protected":false},"author":1,"featured_media":0,"comment_status":"open","ping_status":"open","sticky":false,"template":"","format":"standard","meta":{"jetpack_post_was_ever_published":false,"_jetpack_newsletter_access":"","_jetpack_dont_email_post_to_subs":false,"_jetpack_newsletter_tier_id":0,"_jetpack_memberships_contains_paywalled_content":false,"_jetpack_memberships_contains_paid_content":false,"footnotes":"","jetpack_publicize_message":"","jetpack_publicize_feature_enabled":true,"jetpack_social_post_already_shared":true,"jetpack_social_options":{"image_generator_settings":{"template":"highway","default_image_id":0,"font":"","enabled":false},"version":2}},"categories":[1],"tags":[],"class_list":["post-1481","post","type-post","status-publish","format-standard","hentry","category-non-classe"],"jetpack_publicize_connections":[],"jetpack_featured_media_url":"","jetpack_sharing_enabled":true,"jetpack_shortlink":"https:\/\/wp.me\/p8Gxst-nT","jetpack-related-posts":[{"id":603,"url":"https:\/\/vsf64.fr\/index.php\/2018\/11\/04\/les-mains-creatives-de-vsf\/","url_meta":{"origin":1481,"position":0},"title":"Les mains cr\u00e9atives de VSF","author":"maria64","date":"4 novembre 2018","format":false,"excerpt":"Ensemble et solidaires Ce samedi 27 octobre de nombreuses petites mains ont d\u00e9coup\u00e9,\u00a0 coll\u00e9, ficel\u00e9, emball\u00e9, cousu et d\u00e9cor\u00e9 des pots de confiture, des Soli'Sapins en tissu et en bois ainsi que des bijoux. Chacun a pu fabriquer des objets qui seront vendus pour les f\u00eates de fin d'ann\u00e9e au\u2026","rel":"","context":"Dans &quot;Actions&quot;","block_context":{"text":"Actions","link":"https:\/\/vsf64.fr\/index.php\/category\/actions\/"},"img":{"alt_text":"","src":"https:\/\/i0.wp.com\/vsf64.fr\/wp-content\/uploads\/2018\/11\/P1120352-Copier.jpg?fit=1200%2C462&ssl=1&resize=350%2C200","width":350,"height":200,"srcset":"https:\/\/i0.wp.com\/vsf64.fr\/wp-content\/uploads\/2018\/11\/P1120352-Copier.jpg?fit=1200%2C462&ssl=1&resize=350%2C200 1x, https:\/\/i0.wp.com\/vsf64.fr\/wp-content\/uploads\/2018\/11\/P1120352-Copier.jpg?fit=1200%2C462&ssl=1&resize=525%2C300 1.5x, https:\/\/i0.wp.com\/vsf64.fr\/wp-content\/uploads\/2018\/11\/P1120352-Copier.jpg?fit=1200%2C462&ssl=1&resize=700%2C400 2x, https:\/\/i0.wp.com\/vsf64.fr\/wp-content\/uploads\/2018\/11\/P1120352-Copier.jpg?fit=1200%2C462&ssl=1&resize=1050%2C600 3x"},"classes":[]},{"id":1664,"url":"https:\/\/vsf64.fr\/index.php\/2024\/09\/04\/vsf-fete-ses-40-ans\/","url_meta":{"origin":1481,"position":1},"title":"VSF f\u00eate ses 40 ans !","author":"maria64","date":"4 septembre 2024","format":false,"excerpt":"Un bel anniversaire Nous f\u00eatons cette ann\u00e9e les 40 ans d'existence de notre association qui a \u00e9t\u00e9 donc cr\u00e9\u00e9e en 1984 par ses fondateurs Guy et Greet Barth\u00e9lemy. Les \"petites mains\" de Villages Sans Fronti\u00e8res se sont d\u00e9j\u00e0 r\u00e9unies plusieurs fois pour d\u00e9corer et \u00e9tiqueter les tr\u00e8s nombreux pots de\u2026","rel":"","context":"Dans &quot;Non class\u00e9&quot;","block_context":{"text":"Non class\u00e9","link":"https:\/\/vsf64.fr\/index.php\/category\/non-classe\/"},"img":{"alt_text":"","src":"https:\/\/i0.wp.com\/vsf64.fr\/wp-content\/uploads\/2024\/09\/pub-FB-pour-artisans-.jpg?resize=350%2C200&ssl=1","width":350,"height":200,"srcset":"https:\/\/i0.wp.com\/vsf64.fr\/wp-content\/uploads\/2024\/09\/pub-FB-pour-artisans-.jpg?resize=350%2C200&ssl=1 1x, https:\/\/i0.wp.com\/vsf64.fr\/wp-content\/uploads\/2024\/09\/pub-FB-pour-artisans-.jpg?resize=525%2C300&ssl=1 1.5x"},"classes":[]},{"id":564,"url":"https:\/\/vsf64.fr\/index.php\/2018\/08\/20\/apres-midi-creation\/","url_meta":{"origin":1481,"position":2},"title":"Apr\u00e8s-midi cr\u00e9ation","author":"maria64","date":"20 ao\u00fbt 2018","format":false,"excerpt":"Ce samedi les petites \"mains cr\u00e9atives\" du B\u00e9arn ont \u00e9t\u00e9 bien occup\u00e9es \u00e0 pr\u00e9parer le stand qui se tiendra \u00e0 la F\u00eate du Sel de Salies-de-B\u00e9arn (8 et 9 septembre). Des bijoux ont \u00e9t\u00e9 r\u00e9alis\u00e9s, des \u00e9tiquettes coll\u00e9es, des pots de miel d\u00e9cor\u00e9s, et des cr\u00e9ations en tissus rembourr\u00e9es. Merci\u2026","rel":"","context":"Dans &quot;Actions&quot;","block_context":{"text":"Actions","link":"https:\/\/vsf64.fr\/index.php\/category\/actions\/"},"img":{"alt_text":"","src":"https:\/\/i0.wp.com\/vsf64.fr\/wp-content\/uploads\/2018\/08\/P1120242-Copier.jpg?fit=1200%2C900&ssl=1&resize=350%2C200","width":350,"height":200,"srcset":"https:\/\/i0.wp.com\/vsf64.fr\/wp-content\/uploads\/2018\/08\/P1120242-Copier.jpg?fit=1200%2C900&ssl=1&resize=350%2C200 1x, https:\/\/i0.wp.com\/vsf64.fr\/wp-content\/uploads\/2018\/08\/P1120242-Copier.jpg?fit=1200%2C900&ssl=1&resize=525%2C300 1.5x, https:\/\/i0.wp.com\/vsf64.fr\/wp-content\/uploads\/2018\/08\/P1120242-Copier.jpg?fit=1200%2C900&ssl=1&resize=700%2C400 2x, https:\/\/i0.wp.com\/vsf64.fr\/wp-content\/uploads\/2018\/08\/P1120242-Copier.jpg?fit=1200%2C900&ssl=1&resize=1050%2C600 3x"},"classes":[]},{"id":1401,"url":"https:\/\/vsf64.fr\/index.php\/2023\/01\/08\/une-annee-pleine-de-projets\/","url_meta":{"origin":1481,"position":3},"title":"Une ann\u00e9e pleine de projets !","author":"maria64","date":"8 janvier 2023","format":false,"excerpt":"Tous nos v\u0153ux pour une belle ann\u00e9e 2023 ! L'ann\u00e9e 2022 s'est termin\u00e9e pour Villages Sans Fronti\u00e8res avec des actions qui ont mobilis\u00e9 ses membres pour un stage de yoga au Centre Socioculturel d'Orthez suivi d'un petit march\u00e9 de No\u00ebl, puis d\u00e9but d\u00e9cembre un march\u00e9 de No\u00ebl \u00e0 Salies-de-B\u00e9arn. En\u2026","rel":"","context":"Dans &quot;Non class\u00e9&quot;","block_context":{"text":"Non class\u00e9","link":"https:\/\/vsf64.fr\/index.php\/category\/non-classe\/"},"img":{"alt_text":"","src":"https:\/\/i0.wp.com\/vsf64.fr\/wp-content\/uploads\/2023\/01\/1673200111411-Copier.png?resize=350%2C200","width":350,"height":200,"srcset":"https:\/\/i0.wp.com\/vsf64.fr\/wp-content\/uploads\/2023\/01\/1673200111411-Copier.png?resize=350%2C200 1x, https:\/\/i0.wp.com\/vsf64.fr\/wp-content\/uploads\/2023\/01\/1673200111411-Copier.png?resize=525%2C300 1.5x"},"classes":[]},{"id":370,"url":"https:\/\/vsf64.fr\/index.php\/2016\/12\/07\/creativite-sans-frontieres\/","url_meta":{"origin":1481,"position":4},"title":"Cr\u00e9ativit\u00e9 sans fronti\u00e8res","author":"maria64","date":"7 d\u00e9cembre 2016","format":false,"excerpt":"La cr\u00e9ativit\u00e9, qui met l\u2019humain au premier plan est un facteur de libert\u00e9 et d\u2019expression de tous. C\u2019est ce qu\u2019avaient bien compris Greet et Guy Barth\u00e9lemy, \u0153uvrant \u00e0 ce que chaque personne, quelles que soient ses entraves personnelles et sociales,\u00a0 puisse se lib\u00e9rer en cr\u00e9ant, en faisant ensemble. Avec l'argent\u2026","rel":"","context":"Dans &quot;Actions&quot;","block_context":{"text":"Actions","link":"https:\/\/vsf64.fr\/index.php\/category\/actions\/"},"img":{"alt_text":"vente artisanale VSF 2016","src":"https:\/\/i0.wp.com\/vsf64.fr\/wp-content\/uploads\/2016\/12\/P1050622-Copier.jpg?fit=1200%2C900&ssl=1&resize=350%2C200","width":350,"height":200,"srcset":"https:\/\/i0.wp.com\/vsf64.fr\/wp-content\/uploads\/2016\/12\/P1050622-Copier.jpg?fit=1200%2C900&ssl=1&resize=350%2C200 1x, https:\/\/i0.wp.com\/vsf64.fr\/wp-content\/uploads\/2016\/12\/P1050622-Copier.jpg?fit=1200%2C900&ssl=1&resize=525%2C300 1.5x, https:\/\/i0.wp.com\/vsf64.fr\/wp-content\/uploads\/2016\/12\/P1050622-Copier.jpg?fit=1200%2C900&ssl=1&resize=700%2C400 2x, https:\/\/i0.wp.com\/vsf64.fr\/wp-content\/uploads\/2016\/12\/P1050622-Copier.jpg?fit=1200%2C900&ssl=1&resize=1050%2C600 3x"},"classes":[]},{"id":1348,"url":"https:\/\/vsf64.fr\/index.php\/2022\/06\/21\/les-petites-mains-en-action\/","url_meta":{"origin":1481,"position":5},"title":"Les petites mains en action","author":"maria64","date":"21 juin 2022","format":false,"excerpt":"\u00a0 Pour moins gaspiller Depuis quelques semaines, des petites mains coupent, assemblent et cousent des dizaines et des dizaines de carr\u00e9s de tissus doux et color\u00e9s (coton et fibre de bambou). Ce sont des lingettes d\u00e9maquillantes lavables en machine qui permettront d'\u00e9viter de gaspiller du coton. Un petit geste qui\u2026","rel":"","context":"Dans &quot;Non class\u00e9&quot;","block_context":{"text":"Non class\u00e9","link":"https:\/\/vsf64.fr\/index.php\/category\/non-classe\/"},"img":{"alt_text":"","src":"https:\/\/i0.wp.com\/vsf64.fr\/wp-content\/uploads\/2022\/06\/signal-2022-06-26-144750_009-300x130.jpeg?resize=350%2C200","width":350,"height":200},"classes":[]}],"_links":{"self":[{"href":"https:\/\/vsf64.fr\/index.php\/wp-json\/wp\/v2\/posts\/1481","targetHints":{"allow":["GET"]}}],"collection":[{"href":"https:\/\/vsf64.fr\/index.php\/wp-json\/wp\/v2\/posts"}],"about":[{"href":"https:\/\/vsf64.fr\/index.php\/wp-json\/wp\/v2\/types\/post"}],"author":[{"embeddable":true,"href":"https:\/\/vsf64.fr\/index.php\/wp-json\/wp\/v2\/users\/1"}],"replies":[{"embeddable":true,"href":"https:\/\/vsf64.fr\/index.php\/wp-json\/wp\/v2\/comments?post=1481"}],"version-history":[{"count":10,"href":"https:\/\/vsf64.fr\/index.php\/wp-json\/wp\/v2\/posts\/1481\/revisions"}],"predecessor-version":[{"id":1492,"href":"https:\/\/vsf64.fr\/index.php\/wp-json\/wp\/v2\/posts\/1481\/revisions\/1492"}],"wp:attachment":[{"href":"https:\/\/vsf64.fr\/index.php\/wp-json\/wp\/v2\/media?parent=1481"}],"wp:term":[{"taxonomy":"category","embeddable":true,"href":"https:\/\/vsf64.fr\/index.php\/wp-json\/wp\/v2\/categories?post=1481"},{"taxonomy":"post_tag","embeddable":true,"href":"https:\/\/vsf64.fr\/index.php\/wp-json\/wp\/v2\/tags?post=1481"}],"curies":[{"name":"wp","href":"https:\/\/api.w.org\/{rel}","templated":true}]}}