{"id":1437,"date":"2023-04-30T17:01:42","date_gmt":"2023-04-30T16:01:42","guid":{"rendered":"https:\/\/vsf64.fr\/?p=1437"},"modified":"2023-04-30T17:36:22","modified_gmt":"2023-04-30T16:36:22","slug":"dans-la-presse","status":"publish","type":"post","link":"https:\/\/vsf64.fr\/index.php\/2023\/04\/30\/dans-la-presse\/","title":{"rendered":"Dans la presse"},"content":{"rendered":"\n<h3 style=\"text-align: center;\"><span style=\"text-decoration: underline;\">Bilan\u00a0 2022<\/span><\/h3>\n<p>Gr\u00e2ce \u00e0 notre correspondant local personnel, le r\u00e9sum\u00e9 de notre derni\u00e8re Assembl\u00e9e G\u00e9n\u00e9rale a \u00e9t\u00e9 publi\u00e9 sur le journal La R\u00e9publique. Merci \u00e0 lui !<\/p>\n<p><a href=\"https:\/\/i0.wp.com\/vsf64.fr\/wp-content\/uploads\/2023\/04\/article-2023-Copier.jpg\" data-rel=\"lightbox-image-0\" data-rl_title=\"\" data-rl_caption=\"\" title=\"\"><img data-recalc-dims=\"1\" fetchpriority=\"high\" decoding=\"async\" data-attachment-id=\"1447\" data-permalink=\"https:\/\/vsf64.fr\/index.php\/2023\/04\/30\/dans-la-presse\/article-2023-copier\/\" data-orig-file=\"https:\/\/i0.wp.com\/vsf64.fr\/wp-content\/uploads\/2023\/04\/article-2023-Copier.jpg?fit=580%2C768&amp;ssl=1\" data-orig-size=\"580,768\" data-comments-opened=\"0\" data-image-meta=\"{&quot;aperture&quot;:&quot;0&quot;,&quot;credit&quot;:&quot;Picasa&quot;,&quot;camera&quot;:&quot;&quot;,&quot;caption&quot;:&quot;&quot;,&quot;created_timestamp&quot;:&quot;1682868964&quot;,&quot;copyright&quot;:&quot;&quot;,&quot;focal_length&quot;:&quot;0&quot;,&quot;iso&quot;:&quot;0&quot;,&quot;shutter_speed&quot;:&quot;0&quot;,&quot;title&quot;:&quot;&quot;,&quot;orientation&quot;:&quot;1&quot;}\" data-image-title=\"article La R\u00e9publique 2023\" data-image-description=\"\" data-image-caption=\"\" data-large-file=\"https:\/\/i0.wp.com\/vsf64.fr\/wp-content\/uploads\/2023\/04\/article-2023-Copier.jpg?fit=580%2C768&amp;ssl=1\" class=\"aligncenter size-full wp-image-1447\" src=\"https:\/\/i0.wp.com\/vsf64.fr\/wp-content\/uploads\/2023\/04\/article-2023-Copier.jpg?resize=580%2C768\" alt=\"\" width=\"580\" height=\"768\" srcset=\"https:\/\/i0.wp.com\/vsf64.fr\/wp-content\/uploads\/2023\/04\/article-2023-Copier.jpg?w=580&amp;ssl=1 580w, https:\/\/i0.wp.com\/vsf64.fr\/wp-content\/uploads\/2023\/04\/article-2023-Copier.jpg?resize=227%2C300&amp;ssl=1 227w\" sizes=\"(max-width: 580px) 100vw, 580px\" \/><\/a><\/p>\n","protected":false},"excerpt":{"rendered":"<p>Bilan\u00a0 2022 Gr\u00e2ce \u00e0 notre correspondant local personnel, le r\u00e9sum\u00e9 de notre derni\u00e8re Assembl\u00e9e G\u00e9n\u00e9rale a \u00e9t\u00e9 publi\u00e9 sur le journal La R\u00e9publique. Merci \u00e0 lui !<\/p>\n","protected":false},"author":1,"featured_media":0,"comment_status":"open","ping_status":"open","sticky":false,"template":"","format":"standard","meta":{"jetpack_post_was_ever_published":false,"_jetpack_newsletter_access":"","_jetpack_dont_email_post_to_subs":false,"_jetpack_newsletter_tier_id":0,"_jetpack_memberships_contains_paywalled_content":false,"_jetpack_memberships_contains_paid_content":false,"footnotes":"","jetpack_publicize_message":"","jetpack_publicize_feature_enabled":true,"jetpack_social_post_already_shared":true,"jetpack_social_options":{"image_generator_settings":{"template":"highway","default_image_id":0,"font":"","enabled":false},"version":2}},"categories":[1],"tags":[],"class_list":["post-1437","post","type-post","status-publish","format-standard","hentry","category-non-classe"],"jetpack_publicize_connections":[],"jetpack_featured_media_url":"","jetpack_sharing_enabled":true,"jetpack_shortlink":"https:\/\/wp.me\/p8Gxst-nb","jetpack-related-posts":[{"id":1611,"url":"https:\/\/vsf64.fr\/index.php\/2024\/04\/27\/notre-assemblee-generale-a-eu-lieu\/","url_meta":{"origin":1437,"position":0},"title":"Notre Assembl\u00e9e G\u00e9n\u00e9rale a eu lieu","author":"maria64","date":"27 avril 2024","format":false,"excerpt":"Le bilan de l'ann\u00e9e 2023 Comme le d\u00e9crit si bien Jean-Fran\u00e7ois dans l'article ci-dessous, l'ann\u00e9e 2023 a \u00e9t\u00e9 active, pour Villages Sans Fronti\u00e8res et ses membres.","rel":"","context":"Dans &quot;Non class\u00e9&quot;","block_context":{"text":"Non class\u00e9","link":"https:\/\/vsf64.fr\/index.php\/category\/non-classe\/"},"img":{"alt_text":"","src":"https:\/\/i0.wp.com\/vsf64.fr\/wp-content\/uploads\/2024\/04\/Article-la-Rep-suite-AG-Copier.png?resize=350%2C200&ssl=1","width":350,"height":200,"srcset":"https:\/\/i0.wp.com\/vsf64.fr\/wp-content\/uploads\/2024\/04\/Article-la-Rep-suite-AG-Copier.png?resize=350%2C200&ssl=1 1x, https:\/\/i0.wp.com\/vsf64.fr\/wp-content\/uploads\/2024\/04\/Article-la-Rep-suite-AG-Copier.png?resize=525%2C300&ssl=1 1.5x"},"classes":[]},{"id":1383,"url":"https:\/\/vsf64.fr\/index.php\/2022\/12\/04\/notre-catalogue-de-noel-2022\/","url_meta":{"origin":1437,"position":1},"title":"Notre catalogue de No\u00ebl 2022","author":"maria64","date":"4 d\u00e9cembre 2022","format":false,"excerpt":"Les articles en vente Depuis quelques ann\u00e9es maintenant, nous proposons sur notre site les diff\u00e9rents articles que nous vendons - toujours au b\u00e9n\u00e9fice des plus pauvres. En effet, toutes les sommes r\u00e9colt\u00e9es sont destin\u00e9es \u00e0 financer des projets et actions en Inde. Tous les membres de notre petite association sont\u2026","rel":"","context":"Dans &quot;Actions&quot;","block_context":{"text":"Actions","link":"https:\/\/vsf64.fr\/index.php\/category\/actions\/"},"img":{"alt_text":"","src":"https:\/\/i0.wp.com\/vsf64.fr\/wp-content\/uploads\/2022\/12\/signal-2022-12-04-160210_002.jpeg?fit=675%2C1200&ssl=1&resize=350%2C200","width":350,"height":200,"srcset":"https:\/\/i0.wp.com\/vsf64.fr\/wp-content\/uploads\/2022\/12\/signal-2022-12-04-160210_002.jpeg?fit=675%2C1200&ssl=1&resize=350%2C200 1x, https:\/\/i0.wp.com\/vsf64.fr\/wp-content\/uploads\/2022\/12\/signal-2022-12-04-160210_002.jpeg?fit=675%2C1200&ssl=1&resize=525%2C300 1.5x"},"classes":[]},{"id":743,"url":"https:\/\/vsf64.fr\/index.php\/2020\/11\/03\/notre-catalogue-2020\/","url_meta":{"origin":1437,"position":2},"title":"Notre catalogue 2020","author":"maria64","date":"3 novembre 2020","format":false,"excerpt":"Cadeaux solidairesDepuis plusieurs ann\u00e9es les membres et amis de Villages Sans Fronti\u00e8res se sont r\u00e9unis lors d'ateliers cr\u00e9atifs (ou ont r\u00e9alis\u00e9s des cr\u00e9ations chez eux) pour confectionner des articles \u00e0 vendre.Ces articles sont vendus au b\u00e9n\u00e9fice des actions soutenues par notre association (parrainage, soutien \u00e0 des coop\u00e9ratives f\u00e9minines, protection des\u2026","rel":"","context":"Dans &quot;Actions&quot;","block_context":{"text":"Actions","link":"https:\/\/vsf64.fr\/index.php\/category\/actions\/"},"img":{"alt_text":"","src":"https:\/\/i0.wp.com\/vsf64.fr\/wp-content\/uploads\/2020\/11\/Catalogue3-P1-Copier.jpg?fit=543%2C768&ssl=1&resize=350%2C200","width":350,"height":200,"srcset":"https:\/\/i0.wp.com\/vsf64.fr\/wp-content\/uploads\/2020\/11\/Catalogue3-P1-Copier.jpg?fit=543%2C768&ssl=1&resize=350%2C200 1x, https:\/\/i0.wp.com\/vsf64.fr\/wp-content\/uploads\/2020\/11\/Catalogue3-P1-Copier.jpg?fit=543%2C768&ssl=1&resize=525%2C300 1.5x"},"classes":[]},{"id":1622,"url":"https:\/\/vsf64.fr\/index.php\/2024\/05\/09\/adieu-lami\/","url_meta":{"origin":1437,"position":3},"title":"Adieu l&rsquo;ami !","author":"maria64","date":"9 mai 2024","format":false,"excerpt":"\u00c9ric nous a quitt\u00e9... Dans le c\u0153ur de notre petite association, une \u00e9toile s\u2019est \u00e9teinte, laissant derri\u00e8re elle un grand vide. Eric, notre ami, nous a quitt\u00e9s, laissant derri\u00e8re lui des souvenirs de cr\u00e9ativit\u00e9, de po\u00e9sie et de gentillesse qui continuera \u00e0 nous inspirer. Eric \u00e9tait bien plus qu\u2019un simple\u2026","rel":"","context":"Dans &quot;Non class\u00e9&quot;","block_context":{"text":"Non class\u00e9","link":"https:\/\/vsf64.fr\/index.php\/category\/non-classe\/"},"img":{"alt_text":"","src":"https:\/\/i0.wp.com\/vsf64.fr\/wp-content\/uploads\/2024\/05\/P1140118-1024x768.jpg?resize=350%2C200&ssl=1","width":350,"height":200,"srcset":"https:\/\/i0.wp.com\/vsf64.fr\/wp-content\/uploads\/2024\/05\/P1140118-1024x768.jpg?resize=350%2C200&ssl=1 1x, https:\/\/i0.wp.com\/vsf64.fr\/wp-content\/uploads\/2024\/05\/P1140118-1024x768.jpg?resize=525%2C300&ssl=1 1.5x"},"classes":[]},{"id":1796,"url":"https:\/\/vsf64.fr\/index.php\/2025\/10\/13\/elle-est-partie\/","url_meta":{"origin":1437,"position":4},"title":"Elle est partie&#8230;","author":"maria64","date":"13 octobre 2025","format":false,"excerpt":"Notre grande amie \u00c9lisabeth C'est avec beaucoup de tristesse que nous avons appris le d\u00e9part d\u2019\u00c9lisabeth. Plus loin que la R\u00e9union, au-del\u00e0 des oc\u00e9ans, elle nous a quitt\u00e9. Et pourtant elle sera pourtant toujours pr\u00e9sente pour nous \u00e0 travers des milliers de choses dans la vie quotidienne, des centaines de\u2026","rel":"","context":"Dans &quot;Non class\u00e9&quot;","block_context":{"text":"Non class\u00e9","link":"https:\/\/vsf64.fr\/index.php\/category\/non-classe\/"},"img":{"alt_text":"","src":"https:\/\/i0.wp.com\/vsf64.fr\/wp-content\/uploads\/2025\/10\/Elisabeth.jpg?resize=350%2C200&ssl=1","width":350,"height":200,"srcset":"https:\/\/i0.wp.com\/vsf64.fr\/wp-content\/uploads\/2025\/10\/Elisabeth.jpg?resize=350%2C200&ssl=1 1x, https:\/\/i0.wp.com\/vsf64.fr\/wp-content\/uploads\/2025\/10\/Elisabeth.jpg?resize=525%2C300&ssl=1 1.5x, https:\/\/i0.wp.com\/vsf64.fr\/wp-content\/uploads\/2025\/10\/Elisabeth.jpg?resize=700%2C400&ssl=1 2x"},"classes":[]},{"id":348,"url":"https:\/\/vsf64.fr\/index.php\/2016\/09\/23\/la-page-facebook-de-villages-sans-frontieres\/","url_meta":{"origin":1437,"position":5},"title":"La page Facebook de Villages Sans Fronti\u00e8res","author":"maria64","date":"23 septembre 2016","format":false,"excerpt":"Notre association a maintenant une page Facebook, en plus d'un site (vsf64.fr) Afin de nous faire conna\u00eetre et surtout pour pouvoir nous trouver sur les moteurs de recherches (Google et autres), nous avons besoin de vous ! Vous pouvez nous aider: En allant sur notre page Facebook : Facebook Villages\u2026","rel":"","context":"Dans &quot;Non class\u00e9&quot;","block_context":{"text":"Non class\u00e9","link":"https:\/\/vsf64.fr\/index.php\/category\/non-classe\/"},"img":{"alt_text":"Facebook j'aime","src":"https:\/\/i0.wp.com\/vsf64.fr\/wp-content\/uploads\/2016\/09\/serveimage.gif?resize=350%2C200","width":350,"height":200},"classes":[]}],"_links":{"self":[{"href":"https:\/\/vsf64.fr\/index.php\/wp-json\/wp\/v2\/posts\/1437","targetHints":{"allow":["GET"]}}],"collection":[{"href":"https:\/\/vsf64.fr\/index.php\/wp-json\/wp\/v2\/posts"}],"about":[{"href":"https:\/\/vsf64.fr\/index.php\/wp-json\/wp\/v2\/types\/post"}],"author":[{"embeddable":true,"href":"https:\/\/vsf64.fr\/index.php\/wp-json\/wp\/v2\/users\/1"}],"replies":[{"embeddable":true,"href":"https:\/\/vsf64.fr\/index.php\/wp-json\/wp\/v2\/comments?post=1437"}],"version-history":[{"count":3,"href":"https:\/\/vsf64.fr\/index.php\/wp-json\/wp\/v2\/posts\/1437\/revisions"}],"predecessor-version":[{"id":1449,"href":"https:\/\/vsf64.fr\/index.php\/wp-json\/wp\/v2\/posts\/1437\/revisions\/1449"}],"wp:attachment":[{"href":"https:\/\/vsf64.fr\/index.php\/wp-json\/wp\/v2\/media?parent=1437"}],"wp:term":[{"taxonomy":"category","embeddable":true,"href":"https:\/\/vsf64.fr\/index.php\/wp-json\/wp\/v2\/categories?post=1437"},{"taxonomy":"post_tag","embeddable":true,"href":"https:\/\/vsf64.fr\/index.php\/wp-json\/wp\/v2\/tags?post=1437"}],"curies":[{"name":"wp","href":"https:\/\/api.w.org\/{rel}","templated":true}]}}